{"id":1854,"date":"2011-12-21T21:17:02","date_gmt":"2011-12-21T19:17:02","guid":{"rendered":"http:\/\/www.bbyhaber.com\/bby\/?p=1854"},"modified":"2013-02-07T13:12:48","modified_gmt":"2013-02-07T11:12:48","slug":"van-belediyesinden-kitap-okuma-etkinlikleri","status":"publish","type":"post","link":"https:\/\/www.bbyhaber.com\/bby\/2011\/12\/21\/van-belediyesinden-kitap-okuma-etkinlikleri","title":{"rendered":"Van Belediyesi&#8217;nden &#8216;kitap Okuma&#8217; Etkinlikleri"},"content":{"rendered":"<p style=\"text-align: justify;\">Van Belediyesi taraf\u0131ndan ge\u00e7en y\u0131l a\u00e7\u0131lan Berivan Halk K\u00fct\u00fcphanesi&#8217;nde haftan\u0131n \u00fc\u00e7 g\u00fcn\u00fc \u00e7ocuklara y\u00f6nelik <strong>&#8216;okuma g\u00fcnleri&#8217;<\/strong>etkinlikleri ger\u00e7ekle\u015ftirdi. K\u00fct\u00fcphanede bug\u00fcn ba\u015flayan etkinli\u011fe Van il Genel Meclis Ba\u015fkan\u0131 Semira Varl\u0131, Van Belediyesi Meclis \u00fcyesi Ay\u015fe Harmanc\u0131, g\u00f6n\u00fcll\u00fc \u00f6\u011fretmenler ve \u00f6\u011frenciler kat\u0131ld\u0131.<\/p>\n<p style=\"text-align: justify;\">Burada bir a\u00e7\u0131klama yapan Van Belediyesi Meclis \u00dcyesi Ay\u015fe Harmanc\u0131, \u00e7ad\u0131rlarda kalan \u00e7ocuklara y\u00f6nelik etkinliklerin daha \u00f6nce ba\u015flad\u0131\u011f\u0131n\u0131 belirterek, bug\u00fcn itibariyle Van Belediyesi Berivan Halk K\u00fct\u00fcphanesi&#8217;nde de <strong>&#8216;okuma g\u00fcnleri&#8217; <\/strong>d\u00fczenlediklerini ifade etti.<\/p>\n<p style=\"text-align: justify;\">\u00c7ar\u015famba, per\u015fembe ve cuma g\u00fcnlerinin k\u00fct\u00fcphane i\u00e7erisinde \u00e7e\u015fitli etkinlikler ve kitap okuma \u00e7al\u0131\u015fmalar\u0131n\u0131n yap\u0131laca\u011f\u0131n\u0131 \u00a0aktaran Harmanc\u0131, \u00e7ocuklar\u0131n deprem psikolojisinden kurtulmalar\u0131 i\u00e7in b\u00f6ylesi bir \u00e7al\u0131\u015fma yapt\u0131klar\u0131n\u0131 belirtti.<\/p>\n<p style=\"text-align: justify;\">Buradaki \u00e7al\u0131\u015fmalar\u0131n iki g\u00f6n\u00fcll\u00fc \u00f6\u011fretmen taraf\u0131ndan yap\u0131laca\u011f\u0131n\u0131 s\u00f6yleyen Harmanc\u0131, belediye olarak \u00e7ocuklar i\u00e7in ellerinden gelen \u00e7al\u0131\u015fmay\u0131 yapacaklar\u0131n\u0131 aktard\u0131.<\/p>\n<p style=\"text-align: justify;\">Kaynak: http:\/\/www.gazetevan.com<\/p>\n","protected":false},"excerpt":{"rendered":"<p>Van Belediyesi taraf\u0131ndan ge\u00e7en y\u0131l a\u00e7\u0131lan Berivan Halk K\u00fct\u00fcphanesi&#8217;nde haftan\u0131n \u00fc\u00e7 g\u00fcn\u00fc \u00e7ocuklara y\u00f6nelik &#8216;okuma g\u00fcnleri&#8217;etkinlikleri ger\u00e7ekle\u015ftirdi. K\u00fct\u00fcphanede bug\u00fcn ba\u015flayan etkinli\u011fe Van il Genel Meclis Ba\u015fkan\u0131 Semira Varl\u0131, Van Belediyesi Meclis \u00fcyesi Ay\u015fe Harmanc\u0131, g\u00f6n\u00fcll\u00fc \u00f6\u011fretmenler ve \u00f6\u011frenciler kat\u0131ld\u0131. Burada bir a\u00e7\u0131klama yapan Van Belediyesi Meclis \u00dcyesi Ay\u015fe Harmanc\u0131, \u00e7ad\u0131rlarda kalan \u00e7ocuklara y\u00f6nelik etkinliklerin daha [&hellip;]<\/p>\n","protected":false},"author":1,"featured_media":0,"comment_status":"open","ping_status":"open","sticky":false,"template":"","format":"standard","meta":{"footnotes":""},"categories":[1,1496],"tags":[],"class_list":["post-1854","post","type-post","status-publish","format-standard","hentry","category-genel","category-kitap-okuma-etkinligi"],"_links":{"self":[{"href":"https:\/\/www.bbyhaber.com\/bby\/wp-json\/wp\/v2\/posts\/1854"}],"collection":[{"href":"https:\/\/www.bbyhaber.com\/bby\/wp-json\/wp\/v2\/posts"}],"about":[{"href":"https:\/\/www.bbyhaber.com\/bby\/wp-json\/wp\/v2\/types\/post"}],"author":[{"embeddable":true,"href":"https:\/\/www.bbyhaber.com\/bby\/wp-json\/wp\/v2\/users\/1"}],"replies":[{"embeddable":true,"href":"https:\/\/www.bbyhaber.com\/bby\/wp-json\/wp\/v2\/comments?post=1854"}],"version-history":[{"count":0,"href":"https:\/\/www.bbyhaber.com\/bby\/wp-json\/wp\/v2\/posts\/1854\/revisions"}],"wp:attachment":[{"href":"https:\/\/www.bbyhaber.com\/bby\/wp-json\/wp\/v2\/media?parent=1854"}],"wp:term":[{"taxonomy":"category","embeddable":true,"href":"https:\/\/www.bbyhaber.com\/bby\/wp-json\/wp\/v2\/categories?post=1854"},{"taxonomy":"post_tag","embeddable":true,"href":"https:\/\/www.bbyhaber.com\/bby\/wp-json\/wp\/v2\/tags?post=1854"}],"curies":[{"name":"wp","href":"https:\/\/api.w.org\/{rel}","templated":true}]}}