{"id":18534,"date":"2016-03-04T14:41:21","date_gmt":"2016-03-04T12:41:21","guid":{"rendered":"http:\/\/www.bbyhaber.com\/bby\/?p=18534"},"modified":"2017-10-12T16:51:07","modified_gmt":"2017-10-12T13:51:07","slug":"kutuphane-emekcileri-sahaya-iniyor-20-mart-2016","status":"publish","type":"post","link":"https:\/\/www.bbyhaber.com\/bby\/2016\/03\/04\/kutuphane-emekcileri-sahaya-iniyor-20-mart-2016","title":{"rendered":"K\u00fct\u00fcphane Emek\u00e7ileri Sahaya \u0130niyor-20 Mart 2016"},"content":{"rendered":"<p style=\"text-align: justify;\"><a href=\"http:\/\/bbyhaber.com\/bby\/wp-content\/uploads\/2016\/02\/kutuphane-emekcileri-sahalarda.jpg\"><\/a><a href=\"http:\/\/bbyhaber.com\/bby\/wp-content\/uploads\/2016\/02\/kutuphane-emekcileri-sahalarda.jpg\"><img loading=\"lazy\" decoding=\"async\" class=\"alignleft\" title=\"k\u00fct\u00fcphaneci futbolcular\" src=\"http:\/\/bbyhaber.com\/bby\/wp-content\/uploads\/2016\/02\/kutuphane-emekcileri-sahalarda.jpg\" alt=\"\" width=\"297\" height=\"187\" \/><\/a>Her k\u00fct\u00fcphane t\u00fcr\u00fcnde hizmet veriyoruz, insanlar\u0131n bilgi ihtiyac\u0131n\u0131 kar\u015f\u0131lamaya \u00e7al\u0131\u015f\u0131yoruz. Baz\u0131 ara\u015ft\u0131rmac\u0131lar i\u00e7in zor zaman dostuyuz. \u201cBen bu kitab\u0131 nerde bulaca\u011f\u0131m?\u201d diye hay\u0131flananlar\u0131n yan\u0131ba\u015f\u0131nday\u0131z. Etkinlikler, at\u00f6lyeler, sempozyumlar, imza g\u00fcnleri yapmak i\u00e7in ko\u015fu\u015fturup duruyoruz. K\u00fc\u00e7\u00fcc\u00fck imkanlarla b\u00fcy\u00fck i\u015fler yapmaya kalk\u0131\u015facak kadar \u00e7\u0131lg\u0131nla\u015f\u0131yoruz. K\u00fct\u00fcphaneleri ayakta tutmak i\u00e7in var g\u00fcc\u00fcm\u00fczle m\u00fccadele ediyoruz.<!--more--> \u00c7o\u011fu zaman dinlenmiyoruz, k\u00fc\u00e7\u00fcmseniyoruz. Hayat\u0131nda hi\u00e7 k\u00fct\u00fcphaneye gitmemi\u015f, halk k\u00fct\u00fcphanesinden bir tane bile \u00f6d\u00fcn\u00e7 kitap almam\u0131\u015f insanlar\u0131n \u201c\u0130nternet k\u00fct\u00fcphaneyi bitirdi\u201d yaygaras\u0131yla kar\u015f\u0131la\u015f\u0131nca g\u00fcl\u00fcms\u00fcyoruz.<\/p>\n<p style=\"text-align: justify;\"><strong>\u00c7o\u011fu kez s\u00fcrg\u00fcn yeridir, bodrumdur, b\u00fct\u00e7ede yeri en son s\u0131radad\u0131r k\u00fct\u00fcphanenin<\/strong>. K\u00fct\u00fcphaneci ise tozlu raflar aras\u0131nda \u00f6m\u00fcr t\u00fcketen kitap bek\u00e7isi alg\u0131s\u0131n\u0131 a\u015famam\u0131\u015f cefakard\u0131r. Ne yaz\u0131k ki madalyonun bir y\u00fcz\u00fc b\u00f6yle. Olumsuzluklar diz boyu. Pes edecek de\u011filiz. \u00c7\u00fcnk\u00fc k\u00fct\u00fcphaneciyiz biz. Herkesin hayranl\u0131kla and\u0131\u011f\u0131 \u0130skenderiye K\u00fct\u00fcphanesinin evlatlar\u0131y\u0131z. Y\u00fczbinlerce k\u00fct\u00fcphane, bilgi merkezinini kurup insanlara yard\u0131mc\u0131 olmaktay\u0131z. Bir t\u00fcr insanl\u0131\u011f\u0131n belle\u011fini var etme m\u00fccadelesini s\u00fcrd\u00fcr\u00fcyoruz. Tablo pek parlak olmasa da k\u00fct\u00fcphaneciler olarak y\u0131lmayaca\u011f\u0131z. Sesimizi duyurmak i\u00e7in her zeminde yer alaca\u011f\u0131z.<\/p>\n<p style=\"text-align: justify;\">T\u00fcrk K\u00fct\u00fcphaneciler Derne\u011fi \u0130stanbul \u015eubesi olarak bu y\u0131l 2. futbol turnuvam\u0131z\u0131 d\u00fczenliyoruz. Kad\u0131n erkek sahada birlikte top ko\u015fturaca\u011f\u0131z. Meslekta\u015flar\u0131m\u0131z ve dostlar\u0131m\u0131zla ye\u015fil sahalarda bir araya gelece\u011fiz. <strong>Turnuvam\u0131z\u0131n temas\u0131n\u0131 k\u00fct\u00fcphaneler kapanmas\u0131n, daha iyi hizmet versin diye \u00e7\u0131rp\u0131nan k\u00fct\u00fcphane emek\u00e7ilerinin \u00f6zl\u00fck haklar\u0131 olu\u015fturacak.\u00a0<\/strong><\/p>\n<p style=\"text-align: justify;\">Her alanda \u00fcretilmi\u015f bilgiyi ihtiyac\u0131 olanlara ula\u015ft\u0131ran <strong>k\u00fct\u00fcphaneciler olarak kadro istiyor<\/strong>, <strong>e\u015fit i\u015fe e\u015fit \u00fccret istiyor, ta\u015feronsuz, g\u00fcvenceli bir \u00e7al\u0131\u015fma ya\u015fam\u0131, hayal ediyoruz<\/strong>. <strong>K\u00fct\u00fcphane yasam\u0131z olsun istiyoruz<\/strong>. \u00c7ok \u015fey mi istiyoruz? Futbol turnuvas\u0131 ile bir yandan bir araya gelip birlikte spor yapmak, oyun oynamak bir yandan da sorunlar\u0131m\u0131z\u0131 g\u00f6r\u00fcn\u00fcr k\u0131lmak, toplumsal fark\u0131ndal\u0131k yatartmak, toplumun di\u011fer kesimi taraf\u0131ndan alg\u0131lanmak, i\u015fleri birlikte s\u00fcrd\u00fcrmek istiyoruz. \u00c7\u00fcnk\u00fc k\u00fct\u00fcphaneler halk\u0131n kolektif yerleridir.<\/p>\n<p style=\"text-align: justify;\">Verdi\u011fimiz her pas, att\u0131\u011f\u0131m\u0131z her gol daha Nitelikli K\u00fct\u00fcphaneler olsun diyedir. Turnuvam\u0131z rekabeti, h\u0131rs\u0131, \u015fiddeti de\u011fil, dostlu\u011fu, karde\u015fli\u011fi, dayan\u0131\u015fma ve yard\u0131mla\u015fmay\u0131 \u00f6n planda tutacak. Futbol turnuvas\u0131n\u0131n nihayetinde bir oyun oldu\u011funu, g\u00fczel vakit ge\u00e7irmenin, sesimizi, mesle\u011fimizi duyurman\u0131n par\u00e7as\u0131 oldu\u011fununun fark\u0131nday\u0131z. Bu anlay\u0131\u015f ve ko\u015fullar\u0131 payla\u015fan t\u00fcm meslekta\u015flar\u0131m\u0131z ve dostlar\u0131m\u0131z\u0131, kitap, k\u00fct\u00fcphane severleri turnuvam\u0131zda g\u00f6rmekten mutluluk duyaca\u011f\u0131z.<\/p>\n<p style=\"text-align: justify;\"><strong>Turnuva Bilgileri<\/strong><br \/>\n<strong><span style=\"color: #0000ff;\">Turnuvam\u0131z 20 Mart 2016 Pazar g\u00fcn\u00fc Kad\u0131k\u00f6y\u2019de Kalam\u0131\u015f Gen\u00e7lik Merkezinde 14.30 \u2013 19.30 saatleri yap\u0131lacakt\u0131r.<\/span><\/strong> Turnuvada hakem olmayacakt\u0131r. Tart\u0131\u015fmal\u0131 haller o an sahada olan oyuncular\u0131n aralar\u0131nda anla\u015farak verece\u011fi kararla giderilecektir.<\/p>\n<p><strong><em>T\u00fcrk K\u00fct\u00fcphaneciler Derne\u011fi \u0130stanbul \u015eubesi<\/em><\/strong><\/p>\n","protected":false},"excerpt":{"rendered":"<p>Her k\u00fct\u00fcphane t\u00fcr\u00fcnde hizmet veriyoruz, insanlar\u0131n bilgi ihtiyac\u0131n\u0131 kar\u015f\u0131lamaya \u00e7al\u0131\u015f\u0131yoruz. Baz\u0131 ara\u015ft\u0131rmac\u0131lar i\u00e7in zor zaman dostuyuz. \u201cBen bu kitab\u0131 nerde bulaca\u011f\u0131m?\u201d diye hay\u0131flananlar\u0131n yan\u0131ba\u015f\u0131nday\u0131z. Etkinlikler, at\u00f6lyeler, sempozyumlar, imza g\u00fcnleri yapmak i\u00e7in ko\u015fu\u015fturup duruyoruz. K\u00fc\u00e7\u00fcc\u00fck imkanlarla b\u00fcy\u00fck i\u015fler yapmaya kalk\u0131\u015facak kadar \u00e7\u0131lg\u0131nla\u015f\u0131yoruz. K\u00fct\u00fcphaneleri ayakta tutmak i\u00e7in var g\u00fcc\u00fcm\u00fczle m\u00fccadele ediyoruz.<\/p>\n","protected":false},"author":1,"featured_media":0,"comment_status":"open","ping_status":"open","sticky":false,"template":"","format":"standard","meta":{"footnotes":""},"categories":[1471,1],"tags":[1461,1013],"class_list":["post-18534","post","type-post","status-publish","format-standard","hentry","category-52-kutuphane-haftasi","category-genel","tag-kutuphane-haftasi","tag-kutuphaneci-futbol-takimi"],"_links":{"self":[{"href":"https:\/\/www.bbyhaber.com\/bby\/wp-json\/wp\/v2\/posts\/18534"}],"collection":[{"href":"https:\/\/www.bbyhaber.com\/bby\/wp-json\/wp\/v2\/posts"}],"about":[{"href":"https:\/\/www.bbyhaber.com\/bby\/wp-json\/wp\/v2\/types\/post"}],"author":[{"embeddable":true,"href":"https:\/\/www.bbyhaber.com\/bby\/wp-json\/wp\/v2\/users\/1"}],"replies":[{"embeddable":true,"href":"https:\/\/www.bbyhaber.com\/bby\/wp-json\/wp\/v2\/comments?post=18534"}],"version-history":[{"count":1,"href":"https:\/\/www.bbyhaber.com\/bby\/wp-json\/wp\/v2\/posts\/18534\/revisions"}],"predecessor-version":[{"id":22795,"href":"https:\/\/www.bbyhaber.com\/bby\/wp-json\/wp\/v2\/posts\/18534\/revisions\/22795"}],"wp:attachment":[{"href":"https:\/\/www.bbyhaber.com\/bby\/wp-json\/wp\/v2\/media?parent=18534"}],"wp:term":[{"taxonomy":"category","embeddable":true,"href":"https:\/\/www.bbyhaber.com\/bby\/wp-json\/wp\/v2\/categories?post=18534"},{"taxonomy":"post_tag","embeddable":true,"href":"https:\/\/www.bbyhaber.com\/bby\/wp-json\/wp\/v2\/tags?post=18534"}],"curies":[{"name":"wp","href":"https:\/\/api.w.org\/{rel}","templated":true}]}}