{"id":1852,"date":"2011-12-21T21:13:31","date_gmt":"2011-12-21T21:13:31","guid":{"rendered":"http:\/\/www.bbyhaber.com\/bby\/?p=1852"},"modified":"2012-05-30T13:16:01","modified_gmt":"2012-05-30T13:16:01","slug":"metro-turizmden-canakkale-valiligine-otobus","status":"publish","type":"post","link":"https:\/\/www.bbyhaber.com\/bby\/2011\/12\/21\/metro-turizmden-canakkale-valiligine-otobus","title":{"rendered":"Metro Turizm\u2019den \u00c7anakkale Valili\u011fi\u2019ne otob\u00fcs"},"content":{"rendered":"<div style=\"text-align: justify;\">Valilik binas\u0131 \u00f6n\u00fcnde d\u00fczenlenen t\u00f6rende konu\u015fan Vali G\u00fcng\u00f6r Azim Tuna, Valili\u011fe otob\u00fcs hibe eden Metro Turizm y\u00f6neticilerine te\u015fekk\u00fcr etti. Metro Turizm taraf\u0131ndan hibe edilen otob\u00fcs\u00fc gezici k\u00fct\u00fcphane olarak kullanabileceklerini belirten Vali Tuna; \u201cValilik olarak \u00c7anakkale&#8217;de bar\u0131nan Vanl\u0131 depremzedelere y\u00f6nelik gezici k\u00fct\u00fcphane ya da ana s\u0131n\u0131f\u0131 olu\u015fturma projesi d\u00fc\u015f\u00fcn\u00fcyoruz. Bu projelerimize ilk olarak Metro Turizm g\u00f6n\u00fclll\u00fc oldu. \u00c7anakkale&#8217;ye \u00e7ok \u00f6nemli katk\u0131da bulundular\u201d dedi.<!--more--><\/div>\n<div style=\"text-align: justify;\">\u00c7anakkale\u2019de sosyal sorumluluk anlam\u0131nda bunun herkese \u00f6rnek olmas\u0131n\u0131 temenni eden Vali Tuna; \u201cHer y\u0131l \u00c7anakkale&#8217;ye T\u00fcrkiye&#8217;nin d\u00f6rt bir yan\u0131ndan 2, 2.5 milyon \u00e7ocu\u011fumuz ziyaret i\u00e7in geliyor. \u00dcniversitemizde okuyan binlerce \u00f6\u011frencimiz var. Otob\u00fcs, Gelibolu Yar\u0131madas\u0131&#8217;ndaki \u015fehitliklere y\u00f6nelik yapaca\u011f\u0131m\u0131z ziyaretler kapsam\u0131nda da kullan\u0131labilir. T\u00fcm bunlar\u0131 e\u011fitim \u00e7al\u0131\u015fmas\u0131 olarak g\u00f6r\u00fcyoruz. Bu kapsamda otob\u00fcs \u00e7ok i\u015fimize yarayacak\u201d diye konu\u015ftu.<\/div>\n<div style=\"text-align: justify;\">Metro Turizm olarak e\u011fitime \u00f6nem verdiklerini an\u0131msatan Metro Turizm Genel M\u00fcd\u00fcr\u00fc \u015eenol Ayy\u0131ld\u0131z ise; \u201cBu projelerde yer almaktan dolay\u0131 mutluyuz. Metro Holding Y\u00f6netim Kurulu Ba\u015fkan\u0131m\u0131z Say\u0131n Galip \u00d6zt\u00fcrk&#8217;\u00fcn e\u011fitime \u00e7ok \u00f6nem veren bir ki\u015fili\u011fi var. Sosyal sorumluluk projelerine ciddi anlamda imzalar atm\u0131\u015ft\u0131r. 5-6 y\u0131l \u00f6nce 100 okul demi\u015fti, slogan\u0131 o olmu\u015ftu. \u015eu anda 35 civar\u0131ndaki okulumuzu T\u00fcrkiye genelinde bitirdik. Bunu da bir okul olarak g\u00f6rmek istiyoruz. \u0130n\u015fallah \u00c7anakkale&#8217;de daha farkl\u0131 aktivitelerimiz de olacakt\u0131r\u201d \u015feklinde konu\u015ftu.<\/div>\n<div style=\"text-align: justify;\">Kaynak: http:\/\/www.canakkaleolay.com\/<\/div>\n","protected":false},"excerpt":{"rendered":"<p>Valilik binas\u0131 \u00f6n\u00fcnde d\u00fczenlenen t\u00f6rende konu\u015fan Vali G\u00fcng\u00f6r Azim Tuna, Valili\u011fe otob\u00fcs hibe eden Metro Turizm y\u00f6neticilerine te\u015fekk\u00fcr etti. Metro Turizm taraf\u0131ndan hibe edilen otob\u00fcs\u00fc gezici k\u00fct\u00fcphane olarak kullanabileceklerini belirten Vali Tuna; \u201cValilik olarak \u00c7anakkale&#8217;de bar\u0131nan Vanl\u0131 depremzedelere y\u00f6nelik gezici k\u00fct\u00fcphane ya da ana s\u0131n\u0131f\u0131 olu\u015fturma projesi d\u00fc\u015f\u00fcn\u00fcyoruz. Bu projelerimize ilk olarak Metro Turizm g\u00f6n\u00fclll\u00fc [&hellip;]<\/p>\n","protected":false},"author":1,"featured_media":0,"comment_status":"open","ping_status":"open","sticky":false,"template":"","format":"standard","meta":{"footnotes":""},"categories":[1486],"tags":[1440],"class_list":["post-1852","post","type-post","status-publish","format-standard","hentry","category-gezici-kutuphane","tag-gezici-kutuphaneler"],"_links":{"self":[{"href":"https:\/\/www.bbyhaber.com\/bby\/wp-json\/wp\/v2\/posts\/1852"}],"collection":[{"href":"https:\/\/www.bbyhaber.com\/bby\/wp-json\/wp\/v2\/posts"}],"about":[{"href":"https:\/\/www.bbyhaber.com\/bby\/wp-json\/wp\/v2\/types\/post"}],"author":[{"embeddable":true,"href":"https:\/\/www.bbyhaber.com\/bby\/wp-json\/wp\/v2\/users\/1"}],"replies":[{"embeddable":true,"href":"https:\/\/www.bbyhaber.com\/bby\/wp-json\/wp\/v2\/comments?post=1852"}],"version-history":[{"count":0,"href":"https:\/\/www.bbyhaber.com\/bby\/wp-json\/wp\/v2\/posts\/1852\/revisions"}],"wp:attachment":[{"href":"https:\/\/www.bbyhaber.com\/bby\/wp-json\/wp\/v2\/media?parent=1852"}],"wp:term":[{"taxonomy":"category","embeddable":true,"href":"https:\/\/www.bbyhaber.com\/bby\/wp-json\/wp\/v2\/categories?post=1852"},{"taxonomy":"post_tag","embeddable":true,"href":"https:\/\/www.bbyhaber.com\/bby\/wp-json\/wp\/v2\/tags?post=1852"}],"curies":[{"name":"wp","href":"https:\/\/api.w.org\/{rel}","templated":true}]}}