{"id":18495,"date":"2016-03-01T13:15:24","date_gmt":"2016-03-01T10:15:24","guid":{"rendered":"http:\/\/www.bbyhaber.com\/bby\/?p=18495"},"modified":"2018-08-13T15:48:12","modified_gmt":"2018-08-13T12:48:12","slug":"giderek-artan-yeni-acilan-bby-bolumlerine-prof-dr-fatos-subasioglu-aciklama-yapti","status":"publish","type":"post","link":"https:\/\/www.bbyhaber.com\/bby\/2016\/03\/01\/giderek-artan-yeni-acilan-bby-bolumlerine-prof-dr-fatos-subasioglu-aciklama-yapti","title":{"rendered":"Giderek artan yeni a\u00e7\u0131lan BBY B\u00f6l\u00fcmlerine Prof. Dr. Fato\u015f Suba\u015f\u0131o\u011flu a\u00e7\u0131klama yapt\u0131"},"content":{"rendered":"<p style=\"text-align: justify;\">&#8220;<img loading=\"lazy\" decoding=\"async\" class=\"alignleft\" src=\"http:\/\/cv.ankara.edu.tr\/duzenleme\/kisisel\/resimler\/d6317f80523fdf2a7375da19c9a006b8.jpg\" alt=\"\" width=\"134\" height=\"153\" \/><span style=\"color: #0000ff;\"><a title=\"T\u00fcrkiye\u2019deki Bilgi ve Belge Y\u00f6netimi B\u00f6l\u00fcmleri\" href=\"http:\/\/www.bbyhaber.com\/bby\/2016\/02\/27\/turkiyedeki-bilgi-ve-belge-yonetimi-bolumleri\/\" target=\"_blank\"><span style=\"color: #0000ff;\">T\u00fcrkiye\u2019deki Bilgi ve Belge Y\u00f6netimi B\u00f6l\u00fcmleri<\/span><\/a><\/span>&#8221; ba\u015fl\u0131\u011f\u0131 ile 27 \u015eubat 2016 tarihinde bbyhaber&#8217;de yay\u0131nlanan haber i\u00e7eri\u011fine dair Ankara \u00dcniversitesi BBY B\u00f6l\u00fcm\u00fc&#8217;nde g\u00f6revli <a href=\"http:\/\/cv.ankara.edu.tr\/subasioglu@ankara.edu.tr\" target=\"_blank\"><span style=\"color: #0000ff;\">Prof. Dr. Fato\u015f Suba\u015f\u0131o\u011flu<\/span><\/a> hocam\u0131z, son y\u0131llarda say\u0131s\u0131 h\u0131zla artan BBY B\u00f6l\u00fcmlerine ili\u015fkin olarak 2014 y\u0131l\u0131nda Y\u00d6K&#8217;e a\u015fa\u011f\u0131da \u00f6zeti verilen yaz\u0131n\u0131n Ankara \u00dcniversitesi BBY B\u00f6l\u00fcm\u00fc taraf\u0131ndan g\u00f6nderildi\u011fini ifade etti; ancak dikkate al\u0131nmad\u0131\u011f\u0131n\u0131 dile getirdi.<!--more--><\/p>\n<p style=\"text-align: justify;\"><strong>G\u00f6nderilen yaz\u0131dan \u00f6zet:<\/strong><\/p>\n<p style=\"text-align: justify;\">\u00a0 &#8220;&#8230;\u00dclkemizde<strong>\u00a0<\/strong>k\u00f6kl\u00fc bir ge\u00e7mi\u015fe sahip k\u00fct\u00fcphanecilik b\u00f6l\u00fcmlerinin misyonunu, g\u00fcn\u00fcm\u00fcz ko\u015fullar\u0131 ve gereksinimleri do\u011frultusunda s\u00fcrd\u00fcrmeye \u00e7al\u0131\u015fan mevcut Bilgi ve Belge Y\u00f6netimi B\u00f6l\u00fcmleri\u2019nde gerekli insan g\u00fcc\u00fc, planlama ve altyap\u0131 unsurlar\u0131n\u0131n iyile\u015ftirilmeden, bu b\u00f6l\u00fcmlerin \u00f6\u011fretim elemanlar\u0131n\u0131n \u00f6zl\u00fck haklar\u0131, ara\u015ft\u0131rma olanaklar\u0131 vb. sorunlar\u0131 \u00e7\u00f6z\u00fcme kavu\u015fturulmadan,\u00a0\u00a0Bilgi ve Belge Y\u00f6netimi B\u00f6l\u00fcmleri\u2019ne yenilerinin eklenmesi, yeni a\u00e7\u0131lan b\u00f6l\u00fcmlerde uzun y\u0131llar lisans e\u011fitimine dahi ba\u015flanamamas\u0131na neden olacakt\u0131r\/olmaktad\u0131r&#8230;<\/p>\n<p style=\"text-align: justify;\">Yeni a\u00e7\u0131lan ve gelecekte a\u00e7\u0131lmas\u0131 planlanan Bilgi ve Belge Y\u00f6netimi B\u00f6l\u00fcmleri\u2019nde g\u00f6rev yapacak\u00a0\u00a0nitelik ve nicelikte \u00f6\u011fretim eleman\u0131 eksikli\u011fi sorunu,\u00a0\u00a0farkl\u0131 b\u00f6l\u00fcmlerdeki \u00f6\u011fretim elemanlar\u0131n\u0131n yeni a\u00e7\u0131lan Bilgi ve Belge Y\u00f6netimi B\u00f6l\u00fcmleri\u2019nde g\u00f6revlendirilmesiyle \u00e7\u00f6z\u00fclmeye \u00e7al\u0131\u015f\u0131lmaktad\u0131r ki bu durum, Bilgi ve Belge Y\u00f6netimi B\u00f6l\u00fcmlerinin kurulu\u015f ama\u00e7 ve felsefesiyle ba\u011fda\u015ft\u0131r\u0131lamaz. Bu b\u00f6l\u00fcmlerin ders programlar\u0131n\u0131n, \u00fclkenin bilgi hizmetleri gereksinimi do\u011frultusunda de\u011fil, farkl\u0131 b\u00f6l\u00fcmlerden ders vermek \u00fczere g\u00f6revlendirilen \u00f6\u011fretim elemanlar\u0131n\u0131n birikim ve e\u011fitimlerine g\u00f6re \u015fekillenmesi de ka\u00e7\u0131n\u0131lmazd\u0131r.\u00a0\u00a0Bu durum, e\u011fitim kalitesinin d\u00fc\u015fmesine neden olacak, bilgi ve belge y\u00f6neticilerinin yetkinli\u011fini tart\u0131\u015fmaya a\u00e7acak, ilgili b\u00f6l\u00fcm mezunlar\u0131na y\u00f6nelimi azaltacakt\u0131r&#8230;<\/p>\n<p style=\"text-align: justify;\">Ayr\u0131ca, Bilgi ve Belge Y\u00f6netimi B\u00f6l\u00fcm\u00fc mezunlar\u0131 \u00fclkemizde istihdam sorunu ya\u015famakta iken, yeni a\u00e7\u0131lan b\u00f6l\u00fcmlerden mezun olacak \u00f6\u011frenciler bu istihdam sorununun artarak devam etmesine neden olacakt\u0131r&#8230;&#8221;<\/p>\n<p style=\"text-align: justify;\"><em>Prof. Dr. Fato\u015f Suba\u015f\u0131o\u011flu<\/em><\/p>\n","protected":false},"excerpt":{"rendered":"<p>&#8220;T\u00fcrkiye\u2019deki Bilgi ve Belge Y\u00f6netimi B\u00f6l\u00fcmleri&#8221; ba\u015fl\u0131\u011f\u0131 ile 27 \u015eubat 2016 tarihinde bbyhaber&#8217;de yay\u0131nlanan haber i\u00e7eri\u011fine dair Ankara \u00dcniversitesi BBY B\u00f6l\u00fcm\u00fc&#8217;nde g\u00f6revli Prof. Dr. Fato\u015f Suba\u015f\u0131o\u011flu hocam\u0131z, son y\u0131llarda say\u0131s\u0131 h\u0131zla artan BBY B\u00f6l\u00fcmlerine ili\u015fkin olarak 2014 y\u0131l\u0131nda Y\u00d6K&#8217;e a\u015fa\u011f\u0131da \u00f6zeti verilen yaz\u0131n\u0131n Ankara \u00dcniversitesi BBY B\u00f6l\u00fcm\u00fc taraf\u0131ndan g\u00f6nderildi\u011fini ifade etti; ancak dikkate al\u0131nmad\u0131\u011f\u0131n\u0131 dile [&hellip;]<\/p>\n","protected":false},"author":1,"featured_media":0,"comment_status":"open","ping_status":"open","sticky":false,"template":"","format":"standard","meta":{"footnotes":""},"categories":[1534,1548],"tags":[1387,830],"class_list":["post-18495","post","type-post","status-publish","format-standard","hentry","category-ankara-universitesi-bilgi-ve-belge-yonetimi-bolumu","category-bilgi-ve-belge-yonetimi-bolumu-hangi-universitelerde-var","tag-ankara-dtcf-bby","tag-prof-dr-fatos-subasioglu"],"_links":{"self":[{"href":"https:\/\/www.bbyhaber.com\/bby\/wp-json\/wp\/v2\/posts\/18495"}],"collection":[{"href":"https:\/\/www.bbyhaber.com\/bby\/wp-json\/wp\/v2\/posts"}],"about":[{"href":"https:\/\/www.bbyhaber.com\/bby\/wp-json\/wp\/v2\/types\/post"}],"author":[{"embeddable":true,"href":"https:\/\/www.bbyhaber.com\/bby\/wp-json\/wp\/v2\/users\/1"}],"replies":[{"embeddable":true,"href":"https:\/\/www.bbyhaber.com\/bby\/wp-json\/wp\/v2\/comments?post=18495"}],"version-history":[{"count":1,"href":"https:\/\/www.bbyhaber.com\/bby\/wp-json\/wp\/v2\/posts\/18495\/revisions"}],"predecessor-version":[{"id":24901,"href":"https:\/\/www.bbyhaber.com\/bby\/wp-json\/wp\/v2\/posts\/18495\/revisions\/24901"}],"wp:attachment":[{"href":"https:\/\/www.bbyhaber.com\/bby\/wp-json\/wp\/v2\/media?parent=18495"}],"wp:term":[{"taxonomy":"category","embeddable":true,"href":"https:\/\/www.bbyhaber.com\/bby\/wp-json\/wp\/v2\/categories?post=18495"},{"taxonomy":"post_tag","embeddable":true,"href":"https:\/\/www.bbyhaber.com\/bby\/wp-json\/wp\/v2\/tags?post=18495"}],"curies":[{"name":"wp","href":"https:\/\/api.w.org\/{rel}","templated":true}]}}