{"id":18489,"date":"2016-02-29T14:18:22","date_gmt":"2016-02-29T12:18:22","guid":{"rendered":"http:\/\/www.bbyhaber.com\/bby\/?p=18489"},"modified":"2017-10-19T12:30:46","modified_gmt":"2017-10-19T09:30:46","slug":"kutuphane-kurmak-isteyenlere-ve-istemeyenlere-oneriler","status":"publish","type":"post","link":"https:\/\/www.bbyhaber.com\/bby\/2016\/02\/29\/kutuphane-kurmak-isteyenlere-ve-istemeyenlere-oneriler","title":{"rendered":"K\u00fct\u00fcphane kurmak isteyenlere ve istemeyenlere \u00f6neriler"},"content":{"rendered":"<p style=\"text-align: justify;\"><img loading=\"lazy\" decoding=\"async\" class=\"alignleft\" src=\"http:\/\/www.bbyhaber.com\/bby\/wp-content\/uploads\/2015\/09\/ileri-okul-kutuphaneleri.jpg\" alt=\"\" width=\"236\" height=\"131\" \/>T\u00fcrk K\u00fct\u00fcphaneciler Derne\u011fi Genel Ba\u015fkan Yard\u0131mc\u0131s\u0131 ve Okul K\u00fct\u00fcphanecileri Derne\u011fi Ba\u015fkan\u0131 Ayd\u0131n \u0130leri &#8220;K\u00fct\u00fcphane kurmak isteyenlere ve istemeyenlere \u00f6neriler&#8221; ba\u015fl\u0131\u011f\u0131 ile kulturservisi.com sitesinde bir yaz\u0131 yay\u0131nlad\u0131. Yaz\u0131n\u0131n tamam\u0131 a\u015fa\u011f\u0131daki gibidir:<\/p>\n<p style=\"text-align: justify;\">Bir heves, bir nefes: k\u00fct\u00fcphane. Yaz\u0131ya bilerek b\u00f6yle ba\u015flad\u0131m. Y\u0131llard\u0131r her yerden duyar\u0131z. \u201cK\u00fct\u00fcphane kurma projesi\u201d haberinin olmad\u0131 tek g\u00fcn yok gibi. Herkes \u00e7ok merakl\u0131 ve \u00e7ok isteklidir k\u00fct\u00fcphane kurmaya. Herkes \u00e7ok kolay bir i\u015f san\u0131r k\u00fct\u00fcphane kurmay\u0131. Akl\u0131na proje yapmak gelenler, \u201chele de sosyal sorumluluk projesi yapacak olanlar\u201d hemencecik bir k\u00fct\u00fcphane kampanyas\u0131 ba\u015flat\u0131r. \u201cBilim laboratuvar\u0131\u201d kurmak isteyene ise daha rastlamad\u0131m. Varsa yoksa ilk i\u015fleri k\u00fct\u00fcphane kurmak&#8230;<!--more--> Hele de ba\u011f\u0131\u015f yoluyla, kampanyayla \u00fcniversitelerin, belediyelerin kitap toplamas\u0131 beni hep \u015fa\u015f\u0131rt\u0131r. B\u00fct\u00e7esi olan ve g\u00f6revlerinden birisi k\u00fct\u00fcphane hizmetini sunmak olan kurumlar, neden ba\u011f\u0131\u015f yoluyla bu \u00e7al\u0131\u015fmay\u0131 yapar \u00e7\u00f6zemedim. G\u00fcn i\u00e7inde e-posta kutuma gelen onlarca ileti bu g\u00fcndemlidir. Maillerdeki bo\u015f raflar\u0131n foto\u011fraflar\u0131 i\u00e7imizi c\u0131z ettirir.<\/p>\n<p style=\"text-align: justify;\">Bu yaz\u0131 k\u00fct\u00fcphane kuracaklara ve kurmayacaklara \u00f6neriler sunmak amac\u0131yla kaleme al\u0131nm\u0131\u015ft\u0131r. Bundan sonra k\u00fct\u00fcphane kuracak ve kurmayacak kurulu\u015flar\u0131n, yurtta\u015flar\u0131n faydalanmas\u0131n\u0131, k\u00fct\u00fcphanecilik a\u00e7\u0131s\u0131ndan fark\u0131ndal\u0131k yaratmak ama\u00e7lamaktad\u0131r.<\/p>\n<p style=\"text-align: justify;\"><span style=\"color: #000000;\"><strong>K\u00fct\u00fcphanecisiz k\u00fct\u00fcphane olur mu hi\u00e7?<\/strong><\/span><\/p>\n<p style=\"text-align: justify;\">K\u00fct\u00fcphane a\u00e7mak ciddi bir i\u015ftir. K\u00fct\u00fcphaneler s\u00fcreklilik gerektiren, ya\u015fayan mek\u00e2nlard\u0131r. K\u00fct\u00fcphane kurarken s\u00fcrd\u00fcr\u00fclebilirlik mutlaka planlanmal\u0131d\u0131r.<\/p>\n<p style=\"text-align: justify;\"><strong><span style=\"color: #ff0000;\">K\u00fct\u00fcphane kurarken ilk yapaca\u011f\u0131n\u0131z i\u015f bir k\u00fct\u00fcphanecinin olmas\u0131d\u0131r<\/span><\/strong>. <strong><span style=\"color: #ff0000;\">\u00c7\u00fcnk\u00fc k\u00fct\u00fcphaneyi k\u00fct\u00fcphaneci kurar<\/span><\/strong>. K\u00fct\u00fcphanenin fiziksel b\u00fcy\u00fckl\u00fc\u011f\u00fcne ve koleksiyon say\u0131s\u0131na g\u00f6re her k\u00fct\u00fcphanede en az iki k\u00fct\u00fcphaneci ve k\u00fct\u00fcphane yard\u0131mc\u0131 elemanlar\u0131 profesyonel olarak \u00e7al\u0131\u015ft\u0131r\u0131lmal\u0131 ve bu \u00e7al\u0131\u015fanlar k\u00fct\u00fcphanecilik hizmetleri d\u0131\u015f\u0131nda ba\u015fka bir yerde istihdam edilmemelidir.<\/p>\n<p style=\"text-align: justify;\"><span style=\"color: #ff0000;\">K\u00fct\u00fcphaneci yerine ba\u015fka disiplinlerden mezun insanlar\u0131n k\u00fct\u00fcphanelerde \u00e7al\u0131\u015ft\u0131r\u0131lmas\u0131 ve bunda \u0131srar edilmesi k\u00fct\u00fcphane kurumu i\u00e7in ba\u015far\u0131s\u0131zl\u0131\u011f\u0131n ilk ad\u0131m\u0131d\u0131r<\/span>. K\u00fct\u00fcphaneci ile birlikte farkl\u0131 disiplinlerden \u00e7al\u0131\u015fanlar\u0131n birlikte \u00e7al\u0131\u015fmas\u0131 k\u00fct\u00fcphanedeki verimlili\u011fi art\u0131r\u0131r.<\/p>\n<p style=\"text-align: justify;\"><strong>K\u00fct\u00fcphanecilik\/bilgi ve belge y\u00f6netimi bilim mi?<\/strong><\/p>\n<p style=\"text-align: justify;\">K\u00fct\u00fcphanecilik bir bilim dal\u0131d\u0131r. D\u00fcnyada ve \u00fclkemizde k\u00fct\u00fcphaneci yeti\u015ftiren ba\u011f\u0131ms\u0131z \u00fcniversiteler, <span style=\"color: #0000ff;\"><a title=\"T\u00fcrkiye\u2019deki Bilgi ve Belge Y\u00f6netimi B\u00f6l\u00fcmleri\" href=\"http:\/\/www.bbyhaber.com\/bby\/2016\/02\/27\/turkiyedeki-bilgi-ve-belge-yonetimi-bolumleri\/\" target=\"_blank\"><span style=\"color: #0000ff;\">fak\u00fclteler<\/span><\/a><\/span> bulunmaktad\u0131r. \u00dclkemizde bu alanda 12\u2019den fazla \u00fcniversitede okuyan bine yak\u0131n lisans \u00f6\u011frencisi, y\u00fcze yak\u0131n y\u00fcksek lisans, doktora \u00f6\u011frencisi vard\u0131r. K\u00fct\u00fcphanecilik = Bilgi ve Belge Y\u00f6netimi b\u00f6l\u00fcmlerinde onlarca akademisyen, \u00f6\u011frenci yeti\u015ftirmektedir. Bu alan y\u0131lda en az iki ulusal, uluslararas\u0131 sempozyum, onlarca \u00e7al\u0131\u015ftay yaparak, iki hakemli bilimsel dergi yay\u0131nlayarak bilimsel \u00fcretime katk\u0131 sunulmaktad\u0131r.<\/p>\n<p style=\"text-align: justify;\"><strong>Politikas\u0131z k\u00fct\u00fcphane: Rotas\u0131z bir gemi<\/strong><\/p>\n<p style=\"text-align: justify;\">K\u00fct\u00fcphanenin mutlaka bir politikas\u0131 olmal\u0131d\u0131r. Bu politikada hizmet verece\u011fi gruplar; \u00e7ocuk, gen\u00e7, yeti\u015fkin veya akademik k\u00fct\u00fcphane, okul k\u00fct\u00fcphanesi, ara\u015ft\u0131rma k\u00fct\u00fcphanesi, halk k\u00fct\u00fcphanesi, \u00fcniversite k\u00fct\u00fcphanesi, sanat k\u00fct\u00fcphanesi, \u015fiir k\u00fct\u00fcphanesi, edebiyat k\u00fct\u00fcphanesi vb gibi belirlenmi\u015f bir hizmet alan\u0131, uzmanl\u0131k alan\u0131 olmal\u0131d\u0131r. Politika olu\u015fturulurken, \u00e7al\u0131\u015fma saatleri, k\u00fct\u00fcphane kurallar\u0131, \u00fcyelik \u015fartlar\u0131, hizmetlerin \u00fccretli yada \u00fccretsiz olmas\u0131 ve \u00f6d\u00fcn\u00e7 politikas\u0131, koleksiyon politikas\u0131 (sat\u0131n alma, ba\u011f\u0131\u015f, de\u011fi\u015fim) mutlaka belirtilmelidir. \u00c7al\u0131\u015fma saatleri kullan\u0131c\u0131lar\u0131n \u00f6zelliklerine g\u00f6re belirlenmeli, personel altyap\u0131s\u0131na g\u00f6re uzun saatler a\u00e7\u0131k tutulmas\u0131 sa\u011flanmal\u0131 ya da 7\/24 kapanmadan hizmet sunulmal\u0131d\u0131r.<\/p>\n<p style=\"text-align: justify;\"><strong>B\u00fct\u00e7e &#8211; kaynak &#8211; para = Nitelikli koleksiyon\u00a0<\/strong><\/p>\n<p style=\"text-align: justify;\">K\u00fct\u00fcphanedeki koleksiyon (kitap, e-kitap, dergi, dvd, veri taban\u0131) k\u00fct\u00fcphanenin hizmet alanlar\u0131, kullan\u0131c\u0131s\u0131 profili netle\u015ftirildikten sonra al\u0131n\u0131r.<\/p>\n<p style=\"text-align: justify;\"><strong>Ba\u011f\u0131\u015flay\u0131n beni ama \u2018ba\u011f\u0131\u015fla\u2019 k\u00fct\u00fcphane kurulmaz<\/strong>.<\/p>\n<p style=\"text-align: justify;\">Ba\u011f\u0131\u015fla gelecek kitap, sizin hizmet alan\u0131n\u0131za uygun kaynak olup olmayaca\u011f\u0131, yenilik eskilik performans\u0131, i\u00e7indeki bilgilerin g\u00fcncelli\u011fi, bilimselli\u011fi vb. konularda sorun yaratabilir.<\/p>\n<p style=\"text-align: justify;\">K\u00fct\u00fcphanenin mutlaka kitap ve kitap d\u0131\u015f\u0131 materyalleri alaca\u011f\u0131 bir b\u00fct\u00e7esi olmal\u0131d\u0131r. Bu b\u00fct\u00e7eler en az y\u0131ll\u0131k, 2 y\u0131ll\u0131k, 3 y\u0131ll\u0131k planlanmal\u0131d\u0131r.<\/p>\n<p style=\"text-align: justify;\">K\u0131sa vadeli giri\u015fimler, heyecanlar k\u00fct\u00fcphaneyi ya\u015fatmaz. K\u00fct\u00fcphane uzun soluklu bir ko\u015fudur. Hizmet verilecek kullan\u0131c\u0131 say\u0131s\u0131na g\u00f6re, yeterli\u00a0 say\u0131da kayna\u011fa sahip olmal\u0131d\u0131r. Kaynaklar\u0131n g\u00fcncelli\u011fi ve niteli\u011fi kullan\u0131m\u0131 art\u0131r\u0131c\u0131 \u00f6nemli bir temel unsurdur. G\u00fcncel olmayan, okurun ihtiyac\u0131n\u0131 kar\u015f\u0131lamayan koleksiyonlar k\u00fct\u00fcphaneye depo vazifesi yapt\u0131r\u0131r. Koleksiyon se\u00e7iminde, k\u00fct\u00fcphanenin potansiyel kullan\u0131c\u0131s\u0131 olacaklara k\u00fct\u00fcphaneye edinilecek kaynaklar hakk\u0131nda fikir sorulmal\u0131, k\u00fct\u00fcphanenin sat\u0131n alma listeleri i\u00e7in okuyucu \u00f6neri listeleri olu\u015fturulmal\u0131d\u0131r. Kurulmu\u015f bir k\u00fct\u00fcphane koleksiyonunu zenginle\u015ftirmek i\u00e7in faaliyet verdi\u011fi kullan\u0131c\u0131ya g\u00f6re belirli ba\u015fl\u0131klar-temalar alt\u0131nda ba\u011f\u0131\u015f toplamak sonraki \u00e7al\u0131\u015fmad\u0131r.<\/p>\n<p style=\"text-align: justify;\"><strong>Mimari ve estetik bir eser: K\u00fct\u00fcphane<\/strong><\/p>\n<p style=\"text-align: justify;\">K\u00fct\u00fcphanenin bir binas\u0131 (yap\u0131s\u0131 olmal\u0131d\u0131r). D\u00fcnyada k\u00fct\u00fcphane binas\u0131, hem k\u00fct\u00fcphanecilik biliminin hem de mimarl\u0131k (tasar\u0131m) b\u00f6l\u00fcmlerinde ders olarak \u00f6zellikle i\u015flenmektedir. K\u00fct\u00fcphane binalar\u0131 ula\u015f\u0131labilir, s\u0131cak ve so\u011fuktan etkilenmeyecek, havadar, \u0131\u015f\u0131k alan, ses yal\u0131t\u0131m\u0131na sahip, ergonomik, estetik ve mimari yap\u0131lard\u0131r.<\/p>\n<p style=\"text-align: justify;\">Okullarda, \u00fcniversitelerde, k\u00fclt\u00fcr merkezlerinde ba\u011f\u0131ms\u0131z olarak tasarlanmayan k\u00fct\u00fcphane yap\u0131lar\u0131nda, bu mimari, estetik \u00f6zellikler aranmal\u0131, kullan\u0131c\u0131lar i\u00e7in yeterli bir fizik alana bulunmal\u0131d\u0131r.<\/p>\n<p style=\"text-align: justify;\">K\u00fct\u00fcphane binalar\u0131n\u0131n i\u00e7 donan\u0131mlar\u0131 estetik ve ergonomik olarak ulusal ve uluslararas\u0131 standartlara uygunluk g\u00f6stermeli; raf boylar\u0131, masa boylar\u0131, oturma sistemleri ferah ve konforlu olarak tasarlanmal\u0131d\u0131r.<\/p>\n<p style=\"text-align: justify;\">Okul k\u00fct\u00fcphanelerinde ve \u00e7ocuk k\u00fct\u00fcphanelerinde bu tasar\u0131msal \u00f6zellikler \u00e7ocu\u011fun fiziksel yap\u0131s\u0131na ve estetik d\u00fcnyas\u0131na uygun olmal\u0131d\u0131r.<\/p>\n<p style=\"text-align: justify;\">K\u00fct\u00fcphane mek\u00e2nlar\u0131 e\u011flenceli, konforlu, g\u00f6ze, kula\u011fa ve ruha seslenecek estetik donan\u0131mlara sahip olmal\u0131d\u0131r. K\u00fct\u00fcphane e\u011flendirir, dinlendirir, bilgilendirir. K\u00fct\u00fcphane i\u00e7inde dinlenme alanlar\u0131, zek\u00e2 oyunlar\u0131 i\u00e7in oyun alanlar\u0131, etkinlik ve at\u00f6lye alanlar\u0131 planlanmal\u0131d\u0131r.<\/p>\n<p style=\"text-align: justify;\">K\u00fct\u00fcphaneler ya\u015fam boyu e\u011fitim veren, e\u011flendiren, dinlendiren mek\u00e2nlard\u0131r. Bu mek\u00e2nlar\u0131 okuyucular\u0131 i\u00e7in \u00e7ekici k\u0131lacak olan halkla ili\u015fkiler \u00e7al\u0131\u015fmalar\u0131 yap\u0131lmal\u0131d\u0131r.<\/p>\n<p style=\"text-align: justify;\"><strong>\u0130leti\u015fim: K\u00fct\u00fcphaneni okura duyur<\/strong><\/p>\n<p style=\"text-align: justify;\">K\u00fct\u00fcphanelerde hizmet alan\u0131na g\u00f6re etkinlikler, s\u00f6yle\u015filer, at\u00f6lyeler yap\u0131larak k\u00fct\u00fcphaneler ya\u015fam merkezi haline getirilebilir. Her k\u00fct\u00fcphane k\u00fct\u00fcphanesinin politikas\u0131na g\u00f6re, kullan\u0131c\u0131s\u0131na g\u00f6re bu \u00e7al\u0131\u015fmalar\u0131 hayata ge\u00e7irebilir. Etkinlik \u00e7e\u015fitli\u011fini art\u0131rabilir.<\/p>\n<p style=\"text-align: justify;\">\u0130yi bir k\u00fct\u00fcphane hizmeti otomasyon program\u0131 ve online hizmetlerle ba\u015flar. K\u00fct\u00fcphanedeki kaynaklar\u0131 k\u00fct\u00fcphanenin internet sayfas\u0131ndaki kataloglardan taranabilmelidir. Web sayfas\u0131 g\u00fcn\u00fcm\u00fczde \u00f6nemli bir eri\u015fim arac\u0131d\u0131r. Web sayfas\u0131yla beraber yeni medya ortamlar\u0131nda \u201csosyal medya hesaplar\u0131\u201d ile k\u00fct\u00fcphanedeki hizmetler, yeni gelen yay\u0131nlar mutlaka duyurulmal\u0131d\u0131r.<\/p>\n<p style=\"text-align: justify;\"><strong>K\u00fct\u00fcphane korsan\u0131\/korsanlar\u0131 sevmez: Telife sayg\u0131<\/strong><\/p>\n<p style=\"text-align: justify;\">B\u00fct\u00fcn k\u00fct\u00fcphane hizmetleri planlan\u0131rken k\u00fct\u00fcphaneciler yasalara, telif haklar\u0131na ve meslek etik ilkelerine, d\u00fc\u015f\u00fcnce \u00f6zg\u00fcrl\u00fc\u011f\u00fc ilkelerine ve evrensel insan haklar\u0131na uygun davranmal\u0131d\u0131r. Bu bilin\u00e7le okurlara hizmet sunmal\u0131d\u0131r.<\/p>\n<p style=\"text-align: justify;\">Hay\u0131rseverlerin, ba\u011f\u0131\u015f\u00e7\u0131 yurtta\u015flar\u0131n, ticari t\u00fczel ki\u015filiklerin, sivil toplum kurulu\u015flar\u0131n\u0131n k\u00fct\u00fcphane kurma \u00e7abalar\u0131 de\u011ferli, \u00f6nemli ve takdire de\u011ferdir.<\/p>\n<p style=\"text-align: justify;\">Moral bozmak, heves k\u0131rmak istemem ama k\u00fct\u00fcphane duyarl\u0131\u011f\u0131 kazanan de\u011ferli toplulu\u011fa k\u00fct\u00fcphanenin kitap ve raflardan ibaret olmad\u0131\u011f\u0131n\u0131 s\u00f6ylemek isterim.<\/p>\n<p style=\"text-align: justify;\"><strong>K\u00fct\u00fcphaneler: Halka hizmet<\/strong><\/p>\n<p style=\"text-align: justify;\">K\u00fct\u00fcphane hizmeti kamu hizmetidir. Merkezi y\u00f6netim ve yerel y\u00f6netimlerin yukar\u0131daki ilkeler ve standartlar \u0131\u015f\u0131\u011f\u0131nda s\u00fcrd\u00fcr\u00fclebilir k\u00fct\u00fcphaneler a\u00e7malar\u0131 ve bu hizmeti devam ettirmeleri ilgili bakanl\u0131klar\u0131n birincil g\u00f6revleridir. K\u00fct\u00fcphane yurtta\u015flar\u0131n hakk\u0131d\u0131r. \u00c7ocuklar\u0131n hakk\u0131d\u0131r. Bu alandaki yasalar, beyannameler, s\u00f6zle\u015fmeler bu hakk\u0131n e\u015fit\u00e7e yurtta\u015flara sunulmas\u0131n\u0131 sa\u011flamal\u0131d\u0131r.<\/p>\n<p style=\"text-align: justify;\">\u00dcniversite k\u00fct\u00fcphaneleri Y\u00d6K\u2019e\u00a0 Ba\u015fbakanl\u0131k\u2019a ba\u011fl\u0131; okul k\u00fct\u00fcphaneleri ilgili \u015fube m\u00fcd\u00fcrl\u00fckleri \u00fczerinden Milli E\u011fitim Bakanl\u0131\u011f\u0131\u2019na ba\u011fl\u0131; halk ve \u00e7ocuk k\u00fct\u00fcphaneleri K\u00fct\u00fcphaneler ve Yay\u0131mlar Genel M\u00fcd\u00fcrl\u00fc\u011f\u00fc \u00fczerinden K\u00fclt\u00fcr ve Turizm Bakanl\u0131\u011f\u0131\u2019na ba\u011fl\u0131d\u0131r. Bunlar\u0131n d\u0131\u015f\u0131nda kalan yerel y\u00f6netim k\u00fct\u00fcphaneleri ilgili b\u00fcy\u00fck\u015fehir belediyelerine ve il\u00e7e belediyelerine ba\u011fl\u0131d\u0131r.<\/p>\n<p style=\"text-align: justify;\">Bu kurumlar\u0131n halka k\u00fct\u00fcphane ve bilgi hizmeti sunma sorumluklar\u0131n\u0131 yerine getirmeleri gerekir. Eksik hizmetlerin bildirilmesi, talep edilmesi, denetlenmesi yurtta\u015flar\u0131n ve STK\u2019lerin \u00f6zverisiyle ger\u00e7ekle\u015fmelidir.<\/p>\n<p style=\"text-align: justify;\"><strong>Sonu\u00e7 yerine: Gelenek, gelecek: K\u00fct\u00fcphane\u00a0<\/strong><\/p>\n<p style=\"text-align: justify;\">Osmanl\u0131\u2019da ba\u015flayan ve Cumhuriyet d\u00f6neminde devam eden k\u00f6kl\u00fc k\u00fct\u00fcphanecilik gelene\u011finin son 70 y\u0131l\u0131 bilimsel olarak yap\u0131lmaktad\u0131r. Bilimsel k\u00fct\u00fcphanecili\u011fin s\u00fcrmesi k\u00fct\u00fcphanecilerin \u00e7al\u0131\u015ft\u0131\u011f\u0131, s\u00fcrd\u00fcr\u00fclebilir, b\u00fct\u00e7esi, politikas\u0131 belirlenmi\u015f k\u00fct\u00fcphanelerle devam etmelidir. T\u00fcm \u00fclkede okullarda, mahallelerde, il\u00e7elerde, illerde k\u00fct\u00fcphaneler zinciri yayg\u0131nla\u015fmal\u0131, gezici k\u00fct\u00fcphaneler k\u00fct\u00fcphanesiz yerleri turlamal\u0131. K\u00fct\u00fcphanelerin ayd\u0131nl\u0131k \u0131\u015f\u0131\u011f\u0131 sars\u0131n her yan\u0131.<\/p>\n<p style=\"text-align: justify;\">*\u00a0<em>Ayd\u0131n \u0130leri, T\u00fcrk K\u00fct\u00fcphaneciler Derne\u011fi Genel Ba\u015fkan Yard\u0131mc\u0131s\u0131 &#8211;<br \/>\nOkul K\u00fct\u00fcphanecileri Derne\u011fi Ba\u015fkan\u0131\u00a0<a href=\"mailto:aydinileri@gmail.com\">aydinileri@gmail.com<\/a>\u00a0@aydinileri<br \/>\n<\/em><\/p>\n","protected":false},"excerpt":{"rendered":"<p>T\u00fcrk K\u00fct\u00fcphaneciler Derne\u011fi Genel Ba\u015fkan Yard\u0131mc\u0131s\u0131 ve Okul K\u00fct\u00fcphanecileri Derne\u011fi Ba\u015fkan\u0131 Ayd\u0131n \u0130leri &#8220;K\u00fct\u00fcphane kurmak isteyenlere ve istemeyenlere \u00f6neriler&#8221; ba\u015fl\u0131\u011f\u0131 ile kulturservisi.com sitesinde bir yaz\u0131 yay\u0131nlad\u0131. Yaz\u0131n\u0131n tamam\u0131 a\u015fa\u011f\u0131daki gibidir: Bir heves, bir nefes: k\u00fct\u00fcphane. Yaz\u0131ya bilerek b\u00f6yle ba\u015flad\u0131m. Y\u0131llard\u0131r her yerden duyar\u0131z. \u201cK\u00fct\u00fcphane kurma projesi\u201d haberinin olmad\u0131 tek g\u00fcn yok gibi. Herkes \u00e7ok merakl\u0131 [&hellip;]<\/p>\n","protected":false},"author":1,"featured_media":0,"comment_status":"open","ping_status":"open","sticky":false,"template":"","format":"standard","meta":{"footnotes":""},"categories":[1476,1],"tags":[1014],"class_list":["post-18489","post","type-post","status-publish","format-standard","hentry","category-aydin-ileri","category-genel","tag-kutuphane-binalari"],"_links":{"self":[{"href":"https:\/\/www.bbyhaber.com\/bby\/wp-json\/wp\/v2\/posts\/18489"}],"collection":[{"href":"https:\/\/www.bbyhaber.com\/bby\/wp-json\/wp\/v2\/posts"}],"about":[{"href":"https:\/\/www.bbyhaber.com\/bby\/wp-json\/wp\/v2\/types\/post"}],"author":[{"embeddable":true,"href":"https:\/\/www.bbyhaber.com\/bby\/wp-json\/wp\/v2\/users\/1"}],"replies":[{"embeddable":true,"href":"https:\/\/www.bbyhaber.com\/bby\/wp-json\/wp\/v2\/comments?post=18489"}],"version-history":[{"count":1,"href":"https:\/\/www.bbyhaber.com\/bby\/wp-json\/wp\/v2\/posts\/18489\/revisions"}],"predecessor-version":[{"id":22842,"href":"https:\/\/www.bbyhaber.com\/bby\/wp-json\/wp\/v2\/posts\/18489\/revisions\/22842"}],"wp:attachment":[{"href":"https:\/\/www.bbyhaber.com\/bby\/wp-json\/wp\/v2\/media?parent=18489"}],"wp:term":[{"taxonomy":"category","embeddable":true,"href":"https:\/\/www.bbyhaber.com\/bby\/wp-json\/wp\/v2\/categories?post=18489"},{"taxonomy":"post_tag","embeddable":true,"href":"https:\/\/www.bbyhaber.com\/bby\/wp-json\/wp\/v2\/tags?post=18489"}],"curies":[{"name":"wp","href":"https:\/\/api.w.org\/{rel}","templated":true}]}}