{"id":18458,"date":"2016-02-26T19:36:24","date_gmt":"2016-02-26T17:36:24","guid":{"rendered":"http:\/\/www.bbyhaber.com\/bby\/?p=18458"},"modified":"2016-02-26T19:36:24","modified_gmt":"2016-02-26T17:36:24","slug":"milli-kutuphane-kitap-mubadelesi-uygulamasi-baslatti","status":"publish","type":"post","link":"https:\/\/www.bbyhaber.com\/bby\/2016\/02\/26\/milli-kutuphane-kitap-mubadelesi-uygulamasi-baslatti","title":{"rendered":"Milli K\u00fct\u00fcphane &#8216;kitap m\u00fcbadelesi&#8217; uygulamas\u0131 ba\u015flatt\u0131"},"content":{"rendered":"<p style=\"text-align: justify;\"><img loading=\"lazy\" decoding=\"async\" class=\"alignleft\" src=\"http:\/\/s2.trthaber.com\/resimler\/542000\/543495.jpg\" alt=\"\" width=\"342\" height=\"189\" \/>Milli K\u00fct\u00fcphane Ba\u015fkanl\u0131\u011f\u0131nca, T\u00fcrk k\u00fclt\u00fcr\u00fcne hizmet ve k\u00fct\u00fcphanecilik alan\u0131nda baz\u0131 \u00fclkelerle ikili ili\u015fkilerin geli\u015ftirilmesi amac\u0131yla &#8220;kitap m\u00fcbadelesi&#8221; \u00e7al\u0131\u015fmas\u0131 y\u00fcr\u00fct\u00fcl\u00fcyor. T\u00fcrk Cumhuriyetleri ve topluluklar\u0131n\u0131n bilgi birikimlerinin gelecek nesillere aktar\u0131lmas\u0131 ve k\u00fclt\u00fcr miras\u0131n\u0131n, k\u00fcresel zenginli\u011fin b\u00fcy\u00fck ve \u00f6nemli bir par\u00e7as\u0131 olarak kabullenilmesi amac\u0131yla, T\u00fcrklerin ya\u015fad\u0131\u011f\u0131 co\u011frafyadaki k\u00fclt\u00fcr kurumlar\u0131 ile &#8220;kitap ba\u011f\u0131\u015f\u0131&#8221; ve &#8220;kitap m\u00fcbadelesi&#8221; uygulamas\u0131 ba\u015flat\u0131ld\u0131. Milli K\u00fct\u00fcphane Ba\u015fkanl\u0131\u011f\u0131ndan al\u0131nan bilgiye g\u00f6re, di\u011fer \u00fclkelerle yay\u0131n m\u00fcbadelesi, ilgili kanunlar, imzalanan &#8220;ikili anla\u015fmalar&#8221; ve Uluslararas\u0131 K\u00fct\u00fcphane Dernekleri ve Kurulu\u015flar\u0131 Federasyonunun (IFLA) d\u00fczenleyici h\u00fck\u00fcmleri \u00e7er\u00e7evesinde yap\u0131yor.<!--more--><\/p>\n<p style=\"text-align: justify;\">Milli K\u00fct\u00fcphane Ba\u015fkanl\u0131\u011f\u0131n\u0131n 24 Kas\u0131m 2011 tarihli Ba\u011f\u0131\u015f ve M\u00fcbadele Fazlas\u0131 Kitaplar\u0131 De\u011ferlendirme Y\u00f6nergesine g\u00f6re yap\u0131lan kitap ba\u011f\u0131\u015flar\u0131, kurumda say\u0131s\u0131 birden fazla olan kitaplar\u0131n, k\u00fct\u00fcphaneler aras\u0131 i\u015fbirli\u011fi esaslar\u0131 \u00e7er\u00e7evesinde &#8220;talep eden kurumlara verilmesine ili\u015fkin usul ve esaslara&#8221; g\u00f6re y\u00fcr\u00fct\u00fcl\u00fcyor.<\/p>\n<p style=\"text-align: justify;\">T\u00fcrk Cumhuriyetleri ve Balkan \u00fclkelerine kitap deste\u011fi<\/p>\n<p style=\"text-align: justify;\">Milli K\u00fct\u00fcphaneden, i\u015fbirli\u011finin geli\u015ftirilmesi amac\u0131yla T\u00fcrk cumhuriyetleri ile soyda\u015flar\u0131n a\u011f\u0131rl\u0131kla ya\u015fad\u0131\u011f\u0131 Balkan \u00fclkelerinin milli k\u00fct\u00fcphanelerine ve talep halinde di\u011fer k\u00fct\u00fcphane ve kurulu\u015flara ba\u011f\u0131\u015f yap\u0131l\u0131yor.<\/p>\n<p style=\"text-align: justify;\">Milli K\u00fct\u00fcphaneden, 2014 ve 2015&#8217;te yurt d\u0131\u015f\u0131ndaki kurum ve kurulu\u015flar\u0131n ve k\u00fct\u00fcphanelerin koleksiyonlar\u0131na toplam 41 bin 135 kitap ba\u011f\u0131\u015f\u0131nda bulunuldu. Ayn\u0131 y\u0131llarda yurt i\u00e7inde ise \u00e7e\u015fitli \u00fcniversitelere ve kurumlara 99 bin 278 kitap, ba\u011f\u0131\u015f olarak g\u00f6nderildi.<\/p>\n<p style=\"text-align: justify;\">69 bin 960 kitap Milli K\u00fct\u00fcphane&#8217;ye kazand\u0131r\u0131ld\u0131<\/p>\n<p style=\"text-align: justify;\">Milli K\u00fct\u00fcphane, sadece ba\u011f\u0131\u015f yoluyla protokol yapt\u0131\u011f\u0131 kurum ve \u00fclkelere kitap kazand\u0131rmakla kalm\u0131yor, koleksiyonunu zenginle\u015ftirmek i\u00e7in de kitap ba\u011f\u0131\u015f\u0131 al\u0131yor.<\/p>\n<p style=\"text-align: justify;\">Bu kapsamda 2014 ve 2015 y\u0131llar\u0131nda yurt i\u00e7inden ve yurt d\u0131\u015f\u0131ndan 69 bin 960 kitap ba\u011f\u0131\u015f, bin 882 kitap ise m\u00fcbadele yoluyla T\u00fcrkiye&#8217;nin kitap hazinesi Milli K\u00fct\u00fcphaneye kazand\u0131r\u0131ld\u0131.<\/p>\n<p style=\"text-align: justify;\">D\u0131\u015fi\u015fleri Bakanl\u0131\u011f\u0131 ba\u011f\u0131\u015f taleplerinde arac\u0131 oluyor<\/p>\n<p style=\"text-align: justify;\">Her y\u0131l tekrarlanan bir s\u00fcre\u00e7 ile \u201cM\u00fcbadele Deposu\u201dndaki materyal g\u00f6z \u00f6n\u00fcne al\u0131narak, o y\u0131l\u0131n ba\u015f\u0131nda Milli K\u00fct\u00fcphane Ba\u015fkanl\u0131\u011f\u0131nca onaylanan m\u00fcbadele listesi, \u00fclkelerin Milli K\u00fct\u00fcphanelerine g\u00f6nderiliyor.<\/p>\n<p style=\"text-align: justify;\">\u00d6te yandan ba\u015fkanl\u0131k, D\u0131\u015fi\u015fleri Bakanl\u0131\u011f\u0131 arac\u0131l\u0131\u011f\u0131yla gelen ba\u011f\u0131\u015f taleplerini imkanlar \u00f6l\u00e7\u00fcs\u00fcnde kar\u015f\u0131lamaya \u00e7al\u0131\u015f\u0131yor.<\/p>\n<p style=\"text-align: justify;\">21 \u00fclke k\u00fct\u00fcphanesiyle protokol<\/p>\n<p style=\"text-align: justify;\">Milli K\u00fct\u00fcphane Ba\u015fkanl\u0131\u011f\u0131, yurt i\u00e7inden ve yurt d\u0131\u015f\u0131ndan kurum ve kurulu\u015flarla yapt\u0131\u011f\u0131 protokollerle ikili i\u015fbirliklerini geli\u015ftirmek i\u00e7in \u00e7al\u0131\u015fma y\u00fcr\u00fct\u00fcyor.<\/p>\n<p style=\"text-align: justify;\">Bu ama\u00e7la Milli K\u00fct\u00fcphane yetkilileri, 2015&#8217;te yurt d\u0131\u015f\u0131ndan 21 \u00fclkenin milli k\u00fct\u00fcphanesi ve kurulu\u015fuyla i\u015fbirli\u011fi protokol\u00fc, yurt i\u00e7inden ise 13 kurum ve kurulu\u015fla i\u015fbirli\u011fi ve kaynak payla\u015f\u0131m\u0131 protokol\u00fc imzalad\u0131.<\/p>\n<p style=\"text-align: justify;\">Kaynak: http:\/\/www.trthaber.com\/<\/p>\n","protected":false},"excerpt":{"rendered":"<p>Milli K\u00fct\u00fcphane Ba\u015fkanl\u0131\u011f\u0131nca, T\u00fcrk k\u00fclt\u00fcr\u00fcne hizmet ve k\u00fct\u00fcphanecilik alan\u0131nda baz\u0131 \u00fclkelerle ikili ili\u015fkilerin geli\u015ftirilmesi amac\u0131yla &#8220;kitap m\u00fcbadelesi&#8221; \u00e7al\u0131\u015fmas\u0131 y\u00fcr\u00fct\u00fcl\u00fcyor. T\u00fcrk Cumhuriyetleri ve topluluklar\u0131n\u0131n bilgi birikimlerinin gelecek nesillere aktar\u0131lmas\u0131 ve k\u00fclt\u00fcr miras\u0131n\u0131n, k\u00fcresel zenginli\u011fin b\u00fcy\u00fck ve \u00f6nemli bir par\u00e7as\u0131 olarak kabullenilmesi amac\u0131yla, T\u00fcrklerin ya\u015fad\u0131\u011f\u0131 co\u011frafyadaki k\u00fclt\u00fcr kurumlar\u0131 ile &#8220;kitap ba\u011f\u0131\u015f\u0131&#8221; ve &#8220;kitap m\u00fcbadelesi&#8221; uygulamas\u0131 ba\u015flat\u0131ld\u0131. Milli [&hellip;]<\/p>\n","protected":false},"author":1,"featured_media":0,"comment_status":"open","ping_status":"open","sticky":false,"template":"","format":"standard","meta":{"footnotes":""},"categories":[1475,1],"tags":[1450],"class_list":["post-18458","post","type-post","status-publish","format-standard","hentry","category-ankara-milli-kutuphane","category-genel","tag-milli-kutuphaneler"],"_links":{"self":[{"href":"https:\/\/www.bbyhaber.com\/bby\/wp-json\/wp\/v2\/posts\/18458"}],"collection":[{"href":"https:\/\/www.bbyhaber.com\/bby\/wp-json\/wp\/v2\/posts"}],"about":[{"href":"https:\/\/www.bbyhaber.com\/bby\/wp-json\/wp\/v2\/types\/post"}],"author":[{"embeddable":true,"href":"https:\/\/www.bbyhaber.com\/bby\/wp-json\/wp\/v2\/users\/1"}],"replies":[{"embeddable":true,"href":"https:\/\/www.bbyhaber.com\/bby\/wp-json\/wp\/v2\/comments?post=18458"}],"version-history":[{"count":0,"href":"https:\/\/www.bbyhaber.com\/bby\/wp-json\/wp\/v2\/posts\/18458\/revisions"}],"wp:attachment":[{"href":"https:\/\/www.bbyhaber.com\/bby\/wp-json\/wp\/v2\/media?parent=18458"}],"wp:term":[{"taxonomy":"category","embeddable":true,"href":"https:\/\/www.bbyhaber.com\/bby\/wp-json\/wp\/v2\/categories?post=18458"},{"taxonomy":"post_tag","embeddable":true,"href":"https:\/\/www.bbyhaber.com\/bby\/wp-json\/wp\/v2\/tags?post=18458"}],"curies":[{"name":"wp","href":"https:\/\/api.w.org\/{rel}","templated":true}]}}