{"id":1845,"date":"2011-12-21T18:24:10","date_gmt":"2011-12-21T18:24:10","guid":{"rendered":"http:\/\/www.bbyhaber.com\/bby\/?p=1845"},"modified":"2012-03-20T14:19:22","modified_gmt":"2012-03-20T14:19:22","slug":"turkiye-gorme-ozurluler-kitapligi-turgok","status":"publish","type":"post","link":"https:\/\/www.bbyhaber.com\/bby\/2011\/12\/21\/turkiye-gorme-ozurluler-kitapligi-turgok","title":{"rendered":"T\u00fcrkiye G\u00f6rme \u00d6z\u00fcrl\u00fcler Kitapl\u0131\u011f\u0131 (T\u00dcRG\u00d6K)"},"content":{"rendered":"<table width=\"504\" border=\"0\" align=\"center\" bgcolor=\"#ffffff\">\n<tbody>\n<tr>\n<td align=\"center\" valign=\"middle\" width=\"642\">\n<table border=\"0\" align=\"center\">\n<tbody>\n<tr>\n<td align=\"center\" valign=\"middle\">\n<h3><strong><em>T\u00dcRG\u00d6K<br \/>\nT\u00fcrkiye G\u00f6rme \u00d6z\u00fcrl\u00fcler Kitapl\u0131\u011f\u0131 <\/em><\/strong><\/h3>\n<\/td>\n<\/tr>\n<\/tbody>\n<\/table>\n<\/td>\n<\/tr>\n<tr>\n<td align=\"center\" valign=\"middle\"><\/td>\n<\/tr>\n<tr>\n<td align=\"center\" valign=\"middle\">\n<h3 align=\"center\"><strong>T\u00dcRK\u0130YE G\u00d6RME \u00d6Z\u00dcRL\u00dcLER K\u0130TAPLI\u011eI<\/strong><br \/>\n<strong>2. \u00d6YK\u00dc YARI\u015eMASI<\/strong><\/h3>\n<\/td>\n<\/tr>\n<tr>\n<td align=\"center\" valign=\"middle\">\n<h3><strong>Y\u00d6NERGE:<\/strong><\/h3>\n<\/td>\n<\/tr>\n<tr>\n<td align=\"left\" valign=\"middle\">T\u00fcrkiye\u2019nin ilk ve tek G\u00f6rme \u00d6z\u00fcrl\u00fcler Kitapl\u0131\u011f\u0131 (T\u00dcRG\u00d6K), her y\u0131l mart ay\u0131nda kutlanan K\u00fct\u00fcphane Haftas\u0131 kapsam\u0131nda, g\u00f6rme \u00f6z\u00fcrl\u00fcler aras\u0131nda geleneksel olarak bir \u00f6yk\u00fc yar\u0131\u015fmas\u0131 d\u00fczenlemeye karar vermi\u015ftir.<!--more--><\/td>\n<\/tr>\n<tr>\n<td align=\"center\" valign=\"middle\">\n<h3><strong>Ama\u00e7:<\/strong><\/h3>\n<\/td>\n<\/tr>\n<tr>\n<td align=\"left\" valign=\"middle\">G\u00f6rme \u00d6z\u00fcrl\u00fcleri yazmaya y\u00f6nlendirmek; kendilerine \u00f6zg\u00fc duyarl\u0131l\u0131klar\u0131n\u0131 \u00f6yk\u00fc t\u00fcr\u00fc \u00e7er\u00e7evesinde ortaya koymalar\u0131na olanak tan\u0131mak ve ya\u015fam\u0131 g\u00f6n\u00fcl g\u00f6z\u00fcyle anlamaya ve anlamland\u0131rmaya \u00e7aba g\u00f6steren dostlar\u0131m\u0131z aras\u0131ndan yeni yazarlar\u0131n \u00e7\u0131kmas\u0131 i\u00e7in de yeni bir f\u0131rsat yaratmak bu yar\u0131\u015fman\u0131n ama\u00e7lar\u0131 aras\u0131nda say\u0131lmaktad\u0131r.<\/td>\n<\/tr>\n<tr>\n<td align=\"center\" valign=\"middle\">\n<h3><strong>Genel Kurallar:<\/strong><\/h3>\n<\/td>\n<\/tr>\n<tr>\n<td align=\"left\" valign=\"middle\">\n<ul>\n<li>Yar\u0131\u015fma, y\u0131lda bir kez d\u00fczenlenir.<\/li>\n<li>Ana tema her y\u0131l yeniden belirlenir.<\/li>\n<li>Yar\u0131\u015fma \u00f6d\u00fclleri her y\u0131l yeniden belirlenir. Dereceye giren ve yay\u0131mlanabilecek nitelikteki \u00f6yk\u00fcleri T\u00dcRG\u00d6K kitapla\u015ft\u0131r\u0131r.<\/li>\n<\/ul>\n<ul>\n<li>Yar\u0131\u015fmaya g\u00f6nderilen \u00f6yk\u00fclerin her t\u00fcrl\u00fc yay\u0131n hakk\u0131 T\u00dcRG\u00d6K\u2019e aittir. T\u00dcRG\u00d6K, t\u00fcm \u00f6yk\u00fcleri her t\u00fcrl\u00fc tan\u0131t\u0131m ve yay\u0131n gereci olarak kullanma ve \u00e7e\u015fitli mek\u00e2nlarda sergileme hakk\u0131na sahip olacakt\u0131r. Teslim tarihinden itibaren eserlerin t\u00fcm hakk\u0131 T\u00dcRG\u00d6K\u2019e\u00a0ge\u00e7ecektir. \u00d6d\u00fcl d\u0131\u015f\u0131nda ba\u015fka bir telif \u00f6demesi yap\u0131lmayacakt\u0131r.<\/li>\n<\/ul>\n<ul>\n<li>Yar\u0131\u015fma iki ayr\u0131 ya\u015f grubunda d\u00fczenlenmi\u015ftir.<\/li>\n<\/ul>\n<p>1. Grup: 9\u201314 ya\u015f\u00a0\u00a0\u00a0 2 . Grup: 15 ya\u015f ve \u00fcst\u00fc.<\/td>\n<\/tr>\n<tr>\n<td align=\"center\" valign=\"middle\">\n<h3><strong>Kat\u0131l\u0131m Ko\u015fullar\u0131:<\/strong><\/h3>\n<\/td>\n<\/tr>\n<tr>\n<td align=\"left\" valign=\"middle\"><strong>\u00a0\u00a0\u00a0\u00a0 <\/strong>A\u015fa\u011f\u0131da belirtilen\u00a0\u00a0kat\u0131l\u0131m\u00a0 ko\u015fullar\u0131\u00a0 her iki<strong>\u00a0<\/strong>ya\u015f grubu i\u00e7in de ge\u00e7erlidir.<\/p>\n<p style=\"text-align: justify;\">1. Yar\u0131\u015fma dili T\u00fcrk\u00e7edir. Yar\u0131\u015fma T\u00fcrkiye ve yurtd\u0131\u015f\u0131ndan t\u00fcm G\u00f6rme \u00d6z\u00fcrl\u00fclere a\u00e7\u0131kt\u0131r.<br \/>\n2. Yar\u0131\u015fmaya eser g\u00f6nderecek ki\u015fi, T\u00dcRG\u00d6K \u00fcyesi de\u011filse kendisinden g\u00f6rme \u00f6z\u00fcrl\u00fc oldu\u011funu belirleyecek bir belge de istenecektir.<br \/>\n3. Yar\u0131\u015fmaya kat\u0131lacak eserlerin belirtilen adrese posta yoluyla ya da elden ve s\u00fcresi i\u00e7inde teslimi zorunludur.<br \/>\n4. Daha \u00f6nce herhangi bir yar\u0131\u015fmada \u00f6d\u00fcl alm\u0131\u015f ya da yay\u0131mlanm\u0131\u015f eserler de\u011ferlendirme d\u0131\u015f\u0131 b\u0131rak\u0131lacakt\u0131r.<br \/>\n5. 2012 y\u0131l\u0131 i\u00e7in ana tema <strong>\u201cELLER\u201d<\/strong> olarak belirlenmi\u015ftir.<br \/>\n6. Kat\u0131l\u0131m bir \u00f6yk\u00fcyledir.<br \/>\n7. Yar\u0131\u015fmac\u0131; kimli\u011fini, a\u00e7\u0131k adresini, telefonunu \u00a0ve k\u0131sa ya\u015fam \u00f6yk\u00fcs\u00fcn\u00fc eserlerin yer ald\u0131\u011f\u0131 b\u00fcy\u00fck zarf\u0131n i\u00e7ine koyacakt\u0131r.<br \/>\n8. <span style=\"color: #0000ff;\"><strong>Son ba\u015fvuru tarihi 15 Mart 2012 Per\u015fembe\u2019dir<\/strong><\/span>. Posta ve kargodaki gecikmelerden dolay\u0131 ge\u00e7 ula\u015fan eserler dikkate al\u0131nmaz.<br \/>\n9.\u00a0 Yar\u0131\u015fmaya, T\u00dcRG\u00d6K Y\u00f6netim Kurulu \u00fcyeleri ve \u00e7al\u0131\u015fanlar\u0131 ile onlar\u0131n birinci derece yak\u0131nlar\u0131 kat\u0131lamayacakt\u0131r.<br \/>\n10. \u00d6yk\u00fcler; bilgisayarda; Times New Roman karakterinde, 12 punto ve 1,5 sat\u0131r aral\u0131\u011f\u0131nda yaz\u0131lacak ve A4 k\u00e2\u011f\u0131da 2 kopya olarak g\u00f6nderilecektir.<br \/>\n11. \u00d6yk\u00fcler i\u00e7in \u00fcst s\u0131n\u0131r on (10) sayfad\u0131r.<br \/>\n12. Kat\u0131l\u0131mc\u0131lar\u0131n, \u00f6yk\u00fclerinde, T\u00fcrk\u00e7enin anlat\u0131m olanaklar\u0131ndan yararlanmalar\u0131 beklenmektedir.<br \/>\n13. Yar\u0131\u015fma i\u00e7in g\u00f6nderilen \u00f6yk\u00fcler geri verilmeyecektir.<br \/>\n14. Yar\u0131\u015fmaya kat\u0131lanlar, bu ko\u015fullar\u0131 t\u00fcm\u00fcyle kabul etmi\u015f say\u0131l\u0131rlar.<br \/>\n15. Se\u00e7ici Kurul: Birsen FERAHLI (Yazar), Canan TAN (yazar), D\u00fcriye AYYILDIZ (edebiyat \u00d6\u011fretmeni), Hidayet KARAKU\u015e (\u015fair, yazar), Mavisel YENER (yazar), Muzaffer \u0130zg\u00fc (yazar), Y. Bekir YURDAKUL (gazeteci), T\u00fclay YAZGAN (T\u00dcRG\u00d6K Temsilcisi)<br \/>\n16. \u00d6d\u00fcller, may\u0131sta, \u201cEngelliler Haftas\u0131\u201d i\u00e7inde t\u00f6renle verilir.<\/p>\n<\/td>\n<\/tr>\n<tr>\n<td align=\"left\" valign=\"middle\">\n<table width=\"590\" border=\"0\">\n<tbody>\n<tr>\n<td align=\"center\" valign=\"middle\" width=\"119\"><\/td>\n<td align=\"left\" valign=\"middle\" width=\"154\">1. Grup\u00a0 \u00d6d\u00fclleri:<\/td>\n<td align=\"center\" valign=\"middle\" width=\"73\"><\/td>\n<td align=\"left\" valign=\"middle\" width=\"110\"><\/td>\n<td align=\"left\" valign=\"middle\" width=\"172\">2. Grup\u00a0 \u00d6d\u00fclleri:<\/td>\n<\/tr>\n<tr>\n<td>Birincilik:<br \/>\n\u0130kincilik:<br \/>\n\u00dc\u00e7\u00fcnc\u00fcl\u00fck:<br \/>\n1. Mansiyon:<br \/>\n2. Mansiyon:<br \/>\n3. Mansiyon:<\/td>\n<td>Netbook<br \/>\nCep Telefonu<br \/>\nCep Telefonu<br \/>\nSes Kay\u0131t Cihaz\u0131<br \/>\nSes Kay\u0131t Cihaz\u0131<br \/>\nSes Kay\u0131t Cihaz\u0131<\/td>\n<td><\/td>\n<td>Birincilik:<br \/>\n\u0130kincilik:<br \/>\n\u00dc\u00e7\u00fcnc\u00fcl\u00fck:<br \/>\n1. Mansiyon:<br \/>\n2. Mansiyon:<br \/>\n3. Mansiyon:<\/td>\n<td>Netbook<br \/>\nNetbook<br \/>\nCep Telefonu<br \/>\nSes Kay\u0131t Cihaz\u0131<br \/>\nSes Kay\u0131t Cihaz\u0131<br \/>\nSes Kay\u0131t Cihaz\u0131<\/td>\n<\/tr>\n<\/tbody>\n<\/table>\n<\/td>\n<\/tr>\n<tr>\n<td align=\"center\" valign=\"middle\">\n<h3><strong>Se\u00e7ici Kurul \u00d6zel \u00d6d\u00fcl\u00fc: <\/strong><\/h3>\n<\/td>\n<\/tr>\n<tr>\n<td align=\"left\" valign=\"middle\">Se\u00e7ici Kurul taraf\u0131ndan belirlenecek bir \u00f6d\u00fcl.<\/td>\n<\/tr>\n<tr>\n<td align=\"center\" valign=\"middle\">\n<h3><strong>Ba\u015fvuru Adresi:<\/strong><\/h3>\n<\/td>\n<\/tr>\n<tr>\n<td align=\"left\" valign=\"middle\"><strong>T\u00dcRG\u00d6K<\/strong> &#8211; T\u00fcrkiye G\u00f6rme \u00d6z\u00fcrl\u00fcler Kitapl\u0131\u011f\u0131<br \/>\nG\u00fcrsel Aksel Bulvar\u0131 No. 35\/Z \u00dc\u00e7kuyular \u0130zmir.<br \/>\nTel: (0232) 224 26 27 \u2013 224 32 33Kaynak: http:\/\/www.turgok.org\/<\/td>\n<\/tr>\n<\/tbody>\n<\/table>\n","protected":false},"excerpt":{"rendered":"<p>T\u00dcRG\u00d6K T\u00fcrkiye G\u00f6rme \u00d6z\u00fcrl\u00fcler Kitapl\u0131\u011f\u0131 T\u00dcRK\u0130YE G\u00d6RME \u00d6Z\u00dcRL\u00dcLER K\u0130TAPLI\u011eI 2. \u00d6YK\u00dc YARI\u015eMASI Y\u00d6NERGE: T\u00fcrkiye\u2019nin ilk ve tek G\u00f6rme \u00d6z\u00fcrl\u00fcler Kitapl\u0131\u011f\u0131 (T\u00dcRG\u00d6K), her y\u0131l mart ay\u0131nda kutlanan K\u00fct\u00fcphane Haftas\u0131 kapsam\u0131nda, g\u00f6rme \u00f6z\u00fcrl\u00fcler aras\u0131nda geleneksel olarak bir \u00f6yk\u00fc yar\u0131\u015fmas\u0131 d\u00fczenlemeye karar vermi\u015ftir.<\/p>\n","protected":false},"author":1,"featured_media":0,"comment_status":"open","ping_status":"open","sticky":false,"template":"","format":"standard","meta":{"footnotes":""},"categories":[1469,1,1487],"tags":[1461],"class_list":["post-1845","post","type-post","status-publish","format-standard","hentry","category-48-kutuphane-haftasi","category-genel","category-gorme-engelli-kutuphane","tag-kutuphane-haftasi"],"_links":{"self":[{"href":"https:\/\/www.bbyhaber.com\/bby\/wp-json\/wp\/v2\/posts\/1845"}],"collection":[{"href":"https:\/\/www.bbyhaber.com\/bby\/wp-json\/wp\/v2\/posts"}],"about":[{"href":"https:\/\/www.bbyhaber.com\/bby\/wp-json\/wp\/v2\/types\/post"}],"author":[{"embeddable":true,"href":"https:\/\/www.bbyhaber.com\/bby\/wp-json\/wp\/v2\/users\/1"}],"replies":[{"embeddable":true,"href":"https:\/\/www.bbyhaber.com\/bby\/wp-json\/wp\/v2\/comments?post=1845"}],"version-history":[{"count":0,"href":"https:\/\/www.bbyhaber.com\/bby\/wp-json\/wp\/v2\/posts\/1845\/revisions"}],"wp:attachment":[{"href":"https:\/\/www.bbyhaber.com\/bby\/wp-json\/wp\/v2\/media?parent=1845"}],"wp:term":[{"taxonomy":"category","embeddable":true,"href":"https:\/\/www.bbyhaber.com\/bby\/wp-json\/wp\/v2\/categories?post=1845"},{"taxonomy":"post_tag","embeddable":true,"href":"https:\/\/www.bbyhaber.com\/bby\/wp-json\/wp\/v2\/tags?post=1845"}],"curies":[{"name":"wp","href":"https:\/\/api.w.org\/{rel}","templated":true}]}}