{"id":18431,"date":"2016-02-24T16:48:12","date_gmt":"2016-02-24T14:48:12","guid":{"rendered":"http:\/\/www.bbyhaber.com\/bby\/?p=18431"},"modified":"2017-10-12T16:50:47","modified_gmt":"2017-10-12T13:50:47","slug":"kutuphaneciler-ozluk-haklari-icin-sahaya-cikacak","status":"publish","type":"post","link":"https:\/\/www.bbyhaber.com\/bby\/2016\/02\/24\/kutuphaneciler-ozluk-haklari-icin-sahaya-cikacak","title":{"rendered":"K\u00fct\u00fcphaneciler \u00f6zl\u00fck haklar\u0131 i\u00e7in sahaya \u00e7\u0131kacak"},"content":{"rendered":"<p style=\"text-align: justify;\"><img loading=\"lazy\" decoding=\"async\" class=\"alignleft\" title=\"k\u00fct\u00fcphaneci futbolcular\" src=\"http:\/\/www.bbyhaber.com\/bby\/wp-content\/uploads\/2016\/02\/c-bendi-futbol.jpg\" alt=\"\" width=\"328\" height=\"173\" \/>T\u00fcrk K\u00fct\u00fcphaneciler Derne\u011fi \u0130stanbul \u015eubesi bu y\u0131l 2. futbol turnuvas\u0131n\u0131 d\u00fczenliyor. Turnuvan\u0131n temas\u0131n\u0131 &#8220;<strong>k\u00fct\u00fcphane emek\u00e7ilerinin \u00f6zl\u00fck haklar\u0131<\/strong>&#8221; olu\u015fturuyor. Her alanda \u00fcretilmi\u015f bilgiyi, ihtiyac\u0131 olanlara ula\u015ft\u0131ran <strong>k\u00fct\u00fcphaneciler kadro istiyor<\/strong>, <strong>e\u015fit i\u015fe e\u015fit \u00fccret istiyor<\/strong>, <strong>ta\u015feronsuz g\u00fcvenceli bir \u00e7al\u0131\u015fma ya\u015fam\u0131 hayal ediyor<\/strong>. Futbol turnuvas\u0131 ile bir araya gelinip birlikte spor yap\u0131lmas\u0131, oyun oynanmas\u0131, sorunlar\u0131n g\u00f6r\u00fcn\u00fcr k\u0131l\u0131nmas\u0131, toplumsal fark\u0131ndal\u0131k yarat\u0131lmas\u0131 d\u00fc\u015f\u00fcn\u00fclmektedir.<!--more--><\/p>\n<p style=\"text-align: justify;\"><strong><span style=\"color: #ff0000;\">Turnuva Kat\u0131l\u0131m Ko\u015fullar\u0131<\/span><\/strong><\/p>\n<p style=\"text-align: justify;\"><strong><span style=\"color: #ff0000;\">Turnuvam\u0131z 20 Mart 2016 Pazar g\u00fcn\u00fc Kad\u0131k\u00f6y\u2019de Kalam\u0131\u015f Gen\u00e7lik Merkezi<\/span><\/strong>nde yap\u0131lacakt\u0131r.<\/p>\n<p style=\"text-align: justify;\">Turnuvam\u0131z her iki sahada 14.30 \u2013 19.30 saatleri aras\u0131nda yap\u0131lacakt\u0131r.<\/p>\n<p style=\"text-align: justify;\">Turnuva ayn\u0131 g\u00fcn sonu\u00e7lanacakt\u0131r. Eleme usul\u00fc ve \u00fcst turlarda tek ma\u00e7 yap\u0131lacakt\u0131r.<\/p>\n<p style=\"text-align: justify;\">Her tak\u0131m\u0131n bir ismi olmal\u0131d\u0131r.<\/p>\n<p style=\"text-align: justify;\">Her tak\u0131m sahada 7 oyuncu ile temsil edilecek ve oyunculardan en az biri kad\u0131n olmal\u0131.<\/p>\n<p style=\"text-align: justify;\">Her tak\u0131m en az 10 ki\u015fiden olu\u015fmal\u0131d\u0131r.<\/p>\n<p style=\"text-align: justify;\">Turnuvada hakem olmayacakt\u0131r.<\/p>\n<p style=\"text-align: justify;\">Tart\u0131\u015fmal\u0131 haller o an sahada olan oyuncular\u0131n aralar\u0131nda anla\u015farak verece\u011fi kararla giderilecektir.<\/p>\n<p style=\"text-align: justify;\"><span style=\"color: #ff0000;\"><strong>Kat\u0131lacak tak\u0131mlar\u0131n 14 Mart pazartesi g\u00fcn\u00fcne kadar<\/strong> <span style=\"color: #0000ff;\">bilgi@istanbulkutuphaneci<\/span><\/span><span style=\"color: #0000ff;\">.org<\/span> mail atmalar\u0131 gerekmektedir.<\/p>\n","protected":false},"excerpt":{"rendered":"<p>T\u00fcrk K\u00fct\u00fcphaneciler Derne\u011fi \u0130stanbul \u015eubesi bu y\u0131l 2. futbol turnuvas\u0131n\u0131 d\u00fczenliyor. Turnuvan\u0131n temas\u0131n\u0131 &#8220;k\u00fct\u00fcphane emek\u00e7ilerinin \u00f6zl\u00fck haklar\u0131&#8221; olu\u015fturuyor. Her alanda \u00fcretilmi\u015f bilgiyi, ihtiyac\u0131 olanlara ula\u015ft\u0131ran k\u00fct\u00fcphaneciler kadro istiyor, e\u015fit i\u015fe e\u015fit \u00fccret istiyor, ta\u015feronsuz g\u00fcvenceli bir \u00e7al\u0131\u015fma ya\u015fam\u0131 hayal ediyor. Futbol turnuvas\u0131 ile bir araya gelinip birlikte spor yap\u0131lmas\u0131, oyun oynanmas\u0131, sorunlar\u0131n g\u00f6r\u00fcn\u00fcr k\u0131l\u0131nmas\u0131, toplumsal [&hellip;]<\/p>\n","protected":false},"author":1,"featured_media":0,"comment_status":"open","ping_status":"open","sticky":false,"template":"","format":"standard","meta":{"footnotes":""},"categories":[1471],"tags":[1461,1013,1420],"class_list":["post-18431","post","type-post","status-publish","format-standard","hentry","category-52-kutuphane-haftasi","tag-kutuphane-haftasi","tag-kutuphaneci-futbol-takimi","tag-tkd-istanbul"],"_links":{"self":[{"href":"https:\/\/www.bbyhaber.com\/bby\/wp-json\/wp\/v2\/posts\/18431"}],"collection":[{"href":"https:\/\/www.bbyhaber.com\/bby\/wp-json\/wp\/v2\/posts"}],"about":[{"href":"https:\/\/www.bbyhaber.com\/bby\/wp-json\/wp\/v2\/types\/post"}],"author":[{"embeddable":true,"href":"https:\/\/www.bbyhaber.com\/bby\/wp-json\/wp\/v2\/users\/1"}],"replies":[{"embeddable":true,"href":"https:\/\/www.bbyhaber.com\/bby\/wp-json\/wp\/v2\/comments?post=18431"}],"version-history":[{"count":1,"href":"https:\/\/www.bbyhaber.com\/bby\/wp-json\/wp\/v2\/posts\/18431\/revisions"}],"predecessor-version":[{"id":22794,"href":"https:\/\/www.bbyhaber.com\/bby\/wp-json\/wp\/v2\/posts\/18431\/revisions\/22794"}],"wp:attachment":[{"href":"https:\/\/www.bbyhaber.com\/bby\/wp-json\/wp\/v2\/media?parent=18431"}],"wp:term":[{"taxonomy":"category","embeddable":true,"href":"https:\/\/www.bbyhaber.com\/bby\/wp-json\/wp\/v2\/categories?post=18431"},{"taxonomy":"post_tag","embeddable":true,"href":"https:\/\/www.bbyhaber.com\/bby\/wp-json\/wp\/v2\/tags?post=18431"}],"curies":[{"name":"wp","href":"https:\/\/api.w.org\/{rel}","templated":true}]}}