{"id":18425,"date":"2016-02-24T16:13:00","date_gmt":"2016-02-24T14:13:00","guid":{"rendered":"http:\/\/www.bbyhaber.com\/bby\/?p=18425"},"modified":"2016-04-12T18:07:04","modified_gmt":"2016-04-12T15:07:04","slug":"ankos-akademi-ikinci-egitim-donemi-basvurulari-basladi-son-basvuru-29-subat-2016","status":"publish","type":"post","link":"https:\/\/www.bbyhaber.com\/bby\/2016\/02\/24\/ankos-akademi-ikinci-egitim-donemi-basvurulari-basladi-son-basvuru-29-subat-2016","title":{"rendered":"ANKOS Akademi \u0130kinci E\u011fitim D\u00f6nemi ba\u015fvurular\u0131 ba\u015flad\u0131-Son Ba\u015fvuru-29 \u015eubat 2016"},"content":{"rendered":"<p style=\"text-align: justify;\"><img loading=\"lazy\" decoding=\"async\" class=\"alignleft\" src=\"http:\/\/www.bbyhaber.com\/bby\/wp-content\/uploads\/2016\/02\/ankos-akademi-basvuru.jpg\" alt=\"\" width=\"300\" height=\"160\" \/><\/p>\n<p style=\"text-align: justify;\">Bilgi hizmetleri alan\u0131nda \u00e7al\u0131\u015fanlar\u0131n uygulamaya dayal\u0131 becerilerini artt\u0131rmak, mesleki uzmanla\u015fmay\u0131 \u00f6n plana \u00e7\u0131kartmak ve en \u00f6nemlisi yetkinliklerin hayata ge\u00e7irilmesini sa\u011flamak amac\u0131 ile Mart 2015\u2019te ANKOS \u00e7at\u0131s\u0131 alt\u0131nda kurulan ANKOS Akademi\u2019nin <span style=\"color: #ff0000;\"><strong>ikinci d\u00f6nem \u00fccretsiz e\u011fitimleri 3 Mart 2016 Per\u015fembe<\/strong><\/span> g\u00fcn\u00fc ba\u015fl\u0131yor. Ba\u015fvuru formu ve ko\u015fullar\u0131 a\u015fa\u011f\u0131da a\u00e7\u0131klanmaktad\u0131r.<!--more--><\/p>\n<p style=\"text-align: justify;\">\u00c7evrimi\u00e7i uzaktan ger\u00e7ekle\u015ftirilecek e\u011fitim programlar\u0131, \u00fc\u00e7 farkl\u0131 konuda olacak:<\/p>\n<p style=\"text-align: justify;\">\u00b7\u00a0\u00a0\u00a0\u00a0\u00a0 A\u00e7\u0131k Eri\u015fim ve DSpace<\/p>\n<p style=\"text-align: justify;\">\u00b7\u00a0\u00a0\u00a0\u00a0\u00a0 Elektronik Kaynaklar\u0131n Se\u00e7im ve Y\u00f6netimi<\/p>\n<p style=\"text-align: justify;\">\u00b7\u00a0\u00a0\u00a0\u00a0\u00a0 RDA (Resource Description and Access): <em>Kaynak Tan\u0131mlama<\/em>\u00a0ve\u00a0<em>Eri\u015fim<\/em><\/p>\n<p style=\"text-align: justify;\"><strong>Bu programlardan hangisine ba\u015fvurmal\u0131y\u0131m diyorsan\u0131z?<\/strong><\/p>\n<ul>\n<li>Son y\u0131llar\u0131n en \u00f6nemli konular\u0131ndan A\u00e7\u0131k Eri\u015fim, Kurumsal Ar\u015fiv ve DSpace ile ilgili kendimi daha fazla geli\u015ftirmeliyim, bu alanlarda uzmanla\u015fmal\u0131y\u0131m. \u00dcniversitemin g\u00f6r\u00fcn\u00fcrl\u00fc\u011f\u00fcn\u00fc artt\u0131r\u0131rken ayn\u0131 zamanda ara\u015ft\u0131rman\u0131n bir par\u00e7as\u0131 ve yenilik\u00e7i bir ekip \u00fcyesi olarak ara\u015ft\u0131rma toplulu\u011funun i\u00e7erisinde yerimi almal\u0131y\u0131m diyorsan\u0131z: <strong>\u201cA\u00e7\u0131k Eri\u015fim ve DSpace\u201d.<\/strong><\/li>\n<\/ul>\n<ul>\n<li>K\u00fct\u00fcphane b\u00fct\u00e7elerimiz s\u0131n\u0131rl\u0131 ve b\u00fct\u00e7emizin yakla\u015f\u0131k %90\u2019\u0131 elektronik kaynaklara harcan\u0131yor. B\u00fct\u00e7emizi daha efektif kullanabilmek, elektronik kaynaklar konusunda uzmanla\u015fabilmek ve daha iyi hizmet verebilmek i\u00e7in elektronik kaynaklar\u0131n se\u00e7imi, y\u00f6netimi ve hukuki s\u00fcre\u00e7leri hakk\u0131nda daha fazla bilgi sahibi olmal\u0131y\u0131m diyorsan\u0131z: <strong>\u201cElektronik Kaynaklar\u0131n Se\u00e7im ve Y\u00f6netimi\u201d.<\/strong><\/li>\n<\/ul>\n<ul>\n<li>Kataloglama kurallar\u0131nda bir standartla\u015fma olmal\u0131 ve RDA hakk\u0131nda daha fazla bilgi sahibi olmal\u0131y\u0131m diyorsan\u0131z: <strong>\u201cRDA (Resource Description and Access): <em>Kaynak Tan\u0131mlama<\/em>\u00a0ve\u00a0<em>Eri\u015fim\u201d.<\/em><\/strong><\/li>\n<\/ul>\n<p style=\"text-align: justify;\">Ba\u015fvurunuzu, <strong>24 \u015eubat 2016 \u00c7ar\u015famba <\/strong>g\u00fcn\u00fcnden itibaren <strong>29 \u015eubat Pazartesi g\u00fcn\u00fc saat 17.00\u2019ye<\/strong> kadar a\u015fa\u011f\u0131daki linkten ula\u015fabilece\u011finiz formu doldurarak yapabilirsiniz.<\/p>\n<p style=\"text-align: justify;\"><span style=\"color: #0000ff;\"><strong>E\u011fitimlere ili\u015fkin tarih, saat ve e\u011fitmen bilgileri ve ba\u015fvuru \u015fartlar\u0131n\u0131 a\u015fa\u011f\u0131daki gibidir:<\/strong><\/span><\/p>\n<p><span style=\"color: #ff0000;\"><strong>1- Dersin Ad\u0131: A\u00e7\u0131k Eri\u015fim ve DSpace<\/strong><\/span><br \/>\nDers S\u00fcresi: 9 Ders Saati (her bir ders 40 dakikad\u0131r)<\/p>\n<table width=\"450\" border=\"1\" cellspacing=\"0\" cellpadding=\"0\">\n<tbody>\n<tr>\n<td valign=\"top\" width=\"142\"><strong>E\u011fitim Tarihleri<\/strong><\/td>\n<td valign=\"top\" width=\"177\"><strong>E\u011fitim G\u00fcnleri<\/strong><\/td>\n<td valign=\"top\" width=\"89\"><strong>Saatleri<\/strong><\/td>\n<td valign=\"top\" width=\"206\"><strong>E\u011fitmen<\/strong><\/td>\n<\/tr>\n<tr>\n<td valign=\"top\" width=\"142\">3-4 Mart 2016<\/td>\n<td valign=\"top\" width=\"177\">Per\u015fembe, Cuma<\/td>\n<td valign=\"top\" width=\"89\">11.30-12.10<\/td>\n<td valign=\"top\" width=\"206\">S\u00f6nmez \u00c7EL\u0130K<\/td>\n<\/tr>\n<tr>\n<td valign=\"top\" width=\"142\">8-9-10-11 Mart 2016<\/td>\n<td valign=\"top\" width=\"177\">Sal\u0131, \u00c7ar\u015famba, Per\u015fembe, Cuma<\/td>\n<td valign=\"top\" width=\"89\">11.30-12.10<\/td>\n<td valign=\"top\" width=\"206\">S\u00f6nmez \u00c7EL\u0130K<\/td>\n<\/tr>\n<tr>\n<td valign=\"top\" width=\"142\">15-16-17 Mart 2016<\/td>\n<td valign=\"top\" width=\"177\">Sal\u0131, \u00c7ar\u015famba, Per\u015fembe<\/td>\n<td valign=\"top\" width=\"89\">11.30-12.10<\/td>\n<td valign=\"top\" width=\"206\">S\u00f6nmez \u00c7EL\u0130K<\/td>\n<\/tr>\n<\/tbody>\n<\/table>\n<p><span style=\"color: #ff0000;\">\u00a0<strong>2- Dersin Ad\u0131: <\/strong><strong>\u201cRDA (Resource Description and Access): <\/strong><em><strong>Kaynak Tan\u0131mlama ve<\/strong><\/em><strong><em>\u00a0<\/em><\/strong><em><strong>Eri\u015fim\u201d <\/strong><\/em><\/span><br \/>\nDers S\u00fcresi: 9 Ders Saati (her bir ders 40 dakikad\u0131r)<\/p>\n<table width=\"450\" border=\"1\" cellspacing=\"0\" cellpadding=\"0\">\n<tbody>\n<tr>\n<td valign=\"top\" width=\"134\"><strong>E\u011fitim Tarihleri<\/strong><\/td>\n<td valign=\"top\" width=\"187\"><strong>E\u011fitim G\u00fcnleri<\/strong><\/td>\n<td valign=\"top\" width=\"87\"><strong>Saatleri<\/strong><\/td>\n<td valign=\"top\" width=\"199\"><strong>E\u011fitmen<\/strong><\/td>\n<\/tr>\n<tr>\n<td valign=\"top\" width=\"134\">3-4 Mart 2016<\/td>\n<td valign=\"top\" width=\"187\">Per\u015fembe, Cuma<\/td>\n<td valign=\"top\" width=\"87\">12.20-13.00<\/td>\n<td valign=\"top\" width=\"199\">Emine G\u00dcR<\/td>\n<\/tr>\n<tr>\n<td valign=\"top\" width=\"134\">8-9-10 Mart 2016<\/td>\n<td valign=\"top\" width=\"187\">Sal\u0131, \u00c7ar\u015famba, Per\u015fembe<\/td>\n<td valign=\"top\" width=\"87\">12.20-13.00<\/td>\n<td valign=\"top\" width=\"199\">Emine G\u00dcR, Bahar Bi\u00e7en ARAS<\/td>\n<\/tr>\n<tr>\n<td valign=\"top\" width=\"134\">15-16-17 Mart 2016<\/td>\n<td valign=\"top\" width=\"187\">Sal\u0131, \u00c7ar\u015famba, Per\u015fembe<\/td>\n<td valign=\"top\" width=\"87\">12.20-13.00<\/td>\n<td valign=\"top\" width=\"199\">Bahar Bi\u00e7en ARAS<\/td>\n<\/tr>\n<tr>\n<td valign=\"top\" width=\"134\">23 Mart 2016<\/td>\n<td valign=\"top\" width=\"187\">\u00c7ar\u015famba<\/td>\n<td valign=\"top\" width=\"87\">12.20-13.00<\/td>\n<td valign=\"top\" width=\"199\">Ortak E\u011fitim<\/td>\n<\/tr>\n<\/tbody>\n<\/table>\n<p><span style=\"color: #ff0000;\"><strong>3- Dersin Ad\u0131: Elektronik Kaynaklar\u0131n Se\u00e7im ve Y\u00f6netimi<\/strong><\/span><strong><br \/>\n<\/strong>Ders S\u00fcresi: 9 Ders Saati (her bir ders 40 dakikad\u0131r)<\/p>\n<table width=\"450\" border=\"1\" cellspacing=\"0\" cellpadding=\"0\">\n<tbody>\n<tr>\n<td valign=\"top\" width=\"134\"><strong>E\u011fitim Tarihleri<\/strong><\/td>\n<td valign=\"top\" width=\"187\"><strong>E\u011fitim G\u00fcnleri<\/strong><\/td>\n<td valign=\"top\" width=\"87\"><strong>Saatleri<\/strong><\/td>\n<td valign=\"top\" width=\"199\"><strong>E\u011fitmen<\/strong><\/td>\n<\/tr>\n<tr>\n<td valign=\"top\" width=\"134\">3-4 Mart 2016<\/td>\n<td valign=\"top\" width=\"187\">Per\u015fembe, Cuma<\/td>\n<td valign=\"top\" width=\"87\">13.10-13.50<\/td>\n<td valign=\"top\" width=\"199\">Dr. Burcu BULUT<\/td>\n<\/tr>\n<tr>\n<td valign=\"top\" width=\"134\">8-9-10 Mart 2016<\/td>\n<td valign=\"top\" width=\"187\">Sal\u0131, \u00c7ar\u015famba, Per\u015fembe<\/td>\n<td valign=\"top\" width=\"87\">13.10-13.50<\/td>\n<td valign=\"top\" width=\"199\">Derya SO\u011eUKSU<\/td>\n<\/tr>\n<tr>\n<td valign=\"top\" width=\"134\">15-16-17 Mart 2016<\/td>\n<td valign=\"top\" width=\"187\">\u00c7ar\u015famba, Per\u015fembe, Cuma<\/td>\n<td valign=\"top\" width=\"87\">13.10-13.50<\/td>\n<td valign=\"top\" width=\"199\">Kerem KAHVEC\u0130O\u011eLU<\/td>\n<\/tr>\n<tr>\n<td valign=\"top\" width=\"134\">23 Mart 2016<\/td>\n<td valign=\"top\" width=\"187\">\u00c7ar\u015famba<\/td>\n<td valign=\"top\" width=\"87\">13.10-13.50<\/td>\n<td valign=\"top\" width=\"199\">Ortak E\u011fitim<\/td>\n<\/tr>\n<\/tbody>\n<\/table>\n<p><strong>E\u011fitimlere \u0130li\u015fkin Bilgiler:<\/strong><\/p>\n<ul>\n<li>E\u011fitimler 9\u2019ar ders saati (her bir ders saati 40 dakikad\u0131r) olacak \u015fekilde planlanm\u0131\u015ft\u0131r.<\/li>\n<li>Kat\u0131l\u0131m belgesi i\u00e7in derslerin % 80&#8217;ine kat\u0131l\u0131m \u015fart\u0131 gereklidir.<\/li>\n<li>E\u011fitimlerde kullan\u0131lacak yaz\u0131l\u0131m\u0131n eri\u015fim linkleri 2 Mart 2016 \u00c7ar\u015famba g\u00fcn\u00fc kat\u0131l\u0131mc\u0131larla payla\u015f\u0131lacakt\u0131r.<\/li>\n<li>E\u011fitimlerden \u00f6nce e\u011fitimci ve kat\u0131l\u0131mc\u0131lar gerekli ba\u011flant\u0131 testlerini yapmal\u0131 ve vaktinde e\u011fitime kat\u0131lmal\u0131d\u0131r.<\/li>\n<\/ul>\n<p><strong>II. D\u00f6nem \u00dccretsiz E\u011fitimler \u0130\u00e7in Ba\u015fvuru \u015eartlar\u0131:<\/strong><\/p>\n<p>1)\u00a0\u00a0\u00a0\u00a0\u00a0 ANKOS \u00dcyesi bir kurumda \u00e7al\u0131\u015f\u0131yor olmak<\/p>\n<p>2)\u00a0\u00a0\u00a0\u00a0\u00a0 E\u011fitimler i\u00e7in ilgili alanda en \u00e7ok 5 y\u0131ld\u0131r \u00e7al\u0131\u015f\u0131yor olmak.<\/p>\n<p>3)\u00a0\u00a0\u00a0\u00a0\u00a0 Ba\u015fvurular online sistemden kabul edilecek olup, ba\u015fvuru s\u0131ras\u0131nda kesinlikle kurumsal e-posta adresi kullan\u0131lmal\u0131d\u0131r (gmail, hotmail, vb. kabul edilmez).<\/p>\n<p>4)\u00a0\u00a0\u00a0\u00a0\u00a0 \u00d6nceden test edilmi\u015f olmas\u0131 kayd\u0131yla, gerekli teknik alt yap\u0131 ve donan\u0131ma sahip olmak<\/p>\n<ul>\n<li>\u0130nternet alt yap\u0131s\u0131, kulakl\u0131k, mikrofon, sessiz ortam<\/li>\n<\/ul>\n<p>5)\u00a0\u00a0\u00a0\u00a0\u00a0 \u00dccretsiz e\u011fitimlerde, daha \u00f6nceden ayn\u0131 i\u00e7erikli e\u011fitimi almam\u0131\u015f ki\u015fi ve kurumlara \u00f6ncelik verilir.<\/p>\n<p>Ba\u015fvurular, a\u015fa\u011f\u0131daki linkte yer alan formun <strong>24<\/strong> <strong>\u015eubat 2016 \u00c7ar\u015famba<\/strong> g\u00fcn\u00fcnden itibaren <strong>29 \u015eubat Pazartesi g\u00fcn\u00fc saat 17.00\u2019ye<\/strong> kadar doldurulmas\u0131 suretiyle yap\u0131lacakt\u0131r.<\/p>\n<p>Ba\u015fvurular ANKOS YK taraf\u0131ndan de\u011ferlendirilecek olup, her bir program i\u00e7in 15 as\u0131l 5 yedek olmak \u00fczere kat\u0131lacaklar\u0131n listesi <strong>1 Mart 2016 Sal\u0131 g\u00fcn\u00fc <\/strong>payla\u015f\u0131lacakt\u0131r.<\/p>\n<p><span style=\"color: #0000ff;\"><strong><a href=\"http:\/\/anket.ankos.org.tr\/index.php?r=survey\/index&amp;sid=429584&amp;lang=en\" target=\"_blank\"><span style=\"color: #0000ff;\">Ba\u015fvuru Formu<\/span><\/a><\/strong><\/span><\/p>\n","protected":false},"excerpt":{"rendered":"<p>Bilgi hizmetleri alan\u0131nda \u00e7al\u0131\u015fanlar\u0131n uygulamaya dayal\u0131 becerilerini artt\u0131rmak, mesleki uzmanla\u015fmay\u0131 \u00f6n plana \u00e7\u0131kartmak ve en \u00f6nemlisi yetkinliklerin hayata ge\u00e7irilmesini sa\u011flamak amac\u0131 ile Mart 2015\u2019te ANKOS \u00e7at\u0131s\u0131 alt\u0131nda kurulan ANKOS Akademi\u2019nin ikinci d\u00f6nem \u00fccretsiz e\u011fitimleri 3 Mart 2016 Per\u015fembe g\u00fcn\u00fc ba\u015fl\u0131yor. Ba\u015fvuru formu ve ko\u015fullar\u0131 a\u015fa\u011f\u0131da a\u00e7\u0131klanmaktad\u0131r.<\/p>\n","protected":false},"author":1,"featured_media":0,"comment_status":"open","ping_status":"open","sticky":false,"template":"","format":"standard","meta":{"footnotes":""},"categories":[1536],"tags":[1015],"class_list":["post-18425","post","type-post","status-publish","format-standard","hentry","category-ankos-akademi","tag-ankos"],"_links":{"self":[{"href":"https:\/\/www.bbyhaber.com\/bby\/wp-json\/wp\/v2\/posts\/18425"}],"collection":[{"href":"https:\/\/www.bbyhaber.com\/bby\/wp-json\/wp\/v2\/posts"}],"about":[{"href":"https:\/\/www.bbyhaber.com\/bby\/wp-json\/wp\/v2\/types\/post"}],"author":[{"embeddable":true,"href":"https:\/\/www.bbyhaber.com\/bby\/wp-json\/wp\/v2\/users\/1"}],"replies":[{"embeddable":true,"href":"https:\/\/www.bbyhaber.com\/bby\/wp-json\/wp\/v2\/comments?post=18425"}],"version-history":[{"count":0,"href":"https:\/\/www.bbyhaber.com\/bby\/wp-json\/wp\/v2\/posts\/18425\/revisions"}],"wp:attachment":[{"href":"https:\/\/www.bbyhaber.com\/bby\/wp-json\/wp\/v2\/media?parent=18425"}],"wp:term":[{"taxonomy":"category","embeddable":true,"href":"https:\/\/www.bbyhaber.com\/bby\/wp-json\/wp\/v2\/categories?post=18425"},{"taxonomy":"post_tag","embeddable":true,"href":"https:\/\/www.bbyhaber.com\/bby\/wp-json\/wp\/v2\/tags?post=18425"}],"curies":[{"name":"wp","href":"https:\/\/api.w.org\/{rel}","templated":true}]}}