{"id":18419,"date":"2016-02-23T19:22:52","date_gmt":"2016-02-23T17:22:52","guid":{"rendered":"http:\/\/www.bbyhaber.com\/bby\/?p=18419"},"modified":"2019-09-17T07:42:33","modified_gmt":"2019-09-17T04:42:33","slug":"heybeliada-halk-kutuphanesi-lojman-mi-oluyor","status":"publish","type":"post","link":"https:\/\/www.bbyhaber.com\/bby\/2016\/02\/23\/heybeliada-halk-kutuphanesi-lojman-mi-oluyor","title":{"rendered":"Heybeliada Halk K\u00fct\u00fcphanesi lojman m\u0131 oluyor?"},"content":{"rendered":"<p>CHP \u0130stanbul Milletvekili Onursal Ad\u0131g\u00fczel, Heybeliada\u2019da 40 k\u00fcsur y\u0131l halk k\u00fct\u00fcphanesi olarak hizmet vermi\u015f tarihi Triandafilidis K\u00f6\u015fk\u00fc\u2019n\u00fc, Meclis g\u00fcndemine ta\u015f\u0131d\u0131. Milli E\u011fitim Bakan\u0131 Nabi Avc\u0131 taraf\u0131ndan yan\u0131tlanmas\u0131 talebiyle verilen soru \u00f6nergesinde Ad\u0131g\u00fczel, \u201cHeybeliada halk\u0131n\u0131n t\u00fcm itirazlar\u0131na ve tepkilerine ra\u011fmen, Hazine taraf\u0131ndan Milli E\u011fitim Bakanl\u0131\u011f\u0131\u2019na tahsis edilen tarihi binan\u0131n lojman olarak kullan\u0131laca\u011f\u0131 y\u00f6n\u00fcndeki iddialar do\u011fru mudur?\u201d diye sordu.\u00a0 \u201cHeybeliada Halk\u0131n\u0131n Talepleri G\u00f6rmezden mi Geliniyor?\u201d<!--more--><\/p>\n<p style=\"text-align: justify;\">Ad\u0131g\u00fczel, Heybeliada\u2019n\u0131n en eski tarihi binalar\u0131ndan ve k\u00fclt\u00fcrel miraslar\u0131ndan biri olan Triandafilidis K\u00f6\u015fk\u00fc\u2019n\u00fcn, Bakanl\u0131k taraf\u0131ndan hizmet binas\u0131 olarak kullan\u0131laca\u011f\u0131 y\u00f6n\u00fcndeki iddialar\u0131n, tarihi bina i\u00e7in y\u0131llard\u0131r m\u00fccadele y\u00fcr\u00fcten Heybeliada halk\u0131n\u0131n tepkisine yol a\u00e7t\u0131\u011f\u0131n\u0131 belirtti.<\/p>\n<p style=\"text-align: justify;\">1968\u2019den 2008\u2019e kadar halk k\u00fct\u00fcphanesi olarak kullan\u0131lan tarihi binada, 2013 y\u0131l\u0131nda Heybeliada halk\u0131n\u0131n \u00e7abalar\u0131yla restorasyon \u00e7al\u0131\u015fmalar\u0131n\u0131n ba\u015flat\u0131ld\u0131\u011f\u0131na de\u011finen Ad\u0131g\u00fczel, \u201cKaderine terk edilmi\u015f tarihi binay\u0131, aya\u011fa kald\u0131rmak i\u00e7in var g\u00fcc\u00fcyle \u00e7abalayan Heybeliada halk\u0131n\u0131n, k\u00fct\u00fcphane talepleri g\u00f6rmezden mi gelinmektedir?\u201d dedi.<\/p>\n<p style=\"text-align: justify;\">Ad\u0131g\u00fczel, soru \u00f6nergesinde ayr\u0131ca tarihi binan\u0131n tahsis a\u015famas\u0131nda Adalar \u0130l\u00e7e Milli E\u011fitim M\u00fcd\u00fcrl\u00fc\u011f\u00fc\u2019n\u00fcn binan\u0131n k\u00fct\u00fcphane amac\u0131yla tahsis edilmesine kar\u015f\u0131 \u00e7\u0131kt\u0131\u011f\u0131 y\u00f6n\u00fcndeki iddialar\u0131n do\u011fru olup olmad\u0131\u011f\u0131n\u0131 sordu.<\/p>\n<p style=\"text-align: justify;\">Kaynak: http:\/\/www.gercekgundem.com\/<\/p>\n","protected":false},"excerpt":{"rendered":"<p>CHP \u0130stanbul Milletvekili Onursal Ad\u0131g\u00fczel, Heybeliada\u2019da 40 k\u00fcsur y\u0131l halk k\u00fct\u00fcphanesi olarak hizmet vermi\u015f tarihi Triandafilidis K\u00f6\u015fk\u00fc\u2019n\u00fc, Meclis g\u00fcndemine ta\u015f\u0131d\u0131. Milli E\u011fitim Bakan\u0131 Nabi Avc\u0131 taraf\u0131ndan yan\u0131tlanmas\u0131 talebiyle verilen soru \u00f6nergesinde Ad\u0131g\u00fczel, \u201cHeybeliada halk\u0131n\u0131n t\u00fcm itirazlar\u0131na ve tepkilerine ra\u011fmen, Hazine taraf\u0131ndan Milli E\u011fitim Bakanl\u0131\u011f\u0131\u2019na tahsis edilen tarihi binan\u0131n lojman olarak kullan\u0131laca\u011f\u0131 y\u00f6n\u00fcndeki iddialar do\u011fru mudur?\u201d [&hellip;]<\/p>\n","protected":false},"author":1,"featured_media":0,"comment_status":"open","ping_status":"open","sticky":false,"template":"","format":"standard","meta":{"footnotes":""},"categories":[1],"tags":[805],"class_list":["post-18419","post","type-post","status-publish","format-standard","hentry","category-genel","tag-heybeliada-kutuphanesi"],"_links":{"self":[{"href":"https:\/\/www.bbyhaber.com\/bby\/wp-json\/wp\/v2\/posts\/18419"}],"collection":[{"href":"https:\/\/www.bbyhaber.com\/bby\/wp-json\/wp\/v2\/posts"}],"about":[{"href":"https:\/\/www.bbyhaber.com\/bby\/wp-json\/wp\/v2\/types\/post"}],"author":[{"embeddable":true,"href":"https:\/\/www.bbyhaber.com\/bby\/wp-json\/wp\/v2\/users\/1"}],"replies":[{"embeddable":true,"href":"https:\/\/www.bbyhaber.com\/bby\/wp-json\/wp\/v2\/comments?post=18419"}],"version-history":[{"count":1,"href":"https:\/\/www.bbyhaber.com\/bby\/wp-json\/wp\/v2\/posts\/18419\/revisions"}],"predecessor-version":[{"id":27075,"href":"https:\/\/www.bbyhaber.com\/bby\/wp-json\/wp\/v2\/posts\/18419\/revisions\/27075"}],"wp:attachment":[{"href":"https:\/\/www.bbyhaber.com\/bby\/wp-json\/wp\/v2\/media?parent=18419"}],"wp:term":[{"taxonomy":"category","embeddable":true,"href":"https:\/\/www.bbyhaber.com\/bby\/wp-json\/wp\/v2\/categories?post=18419"},{"taxonomy":"post_tag","embeddable":true,"href":"https:\/\/www.bbyhaber.com\/bby\/wp-json\/wp\/v2\/tags?post=18419"}],"curies":[{"name":"wp","href":"https:\/\/api.w.org\/{rel}","templated":true}]}}