{"id":1841,"date":"2011-12-21T18:19:55","date_gmt":"2011-12-21T18:19:55","guid":{"rendered":"http:\/\/www.bbyhaber.com\/bby\/?p=1841"},"modified":"2012-06-06T19:27:51","modified_gmt":"2012-06-06T19:27:51","slug":"dag-koylerine-mini-kutuphane","status":"publish","type":"post","link":"https:\/\/www.bbyhaber.com\/bby\/2011\/12\/21\/dag-koylerine-mini-kutuphane","title":{"rendered":"Da\u011f K\u00f6ylerine Mini K\u00fct\u00fcphane"},"content":{"rendered":"<p style=\"text-align: justify;\">Sevgili dostlar 3 g\u00fcn \u00f6nce ba\u015flatm\u0131\u015f oldu\u011fumuz \u201cDa\u011f K\u00f6ylerine Mini K\u00fct\u00fcphane\u201d Kampanyam\u0131z kapsam\u0131nda \u0130zmir\u2019in Torbal\u0131 \u0130l\u00e7esine ba\u011fl\u0131 Da\u011f K\u00f6ylerine k\u00fct\u00fcphane kurmak i\u00e7in K\u0130TAP kampanyas\u0131 ba\u015flatt\u0131k. Bu hareketin amac\u0131, kitap alma g\u00fcc\u00fc olmayan orta gelirli ailelerimizin \u00e7ocuklar\u0131na kitap ula\u015ft\u0131rmak ve onlar\u0131n okuyup ayd\u0131nlanmas\u0131. Kampanyam\u0131z ba\u015flayal\u0131 \u00e7ok k\u0131sa bir s\u00fcre olmas\u0131na ra\u011fmen, \u015fuanda 500\u2019\u00fcn \u00fczerinde kitap toplad\u0131k. Belirledi\u011fimiz birka\u00e7 da\u011f k\u00f6y\u00fc var. <!--more-->\u0130lk \u00f6ncelikle k\u00fct\u00fcphaneyi kuraca\u011f\u0131m\u0131z k\u00f6y\u00fcm\u00fcz\u00fc \u00f6n\u00fcm\u00fczdeki d\u00f6nemde belirleyece\u011fiz. \u00d6ncelikle sizlerden \u00e7ocuklar\u0131m\u0131z i\u00e7in en \u00f6nemli ihtiya\u00e7 olan kitaplar\u0131n\u0131z\u0131 bekliyoruz. Ricam\u0131z, ilk\u00f6\u011fretim \u00e7ocuklar\u0131na ve orta\u00f6\u011fretim \u00f6\u011frencilerine y\u00f6nelik kitaplar\u0131 ba\u011f\u0131\u015flaman\u0131z. Kuraca\u011f\u0131m\u0131z k\u00fct\u00fcphanede hafta sonu darac\u0131k evlerinde kitap okuma f\u0131rsat\u0131 bulamayan k\u00f6y \u00e7ocuklar\u0131m\u0131z toplanarak ders \u00e7al\u0131\u015fabilecek.<\/p>\n<p style=\"text-align: justify;\">Taktir edersiniz ki, b\u00f6ylesi bir hareket i\u00e7in ilk \u00f6ncelikle k\u00fct\u00fcphanenin i\u00e7erisine masa, sandalye ve raflar gerekmektedir. Bunun i\u00e7in i\u015f adamlar\u0131 ve baz\u0131 meslek liseleri ile g\u00f6r\u00fc\u015fmelerimiz devam ediyor. \u00d6te yandan, okullar\u0131m\u0131z\u0131n bodrum katlar\u0131nda \u00e7\u00fcr\u00fcmeye terk edilen at\u0131l vaziyetteki s\u0131ra ve sandalyeleri alabilirsek, b\u00fcy\u00fck bir geri d\u00f6n\u00fc\u015f\u00fcmde yapm\u0131\u015f olaca\u011f\u0131z. Bunun i\u00e7in Milli E\u011fitim M\u00fcd\u00fcrl\u00fc\u011f\u00fcm\u00fczden talepte bulunaca\u011f\u0131z. Ayr\u0131ca, ba\u015flatm\u0131\u015f oldu\u011fumuz bu harekete kesinlikle ve kesinlikle hi\u00e7bir siyasi kurum kurulu\u015f kar\u0131\u015ft\u0131r\u0131lmayacakt\u0131r. Yard\u0131mlar\u0131n\u0131 memnuniyetle kabul edece\u011fiz.<\/p>\n<p style=\"text-align: justify;\">Kuraca\u011f\u0131m\u0131z ilk Da\u011f K\u00f6y\u00fc K\u00fct\u00fcphanesi\u2019nin a\u00e7\u0131l\u0131\u015f\u0131n\u0131 23 Nisan 2012 tarihinde yapmay\u0131 planl\u0131yoruz. Bu a\u015famada, \u0130stanbul \u00dcniversitesi Nif Da\u011f\u0131 Kaz\u0131 \u00c7al\u0131\u015fmalar\u0131 Ba\u015fkan\u0131 Prof. Dr. Elif T\u00fcl Tulunay\u2019\u0131n da b\u00fcy\u00fck desteklerini g\u00f6r\u00fcyoruz. \u00d6te yandan Ankara Devlet Opera ve Balesi de\u011ferli sanat\u00e7\u0131lar\u0131ndan G\u00fcner Erkan Birkan han\u0131m, de\u011ferli \u015eairimiz Mehmet Bardak\u00e7\u0131, de\u011ferli sanat\u00e7\u0131m\u0131z \u0130brahim Dere ve ad\u0131n\u0131 sayamad\u0131\u011f\u0131m\u0131z bir\u00e7ok esnaf ve i\u015f adam\u0131m\u0131z bu harekette bizlerin yan\u0131nda ve bizlerden desteklerini esirgemiyorlar. Ekolojik \u00dcreticiler Derne\u011fi, Karaot Tohum Derne\u011fi ve bir\u00e7ok sivil toplum kurulu\u015fu hem\u015fehri dernekleri bizleri destekliyor. Kendilerine sonsuz te\u015fekk\u00fcrlerimi sunuyorum. Planlad\u0131\u011f\u0131m\u0131z gibi 23 Nisan Ulusal Egemenlik ve \u00c7ocuk Bayram\u0131\u2019nda ilk k\u00fct\u00fcphanemizin a\u00e7\u0131l\u0131\u015f\u0131n\u0131 yaparsak, \u00e7ocuklar\u0131m\u0131za k\u00f6yde mini birer konser vermeyi de planl\u0131yoruz.<br \/>\nSevgili dostlar, Torbal\u0131\u2019da ba\u015flatt\u0131\u011f\u0131m\u0131z bu hareket, umar\u0131m b\u00fct\u00fcn \u00fclke geneline yay\u0131l\u0131r. Kitaplar\u0131n yan\u0131 s\u0131ra, e\u011fitici cdler, ders \u00e7al\u0131\u015fma programlar\u0131 da g\u00f6nderebilirisiniz. Kitaplar\u0131 ula\u015ft\u0131rabilece\u011finiz adresler, Torbal\u0131\u2019n\u0131n Merkezi\u2019nde Yeni Torbal\u0131 Gazetesi, Egem Kitap K\u0131rtasiye, Kelepir Kahve Evi, Pizza Love Kafe, \u015eahin Simit Saray\u0131, Efe K\u0131rtasiye, Hac\u0131lar Medo Kundura.<br \/>\nKargo ile g\u00f6ndermek isterseniz e\u011fer, her hangi bir kargonun Torbal\u0131 \u015eubesine, Yeni Torbal\u0131 Gazetesi Muhabiri, Vedat G\u00f6k\u00e7ay: 0507 482 72 77-0544 579 97 98- \u00d6zen \u00d6zden, 0506 643 62 69 ad\u0131na g\u00f6nderebilir, belirtti\u011fimiz telefon numaralar\u0131 ile bizimle irtibata ge\u00e7ebilirsiniz. Kampanyam\u0131za kat\u0131lan kat\u0131lmayan herkese sonsuz te\u015fekk\u00fcrlerimizi sunuyoruz.<\/p>\n<p style=\"text-align: justify;\">Vedat G\u00f6k\u00e7ay<\/p>\n<p style=\"text-align: justify;\">Kaynak: http:\/\/www.haberyoruk.com\/<\/p>\n","protected":false},"excerpt":{"rendered":"<p>Sevgili dostlar 3 g\u00fcn \u00f6nce ba\u015flatm\u0131\u015f oldu\u011fumuz \u201cDa\u011f K\u00f6ylerine Mini K\u00fct\u00fcphane\u201d Kampanyam\u0131z kapsam\u0131nda \u0130zmir\u2019in Torbal\u0131 \u0130l\u00e7esine ba\u011fl\u0131 Da\u011f K\u00f6ylerine k\u00fct\u00fcphane kurmak i\u00e7in K\u0130TAP kampanyas\u0131 ba\u015flatt\u0131k. Bu hareketin amac\u0131, kitap alma g\u00fcc\u00fc olmayan orta gelirli ailelerimizin \u00e7ocuklar\u0131na kitap ula\u015ft\u0131rmak ve onlar\u0131n okuyup ayd\u0131nlanmas\u0131. Kampanyam\u0131z ba\u015flayal\u0131 \u00e7ok k\u0131sa bir s\u00fcre olmas\u0131na ra\u011fmen, \u015fuanda 500\u2019\u00fcn \u00fczerinde kitap toplad\u0131k. [&hellip;]<\/p>\n","protected":false},"author":1,"featured_media":0,"comment_status":"open","ping_status":"open","sticky":false,"template":"","format":"standard","meta":{"footnotes":""},"categories":[1],"tags":[216],"class_list":["post-1841","post","type-post","status-publish","format-standard","hentry","category-genel","tag-dag-koyleri"],"_links":{"self":[{"href":"https:\/\/www.bbyhaber.com\/bby\/wp-json\/wp\/v2\/posts\/1841"}],"collection":[{"href":"https:\/\/www.bbyhaber.com\/bby\/wp-json\/wp\/v2\/posts"}],"about":[{"href":"https:\/\/www.bbyhaber.com\/bby\/wp-json\/wp\/v2\/types\/post"}],"author":[{"embeddable":true,"href":"https:\/\/www.bbyhaber.com\/bby\/wp-json\/wp\/v2\/users\/1"}],"replies":[{"embeddable":true,"href":"https:\/\/www.bbyhaber.com\/bby\/wp-json\/wp\/v2\/comments?post=1841"}],"version-history":[{"count":0,"href":"https:\/\/www.bbyhaber.com\/bby\/wp-json\/wp\/v2\/posts\/1841\/revisions"}],"wp:attachment":[{"href":"https:\/\/www.bbyhaber.com\/bby\/wp-json\/wp\/v2\/media?parent=1841"}],"wp:term":[{"taxonomy":"category","embeddable":true,"href":"https:\/\/www.bbyhaber.com\/bby\/wp-json\/wp\/v2\/categories?post=1841"},{"taxonomy":"post_tag","embeddable":true,"href":"https:\/\/www.bbyhaber.com\/bby\/wp-json\/wp\/v2\/tags?post=1841"}],"curies":[{"name":"wp","href":"https:\/\/api.w.org\/{rel}","templated":true}]}}