{"id":18409,"date":"2016-02-22T18:11:10","date_gmt":"2016-02-22T16:11:10","guid":{"rendered":"http:\/\/www.bbyhaber.com\/bby\/?p=18409"},"modified":"2016-02-22T18:11:10","modified_gmt":"2016-02-22T16:11:10","slug":"gezici-kutuphane-ogrencilerin-hizmetinde","status":"publish","type":"post","link":"https:\/\/www.bbyhaber.com\/bby\/2016\/02\/22\/gezici-kutuphane-ogrencilerin-hizmetinde","title":{"rendered":"Gezici k\u00fct\u00fcphane \u00f6\u011frencilerin hizmetinde"},"content":{"rendered":"<p style=\"text-align: justify;\"><img loading=\"lazy\" decoding=\"async\" class=\"alignleft\" src=\"http:\/\/i.milliyet.com.tr\/LocalArticle606x304\/2016\/02\/22\/fft261_mf13478580.Jpeg\" alt=\"\" width=\"278\" height=\"139\" \/>Konya\u2019n\u0131n Ak\u015fehir il\u00e7esinde, Gezici K\u00fct\u00fcphane Ak\u015fehir Reis \u015eehit Mesut \u015eeker Ortaokulu ve Reis \u015eehit Bekir \u00d6zer \u0130lkokulu\u2019nu ziyaret etti Konya B\u00fcy\u00fck\u015fehir Belediyesi\u2019nin Medeniyet Okulu Projesi kapsam\u0131nda 3 tane gezici k\u00fct\u00fcphane ara\u00e7lar\u0131ndan birisi Ak\u015fehir Reis \u015eehit Mesut \u015eeker Ortaokulu ve Reis \u015eehit Bekir \u00d6zer \u0130lkokulu\u2019nu ziyaret etti. Arac\u0131n i\u00e7inde olu\u015fturulan raf sistemi ile k\u00fct\u00fcphaneye d\u00f6n\u00fc\u015ft\u00fcr\u00fclen ara\u00e7lar k\u00fct\u00fcphaneye uzak yerlere giderek \u00f6\u011frencilerin kitaba ula\u015fmas\u0131n\u0131 kolayla\u015ft\u0131r\u0131yor. Gezici k\u00fct\u00fcphanede \u00e7e\u015fitli yay\u0131nevleri ve yazarlara ait \u00e7ok say\u0131da Kitap \u00f6\u011frencilerin be\u011fenisine sunuluyor.<!--more--><\/p>\n<p style=\"text-align: justify;\">K\u00fct\u00fcphane ayaklar\u0131na kadar gelen Reis Mahallesi\u2019ndeki \u00f6\u011frenciler \u00e7e\u015fitli kitaplar\u0131 bir arada g\u00f6rmenin mutlulu\u011funu ya\u015fad\u0131lar. K\u00fct\u00fcphane yetkililerinden k\u00fct\u00fcphanenin i\u015flevi ve faaliyetleri ile ilgili de bilgi alan \u00f6\u011frenciler, ilgileri do\u011frultusunda kitap ve dergiler se\u00e7tiler. Gezici k\u00fct\u00fcphane bundan b\u00f6yle her on be\u015f g\u00fcnde bir okulu ziyaret edecek. Se\u00e7ilen kitap ve dergiler bu s\u00fcrede okunarak yenileri ile de\u011fi\u015ftirilebilecek. Yetkililer \u00f6\u011frencilerin kitap ile bulu\u015fmas\u0131n\u0131n kolayla\u015fmas\u0131 ile okuma al\u0131\u015fkanl\u0131\u011f\u0131n\u0131n da artaca\u011f\u0131n\u0131, kitap yan\u0131nda \u00e7e\u015fitli dergilerin olmas\u0131n\u0131n da \u00f6\u011frencilerin yeteneklerini ke\u015ffetmelerine olanak sa\u011flayaca\u011f\u0131n\u0131 belirttiler.<\/p>\n<p style=\"text-align: justify;\">Kaynak: http:\/\/www.milliyet.com.tr\/<\/p>\n","protected":false},"excerpt":{"rendered":"<p>Konya\u2019n\u0131n Ak\u015fehir il\u00e7esinde, Gezici K\u00fct\u00fcphane Ak\u015fehir Reis \u015eehit Mesut \u015eeker Ortaokulu ve Reis \u015eehit Bekir \u00d6zer \u0130lkokulu\u2019nu ziyaret etti Konya B\u00fcy\u00fck\u015fehir Belediyesi\u2019nin Medeniyet Okulu Projesi kapsam\u0131nda 3 tane gezici k\u00fct\u00fcphane ara\u00e7lar\u0131ndan birisi Ak\u015fehir Reis \u015eehit Mesut \u015eeker Ortaokulu ve Reis \u015eehit Bekir \u00d6zer \u0130lkokulu\u2019nu ziyaret etti. Arac\u0131n i\u00e7inde olu\u015fturulan raf sistemi ile k\u00fct\u00fcphaneye d\u00f6n\u00fc\u015ft\u00fcr\u00fclen ara\u00e7lar [&hellip;]<\/p>\n","protected":false},"author":1,"featured_media":0,"comment_status":"open","ping_status":"open","sticky":false,"template":"","format":"standard","meta":{"footnotes":""},"categories":[1,1486],"tags":[1440],"class_list":["post-18409","post","type-post","status-publish","format-standard","hentry","category-genel","category-gezici-kutuphane","tag-gezici-kutuphaneler"],"_links":{"self":[{"href":"https:\/\/www.bbyhaber.com\/bby\/wp-json\/wp\/v2\/posts\/18409"}],"collection":[{"href":"https:\/\/www.bbyhaber.com\/bby\/wp-json\/wp\/v2\/posts"}],"about":[{"href":"https:\/\/www.bbyhaber.com\/bby\/wp-json\/wp\/v2\/types\/post"}],"author":[{"embeddable":true,"href":"https:\/\/www.bbyhaber.com\/bby\/wp-json\/wp\/v2\/users\/1"}],"replies":[{"embeddable":true,"href":"https:\/\/www.bbyhaber.com\/bby\/wp-json\/wp\/v2\/comments?post=18409"}],"version-history":[{"count":0,"href":"https:\/\/www.bbyhaber.com\/bby\/wp-json\/wp\/v2\/posts\/18409\/revisions"}],"wp:attachment":[{"href":"https:\/\/www.bbyhaber.com\/bby\/wp-json\/wp\/v2\/media?parent=18409"}],"wp:term":[{"taxonomy":"category","embeddable":true,"href":"https:\/\/www.bbyhaber.com\/bby\/wp-json\/wp\/v2\/categories?post=18409"},{"taxonomy":"post_tag","embeddable":true,"href":"https:\/\/www.bbyhaber.com\/bby\/wp-json\/wp\/v2\/tags?post=18409"}],"curies":[{"name":"wp","href":"https:\/\/api.w.org\/{rel}","templated":true}]}}