{"id":18402,"date":"2016-02-17T09:09:04","date_gmt":"2016-02-17T07:09:04","guid":{"rendered":"http:\/\/www.bbyhaber.com\/bby\/?p=18402"},"modified":"2016-02-22T17:47:04","modified_gmt":"2016-02-22T15:47:04","slug":"mesleklerin-itibari-adli-arastirmada-kutuphanecinin-sirasi-aciklandi","status":"publish","type":"post","link":"https:\/\/www.bbyhaber.com\/bby\/2016\/02\/17\/mesleklerin-itibari-adli-arastirmada-kutuphanecinin-sirasi-aciklandi","title":{"rendered":"Mesleklerin itibar\u0131 adl\u0131 ara\u015ft\u0131rmada k\u00fct\u00fcphanecinin s\u0131ras\u0131 a\u00e7\u0131kland\u0131"},"content":{"rendered":"<p style=\"text-align: justify;\"><img loading=\"lazy\" decoding=\"async\" class=\"alignleft\" src=\"http:\/\/i.internethaber.com\/application\/static\/data\/611x395_meslek_555329640cc46.jpg?v=99999\" alt=\"\" width=\"226\" height=\"119\" \/>\u0130stanbul \u00dcniversitesi Sosyoloji B\u00f6l\u00fcm\u00fc \u00d6\u011fretim \u00dcyesi Yrd. Do\u00e7. Dr. L\u00fctfi Sunar\u2019\u0131n y\u00fcr\u00fct\u00fcc\u00fcl\u00fc\u011f\u00fcnde ger\u00e7ekle\u015ftirilen \u201cT\u00fcrkiye\u2019de\u00a0\u00c7al\u0131\u015fma Ya\u015fam\u0131 ve Mesleklerin \u0130tibar\u0131\u201d konulu ara\u015ft\u0131rma neticelendi. T\u00dcB\u0130TAK\u2019\u0131n deste\u011fi ile ger\u00e7ekle\u015ftirilen ara\u015ft\u0131rmada Do\u00e7. Dr. Yunus Kaya, Yrd. Do\u00e7. Dr. Mustafa Otrar, Ar\u015f. G\u00f6r. Serdar Nerse, Ar\u015f. G\u00f6r. Seran Demiral ve Burcu Kalpakl\u0131o\u011flu ara\u015ft\u0131rmac\u0131 olarak g\u00f6rev ald\u0131. Ara\u015ft\u0131rma projesinin ilk safhas\u0131nda geli\u015ftirilen\u00a0<strong><em>Mesleki \u0130tibar Skalas\u0131<\/em><\/strong>ile mesleklerin toplumdaki itibar\u0131 s\u0131raland\u0131.<!--more--> T\u00fcrkiye\u2019de 32 ilde 2500 ki\u015fi ile yap\u0131lan anketlere dayanarak ger\u00e7ekle\u015ftirilen ara\u015ft\u0131rmadan elde edilen neticeler \u00e7er\u00e7evesinde mesleklerin itibar s\u0131ralamas\u0131 elde edildi. 12 May\u0131s 2015 Sal\u0131 g\u00fcn\u00fc \u0130stanbul \u00dcniversitesi Edebiyat Fak\u00fcltesinde d\u00fczenlenen bir toplant\u0131da payla\u015f\u0131lan veriler aras\u0131nda toplumda i\u015fe, \u00e7al\u0131\u015fmaya ve mesleklere dair ilgin\u00e7 detaylara yer verildi.<\/p>\n<p style=\"text-align: justify;\"><span style=\"color: #ff0000;\"><strong>Ara\u015ft\u0131rmada yer alan 126 mesle\u011fin itibar s\u0131ralamas\u0131 i\u00e7inde <span style=\"color: #0000ff;\">K\u00fct\u00fcphaneci 62.s\u0131rada<\/span> yer almaktad\u0131r.<\/strong><\/span><\/p>\n<p style=\"text-align: justify;\">Haberin devam\u0131 i\u00e7in\u00a0<a href=\"http:\/\/docplayer.biz.tr\/1306608-Turkiye-de-calisma-yasami-ve-mesleklerin-itibari-arastirmasi-tamamlandi.html\" target=\"_blank\">t\u0131klay\u0131n\u0131z<\/a><\/p>\n","protected":false},"excerpt":{"rendered":"<p>\u0130stanbul \u00dcniversitesi Sosyoloji B\u00f6l\u00fcm\u00fc \u00d6\u011fretim \u00dcyesi Yrd. Do\u00e7. Dr. L\u00fctfi Sunar\u2019\u0131n y\u00fcr\u00fct\u00fcc\u00fcl\u00fc\u011f\u00fcnde ger\u00e7ekle\u015ftirilen \u201cT\u00fcrkiye\u2019de\u00a0\u00c7al\u0131\u015fma Ya\u015fam\u0131 ve Mesleklerin \u0130tibar\u0131\u201d konulu ara\u015ft\u0131rma neticelendi. T\u00dcB\u0130TAK\u2019\u0131n deste\u011fi ile ger\u00e7ekle\u015ftirilen ara\u015ft\u0131rmada Do\u00e7. Dr. Yunus Kaya, Yrd. Do\u00e7. Dr. Mustafa Otrar, Ar\u015f. G\u00f6r. Serdar Nerse, Ar\u015f. G\u00f6r. Seran Demiral ve Burcu Kalpakl\u0131o\u011flu ara\u015ft\u0131rmac\u0131 olarak g\u00f6rev ald\u0131. Ara\u015ft\u0131rma projesinin ilk safhas\u0131nda geli\u015ftirilen\u00a0Mesleki [&hellip;]<\/p>\n","protected":false},"author":1,"featured_media":0,"comment_status":"open","ping_status":"open","sticky":false,"template":"","format":"standard","meta":{"footnotes":""},"categories":[1],"tags":[],"class_list":["post-18402","post","type-post","status-publish","format-standard","hentry","category-genel"],"_links":{"self":[{"href":"https:\/\/www.bbyhaber.com\/bby\/wp-json\/wp\/v2\/posts\/18402"}],"collection":[{"href":"https:\/\/www.bbyhaber.com\/bby\/wp-json\/wp\/v2\/posts"}],"about":[{"href":"https:\/\/www.bbyhaber.com\/bby\/wp-json\/wp\/v2\/types\/post"}],"author":[{"embeddable":true,"href":"https:\/\/www.bbyhaber.com\/bby\/wp-json\/wp\/v2\/users\/1"}],"replies":[{"embeddable":true,"href":"https:\/\/www.bbyhaber.com\/bby\/wp-json\/wp\/v2\/comments?post=18402"}],"version-history":[{"count":0,"href":"https:\/\/www.bbyhaber.com\/bby\/wp-json\/wp\/v2\/posts\/18402\/revisions"}],"wp:attachment":[{"href":"https:\/\/www.bbyhaber.com\/bby\/wp-json\/wp\/v2\/media?parent=18402"}],"wp:term":[{"taxonomy":"category","embeddable":true,"href":"https:\/\/www.bbyhaber.com\/bby\/wp-json\/wp\/v2\/categories?post=18402"},{"taxonomy":"post_tag","embeddable":true,"href":"https:\/\/www.bbyhaber.com\/bby\/wp-json\/wp\/v2\/tags?post=18402"}],"curies":[{"name":"wp","href":"https:\/\/api.w.org\/{rel}","templated":true}]}}