{"id":18398,"date":"2016-02-16T11:59:59","date_gmt":"2016-02-16T09:59:59","guid":{"rendered":"http:\/\/www.bbyhaber.com\/bby\/?p=18398"},"modified":"2016-04-13T14:22:26","modified_gmt":"2016-04-13T11:22:26","slug":"ankos-akademi-ikinci-egitim-donemi-mart-ayinda-basliyor","status":"publish","type":"post","link":"https:\/\/www.bbyhaber.com\/bby\/2016\/02\/16\/ankos-akademi-ikinci-egitim-donemi-mart-ayinda-basliyor","title":{"rendered":"ANKOS Akademi \u0130kinci E\u011fitim D\u00f6nemi Mart ay\u0131nda ba\u015fl\u0131yor"},"content":{"rendered":"<p style=\"text-align: justify;\"><img loading=\"lazy\" decoding=\"async\" class=\"alignleft\" src=\"http:\/\/www.bbyhaber.com\/bby\/wp-content\/uploads\/2016\/02\/ankos-akademi.jpg\" alt=\"\" width=\"175\" height=\"93\" \/>ANKOS Akademi\u2019nin <span style=\"color: #0000ff;\"><strong>birinci e\u011fitim d\u00f6nemi<\/strong><\/span> \u201cElektronik Kaynaklar\u0131n Se\u00e7im ve Y\u00f6netimi\u201d ile \u201cA\u00e7\u0131k Eri\u015fim ve DSpace\u201d konular\u0131ndaki ilk e\u011fitimleri 17 Kas\u0131m- 08 Aral\u0131k 2015 tarihleri aras\u0131nda ba\u015far\u0131l\u0131 bir \u015fekilde ger\u00e7ekle\u015ftirildi. \u201cElektronik Kaynaklar\u0131n Se\u00e7im ve Y\u00f6netimi\u201d e\u011fitimi i\u00e7in 28 ki\u015fi, \u201cA\u00e7\u0131k Eri\u015fim ve DSpace\u201d e\u011fitimi i\u00e7in ise 17 ki\u015fi ba\u015fvurmu\u015f ve ANKOS YK taraf\u0131ndan yap\u0131lan de\u011ferlendirme sonucu farkl\u0131 kurumlardan \u201cElektronik Kaynaklar\u0131n Se\u00e7im ve Y\u00f6netimi\u201d e\u011fitimine 11 ki\u015finin, \u201cA\u00e7\u0131k Eri\u015fim ve DSpace\u201d e\u011fitimine ise 10 ki\u015finin kat\u0131l\u0131m\u0131 uygun g\u00f6r\u00fclm\u00fc\u015ft\u00fc.<!--more--><\/p>\n<p style=\"text-align: justify;\">ANKOS Akademi e\u011fitimlerinin <strong><span style=\"color: #0000ff;\">ikinci e\u011fitim d\u00f6nemi<\/span> ise<\/strong> <strong>2016 Mart ay\u0131nda<\/strong> yeniden ba\u015fl\u0131yor. E\u011fitimlerin a\u015fa\u011f\u0131daki 3 konuda verilmesi planlanmakta:<\/p>\n<ul style=\"text-align: justify;\">\n<li>A\u00e7\u0131k Eri\u015fim ve D-Space<\/li>\n<li>Elektronik Kaynaklar\u0131n Se\u00e7im ve Y\u00f6netimi<\/li>\n<li>RDA<\/li>\n<\/ul>\n<p>E\u011fitim tarihleri, ba\u015fvuru ko\u015fullar\u0131 ve detaylar \u00e7ok yak\u0131nda payla\u015f\u0131lacak.<\/p>\n","protected":false},"excerpt":{"rendered":"<p>ANKOS Akademi\u2019nin birinci e\u011fitim d\u00f6nemi \u201cElektronik Kaynaklar\u0131n Se\u00e7im ve Y\u00f6netimi\u201d ile \u201cA\u00e7\u0131k Eri\u015fim ve DSpace\u201d konular\u0131ndaki ilk e\u011fitimleri 17 Kas\u0131m- 08 Aral\u0131k 2015 tarihleri aras\u0131nda ba\u015far\u0131l\u0131 bir \u015fekilde ger\u00e7ekle\u015ftirildi. \u201cElektronik Kaynaklar\u0131n Se\u00e7im ve Y\u00f6netimi\u201d e\u011fitimi i\u00e7in 28 ki\u015fi, \u201cA\u00e7\u0131k Eri\u015fim ve DSpace\u201d e\u011fitimi i\u00e7in ise 17 ki\u015fi ba\u015fvurmu\u015f ve ANKOS YK taraf\u0131ndan yap\u0131lan de\u011ferlendirme sonucu [&hellip;]<\/p>\n","protected":false},"author":1,"featured_media":0,"comment_status":"open","ping_status":"open","sticky":false,"template":"","format":"standard","meta":{"footnotes":""},"categories":[1536,1],"tags":[],"class_list":["post-18398","post","type-post","status-publish","format-standard","hentry","category-ankos-akademi","category-genel"],"_links":{"self":[{"href":"https:\/\/www.bbyhaber.com\/bby\/wp-json\/wp\/v2\/posts\/18398"}],"collection":[{"href":"https:\/\/www.bbyhaber.com\/bby\/wp-json\/wp\/v2\/posts"}],"about":[{"href":"https:\/\/www.bbyhaber.com\/bby\/wp-json\/wp\/v2\/types\/post"}],"author":[{"embeddable":true,"href":"https:\/\/www.bbyhaber.com\/bby\/wp-json\/wp\/v2\/users\/1"}],"replies":[{"embeddable":true,"href":"https:\/\/www.bbyhaber.com\/bby\/wp-json\/wp\/v2\/comments?post=18398"}],"version-history":[{"count":0,"href":"https:\/\/www.bbyhaber.com\/bby\/wp-json\/wp\/v2\/posts\/18398\/revisions"}],"wp:attachment":[{"href":"https:\/\/www.bbyhaber.com\/bby\/wp-json\/wp\/v2\/media?parent=18398"}],"wp:term":[{"taxonomy":"category","embeddable":true,"href":"https:\/\/www.bbyhaber.com\/bby\/wp-json\/wp\/v2\/categories?post=18398"},{"taxonomy":"post_tag","embeddable":true,"href":"https:\/\/www.bbyhaber.com\/bby\/wp-json\/wp\/v2\/tags?post=18398"}],"curies":[{"name":"wp","href":"https:\/\/api.w.org\/{rel}","templated":true}]}}