{"id":18385,"date":"2016-02-15T11:08:34","date_gmt":"2016-02-15T09:08:34","guid":{"rendered":"http:\/\/www.bbyhaber.com\/bby\/?p=18385"},"modified":"2016-02-15T14:20:11","modified_gmt":"2016-02-15T12:20:11","slug":"okul-kutuphanelerine-kutuphaneci-alimi-hakkinda-bilgilendirme-ali-fuat-kartal","status":"publish","type":"post","link":"https:\/\/www.bbyhaber.com\/bby\/2016\/02\/15\/okul-kutuphanelerine-kutuphaneci-alimi-hakkinda-bilgilendirme-ali-fuat-kartal","title":{"rendered":"Okul K\u00fct\u00fcphanelerine K\u00fct\u00fcphaneci Al\u0131m\u0131 Hakk\u0131nda Bilgilendirme-Ali Fuat Kartal"},"content":{"rendered":"<p style=\"text-align: justify;\"><img loading=\"lazy\" decoding=\"async\" class=\"alignleft\" src=\"http:\/\/www.bbyhaber.com\/bby\/wp-content\/uploads\/2015\/04\/alifuatkartal.jpg\" alt=\"\" width=\"273\" height=\"130\" \/>TKD Genel Ba\u015fkan\u0131 Ali Fuat Kartal okul k\u00fct\u00fcphanelerinde k\u00fct\u00fcphaneci istihdam\u0131na y\u00f6nelik geli\u015fmelere dair bilgilendirme notu yay\u0131nlad\u0131. Genel Ba\u015fkan, bilgilendirme notunda \u015fu a\u00e7\u0131klamalara de\u011findi: &#8220;TKD olarak Milli E\u011fitim Bakanl\u0131\u011f\u0131na ba\u011fl\u0131 okul k\u00fct\u00fcphanelerine (Z-K\u00fct\u00fcphane) k\u00fct\u00fcphaneci al\u0131m\u0131 konusunda MEB Bakan\u0131 Say\u0131n Nabi Avc\u0131 ve\u00a0Bakan\u00a0Yard\u0131mc\u0131s\u0131\u00a0Say\u0131n Orhan Erdem\u00a0ile yap\u0131lan g\u00f6r\u00fc\u015fmeye ait bilgiler sizlerle <strong><span style=\"color: #0000ff;\"><a title=\"Okul k\u00fct\u00fcphanelerinde k\u00fct\u00fcphaneci istihdam edilmesi hakk\u0131nda bilgilendirme\" href=\"http:\/\/www.bbyhaber.com\/bby\/2016\/01\/13\/okul-kutuphanelerinde-kutuphaneci-istihdam-edilmesi-hakkinda-bilgilendirme\/\" target=\"_blank\"><span style=\"color: #0000ff;\">payla\u015f\u0131lm\u0131\u015f;<\/span><\/a><\/span><\/strong> g\u00f6r\u00fc\u015fmede Say\u0131n Bakanlar konuya s\u0131cak bakm\u0131\u015f ve okul k\u00fct\u00fcphanelerine k\u00fct\u00fcphaneci al\u0131m\u0131 konusunda fikir birli\u011fine var\u0131lm\u0131\u015ft\u0131. Say\u0131n Bakan konuyla ilgili b\u00fcrokratlardan rapor isteyece\u011fini ve bir \u00e7\u00f6z\u00fcm \u00fcretilece\u011fini s\u00f6ylemi\u015fti.<!--more--><\/p>\n<p style=\"text-align: justify;\">Bug\u00fcn (<strong>10 \u015eubat 2016<\/strong>) TKD Genel Sekreteri Erol G\u00f6kduman ile birlikte k\u00fct\u00fcphanelerin ba\u011fl\u0131 oldu\u011fu Daire Ba\u015fkan\u0131 Say\u0131n Ercan \u015een ile g\u00f6r\u00fc\u015f\u00fcld\u00fc. Ercan Bey yukar\u0131da da belirtildi\u011fi gibi Bakan Beyin kendilerinden rapor istedi\u011fini ve raporu Say\u0131n Bakana sunduklar\u0131n\u0131 bildirdiler. \u015eu anda \u00fclke genelinde mevcut k\u00fct\u00fcphaneleri denetlediklerini ve kendi standartlar\u0131na uyan k\u00fct\u00fcphaneleri tespit ettikten sonra, bu k\u00fct\u00fcphanelere k\u00fct\u00fcphaneci alma yoluna gideceklerini s\u00f6ylediler.<\/p>\n<p style=\"text-align: justify;\">K\u00fct\u00fcphaneci al\u0131m\u0131n\u0131n Bakanlar Kurulu Karar\u0131 ile yap\u0131laca\u011f\u0131n\u0131, \u015fimdilik say\u0131 konusunda net bir \u015fey s\u00f6ylememizi rica etti. Ama\u00e7lar\u0131n\u0131n her bir Z-k\u00fct\u00fcphaneye bir k\u00fct\u00fcphaneci oldu\u011funu s\u00f6yledi. Z- K\u00fct\u00fcphane denetimlerinin mart ay\u0131 sonuna do\u011fru tamamlanaca\u011f\u0131n\u0131, sonra bakan beye bildirilecek say\u0131ya g\u00f6re Bakan Bey de, Bakanlar Kurulundan k\u00fct\u00fcphaneci al\u0131m\u0131 karar\u0131n\u0131 \u00e7\u0131kartmaya \u00e7al\u0131\u015faca\u011f\u0131n\u0131 s\u00f6yledi.&#8221;<\/p>\n<p style=\"text-align: justify;\"><em>Ali Fuat Kartal<\/em><\/p>\n","protected":false},"excerpt":{"rendered":"<p>TKD Genel Ba\u015fkan\u0131 Ali Fuat Kartal okul k\u00fct\u00fcphanelerinde k\u00fct\u00fcphaneci istihdam\u0131na y\u00f6nelik geli\u015fmelere dair bilgilendirme notu yay\u0131nlad\u0131. Genel Ba\u015fkan, bilgilendirme notunda \u015fu a\u00e7\u0131klamalara de\u011findi: &#8220;TKD olarak Milli E\u011fitim Bakanl\u0131\u011f\u0131na ba\u011fl\u0131 okul k\u00fct\u00fcphanelerine (Z-K\u00fct\u00fcphane) k\u00fct\u00fcphaneci al\u0131m\u0131 konusunda MEB Bakan\u0131 Say\u0131n Nabi Avc\u0131 ve\u00a0Bakan\u00a0Yard\u0131mc\u0131s\u0131\u00a0Say\u0131n Orhan Erdem\u00a0ile yap\u0131lan g\u00f6r\u00fc\u015fmeye ait bilgiler sizlerle payla\u015f\u0131lm\u0131\u015f; g\u00f6r\u00fc\u015fmede Say\u0131n Bakanlar konuya s\u0131cak bakm\u0131\u015f [&hellip;]<\/p>\n","protected":false},"author":1,"featured_media":0,"comment_status":"open","ping_status":"open","sticky":false,"template":"","format":"standard","meta":{"footnotes":""},"categories":[1,1510],"tags":[819,845],"class_list":["post-18385","post","type-post","status-publish","format-standard","hentry","category-genel","category-z-kutuphane","tag-bby-kadro","tag-okul-kutuphaneleri"],"_links":{"self":[{"href":"https:\/\/www.bbyhaber.com\/bby\/wp-json\/wp\/v2\/posts\/18385"}],"collection":[{"href":"https:\/\/www.bbyhaber.com\/bby\/wp-json\/wp\/v2\/posts"}],"about":[{"href":"https:\/\/www.bbyhaber.com\/bby\/wp-json\/wp\/v2\/types\/post"}],"author":[{"embeddable":true,"href":"https:\/\/www.bbyhaber.com\/bby\/wp-json\/wp\/v2\/users\/1"}],"replies":[{"embeddable":true,"href":"https:\/\/www.bbyhaber.com\/bby\/wp-json\/wp\/v2\/comments?post=18385"}],"version-history":[{"count":0,"href":"https:\/\/www.bbyhaber.com\/bby\/wp-json\/wp\/v2\/posts\/18385\/revisions"}],"wp:attachment":[{"href":"https:\/\/www.bbyhaber.com\/bby\/wp-json\/wp\/v2\/media?parent=18385"}],"wp:term":[{"taxonomy":"category","embeddable":true,"href":"https:\/\/www.bbyhaber.com\/bby\/wp-json\/wp\/v2\/categories?post=18385"},{"taxonomy":"post_tag","embeddable":true,"href":"https:\/\/www.bbyhaber.com\/bby\/wp-json\/wp\/v2\/tags?post=18385"}],"curies":[{"name":"wp","href":"https:\/\/api.w.org\/{rel}","templated":true}]}}