{"id":18381,"date":"2016-02-15T10:48:28","date_gmt":"2016-02-15T08:48:28","guid":{"rendered":"http:\/\/www.bbyhaber.com\/bby\/?p=18381"},"modified":"2019-11-01T08:30:13","modified_gmt":"2019-11-01T05:30:13","slug":"ii-uluslararasi-bilgi-ve-belge-yonetimi-bolumu-ogrenci-kongresi-05-07-mayis-2016istanbul","status":"publish","type":"post","link":"https:\/\/www.bbyhaber.com\/bby\/2016\/02\/15\/ii-uluslararasi-bilgi-ve-belge-yonetimi-bolumu-ogrenci-kongresi-05-07-mayis-2016istanbul","title":{"rendered":"2.Uluslararas\u0131 Bilgi ve Belge Y\u00f6netimi B\u00f6l\u00fcm\u00fc \u00d6\u011frenci Kongresi-05-07 May\u0131s 2016,\u0130stanbul"},"content":{"rendered":"<p style=\"text-align: justify;\"><img loading=\"lazy\" decoding=\"async\" class=\"alignleft\" src=\"http:\/\/bbyhaber.com\/bby\/wp-content\/uploads\/2016\/02\/2.bby.kongre-face.jpg\" alt=\"\" width=\"328\" height=\"189\" \/><strong>2. Uluslararas\u0131 Bilgi ve Belge Y\u00f6netimi B\u00f6l\u00fcm\u00fc \u00d6\u011frenci Kongresi<\/strong>\u00a0; Marmara \u00dcniversitesi Bilgi ve Belge Y\u00f6netimi, \u0130stanbul B\u00fcy\u00fck\u015fehir Belediyesi, \u00a0\u00dcsk\u00fcdar Belediyesi ve Marmara \u00dcniversitesi Bilgi Y\u00f6netimi Kul\u00fcb\u00fc i\u015fbirli\u011fiyle \u201c<strong>\u015eehirle\u015fme ve Dijitalle\u015fme Ba\u011flam\u0131nda Ar\u015fivler, K\u00fct\u00fcphaneler ve M\u00fczeler<\/strong> \u201d ana temas\u0131 ile <strong><span style=\"color: #0000ff;\">05-07 May\u0131s 2016<\/span><\/strong> tarihleri aras\u0131nda <strong><span style=\"color: #0000ff;\">\u0130stanbul\u2019da (\u0130stanbul Ba\u011flarba\u015f\u0131 K\u00fclt\u00fcr Merkezi)<\/span><\/strong> yap\u0131lacakt\u0131r.<!--more--><\/p>\n<table border=\"1\">\n<tbody>\n<tr>\n<td><strong>Kongre Takvimi<\/strong><\/td>\n<td><strong>\u00d6nemli Tarihler<\/strong><\/td>\n<\/tr>\n<tr>\n<td><del>1.Duyuru<\/del><\/td>\n<td><del>11 \u015eubat 2016<\/del><\/td>\n<\/tr>\n<tr>\n<td><del>2.Duyuru<\/del><\/td>\n<td><del>29 \u015eubat 2016<\/del><\/td>\n<\/tr>\n<tr>\n<td><del>3.Duyuru<\/del><\/td>\n<td><del>8 Mart 2016<\/del><\/td>\n<\/tr>\n<tr>\n<td>Bildiri \u00f6zetlerinin g\u00f6nderilmesi<\/td>\n<td>15 Nisan 2016<\/td>\n<\/tr>\n<tr>\n<td>Kabul edilen bildirilerin ilan\u0131<\/td>\n<td>15 Nisan 2016<\/td>\n<\/tr>\n<tr>\n<td>Bildiri sunumlar\u0131n\u0131n g\u00f6nderilmesi<\/td>\n<td>29 Nisan 2016<\/td>\n<\/tr>\n<tr>\n<td>Bildiri tam metinlerinin g\u00f6nderilmesi<\/td>\n<td>5 Haziran 2016<\/td>\n<\/tr>\n<\/tbody>\n<\/table>\n<p style=\"text-align: justify;\">Kongre temel olarak; T\u00fcrkiye\u2019de ve yurtd\u0131\u015f\u0131nda Bilgi ve Belge Y\u00f6netimi ve ilgili alanda e\u011fitim ve \u00f6\u011fretim veren \u00fcniversitelerin \u00f6\u011frencilerini bir araya getirerek,\u00a0\u00a0 bilgi ve tecr\u00fcbelerini payla\u015fmalar\u0131na ve\u00a0 kar\u015f\u0131l\u0131kl\u0131 bilgi al\u0131\u015fveri\u015finde bulunmalar\u0131na olanak tan\u0131mak arac\u0131l\u0131\u011f\u0131yla, genelde bilgi profesyonelleri, \u00f6zelde ise, bilgi ve belge y\u00f6netimi ve y\u00f6neticili\u011fini detayl\u0131 olarak analiz edebilecekleri ve tart\u0131\u015fabilecekleri\u00a0 akademik d\u00fczeyde bir platform olu\u015fturmay\u0131 hedeflemektedir. Bununla beraber, \u00f6zellikle d\u00fcnyan\u0131n en \u00f6nemli k\u00fclt\u00fcr merkezlerinden biri olan \u0130stanbul&#8217;da yap\u0131lmas\u0131 d\u00fc\u015f\u00fcn\u00fclen Kent\/\u015eehir K\u00fct\u00fcphanesi ve M\u00fczesiyle ilgili \u00e7al\u0131\u015fmalara, de\u011fer yarataca\u011f\u0131 \u00f6ng\u00f6r\u00fcs\u00fcnden hareketle, bu k\u00fclt\u00fcrel miras\u0131 gelece\u011fe ta\u015f\u0131yacak gen\u00e7lerin, \u00f6\u011frencilerin, yarat\u0131c\u0131, yenilik\u00e7i ve hayata ge\u00e7irilebilecek fikir, \u00f6neri ve projelerinin de konu\u015fulup, tart\u0131\u015f\u0131lmas\u0131na olanak tan\u0131makt\u0131r. Bu ba\u011flamda, kongrenin ana temas\u0131yla ili\u015fkili olarak, \u00dcniversitelerin alana ve konuya ilgi duyan farkl\u0131 b\u00f6l\u00fcmleri(Tarih, M\u00fczecilik, \u00c7evre ve \u015eehircilik, Mimarl\u0131k, M\u00fchendislik, vb.)nin \u00f6\u011frencileri de katk\u0131 sa\u011flayabilirler.<\/p>\n<p style=\"text-align: justify;\"><span style=\"color: #3366ff;\"><a title=\"I.Uluslararas\u0131 Bilgi ve Belge Y\u00f6netimi B\u00f6l\u00fcm\u00fc \u00d6\u011frenci Kongresi-25-27 Nisan 2014\" href=\"http:\/\/www.bbyhaber.com\/bby\/2013\/12\/26\/i-uluslararasi-bilgi-ve-belge-yonetimi-bolumu-ogrenci-kongresi-25-27-nisan-2014\/\" target=\"_blank\" rel=\"noopener\"><span style=\"color: #3366ff;\">\u0130lki, &#8220;Bilgi ve Belge Y\u00f6netiminde Vizyoner Devrim\u201d ana temas\u0131 ile 25-27 Nisan 2014<\/span><\/a><\/span> tarihinde ger\u00e7ekle\u015ftirilmi\u015f olan Kongrenin en \u00f6nemli misyonu, ilkinde de oldu\u011fu \u00fczere; gerek T\u00fcrkiye, gerekse yurt d\u0131\u015f\u0131ndan pek \u00e7ok \u00fcniversite \u00f6\u011frencisinin kat\u0131laca\u011f\u0131 \u2018\u2019D\u00fcnya Bilgi ve Belge Y\u00f6netimi B\u00f6l\u00fcm\u00fc \u00d6\u011frenci Bulu\u015fmas\u0131\u2019\u2019 gibi \u00e7ok \u00f6nemli bir bulu\u015fmaya ev sahipli\u011fi yapacak olmas\u0131d\u0131r.<\/p>\n<p style=\"text-align: justify;\">&#8220;Uluslararas\u0131 Bilgi ve Belge Y\u00f6netimi B\u00f6l\u00fcm\u00fc \u00d6\u011frenci Kongresi&#8221; kapsam\u0131nda; \u00dcniversite \u00f6\u011frencilerinin g\u00f6z\u00fcyle, mesleki e\u011fitimde kar\u015f\u0131la\u015f\u0131lan sorunlar\u0131n ve de\u011ferlendirmelerin t\u00fcm boyutlar\u0131yla ele al\u0131nmas\u0131 \u00f6ng\u00f6r\u00fclmektedir. Bu ba\u011flamda; \u00fcniversite \u00f6\u011frencilerinden gelen Bilgi ve Belge Y\u00f6netimi alan\u0131yla ilgili bildiriler,\u00a0 poster sunumlar\u0131,\u00a0 akademisyenlerden olu\u015fan Bilim Komitesi taraf\u0131ndan yap\u0131lacak de\u011ferlendirme a\u015famas\u0131ndan sonra, kongre oturumlar\u0131nda tart\u0131\u015fmaya sunulacakt\u0131r. Ayr\u0131ca, Kongre s\u00fcresince sergilenecek ve alanla ilgili \u00f6\u011frencilerin katk\u0131da bulunaca\u011f\u0131 efemera, afi\u015f, rozet, kupa sergileri ve el sanatlar\u0131 at\u00f6lyeleri, \u00f6\u011frenciler ve kat\u0131l\u0131mc\u0131lar i\u00e7in mesle\u011fin farkl\u0131 ve renkli y\u00f6nlerini de g\u00f6rme ve tan\u0131ma f\u0131rsat\u0131 yaratacakt\u0131r.<\/p>\n<p style=\"text-align: justify;\">Kongrede sunulacak bildiriler, haz\u0131rlanacak Kongre \u00d6zet Bildiri Kitap\u00e7\u0131\u011f\u0131 ve sonras\u0131nda da, bildirilerin tam metinleri ayr\u0131ca bas\u0131lacakt\u0131r.. Kongrenin heyecan verici a\u015famalar\u0131ndan birisi de; ilgili alanda y\u0131l\u0131n projesi, k\u00fct\u00fcphanesi, k\u00fct\u00fcphanecisi, kullan\u0131c\u0131s\u0131 ve yazar\u0131 gibi kategorilerde motivasyon sa\u011flamak amac\u0131yla, \u00f6d\u00fcllerin verilece\u011fi bir \u00f6d\u00fcl t\u00f6reni ger\u00e7ekle\u015ftirmektir.<\/p>\n<p style=\"text-align: justify;\">Toplumumuzun bilgi ve belge y\u00f6netimi b\u00f6l\u00fcm\u00fcn\u00fcn fark\u0131ndal\u0131k ve bilin\u00e7 d\u00fczeyinin de y\u00fckseltilmesine katk\u0131da bulunaca\u011f\u0131na inand\u0131\u011f\u0131m\u0131z \u0130stanbul\u2019da ger\u00e7ekle\u015fecek kongremize kat\u0131l\u0131m\u0131n\u0131z bizleri onurland\u0131racakt\u0131r.<\/p>\n<p style=\"text-align: justify;\"><strong>Kongre Web Sayfas\u0131:<\/strong> <a href=\"http:\/\/bby2016.kongre.marmara.edu.tr\/\" target=\"_blank\" rel=\"noopener\">http:\/\/bby2016.kongre.marmara.edu.tr\/<\/a><\/p>\n<p style=\"text-align: justify;\"><span style=\"color: #ff0000;\"><strong>Konular:<\/strong><\/span><\/p>\n<p><strong>K\u00fct\u00fcphane<\/strong><\/p>\n<p>\u015eehir K\u00fct\u00fcphaneleri<\/p>\n<p>Yeni Nesil K\u00fct\u00fcphaneler (Z K\u00fct\u00fcphaneler, K\u00fct\u00fcphane 4.0)<\/p>\n<p>Yeni Teknolojiler<\/p>\n<p>K\u00fct\u00fcphane hizmetleri ba\u011flam\u0131nda \u0130novasyon<\/p>\n<p>K\u00fct\u00fcphanelerde dijitalle\u015fme ve sundu\u011fu avantajlar<\/p>\n<p>Dijital koleksiyonlar<\/p>\n<p>Dijital koleksiyonlar\u0131n olu\u015fturulmas\u0131, korunmas\u0131 ve sunulmas\u0131<\/p>\n<p>K\u00fct\u00fcphaneler aras\u0131 i\u015fbirlikleri<\/p>\n<p>K\u00fct\u00fcphaneler ve ya\u015fam boyu \u00f6\u011frenme<\/p>\n<p>K\u00fct\u00fcphaneler ve okuma al\u0131\u015fkanl\u0131\u011f\u0131<\/p>\n<p>Dijital kullan\u0131c\u0131lar<\/p>\n<p>Dijital k\u00fct\u00fcphane y\u00f6netimi<\/p>\n<p>Z-Ku\u015fa\u011f\u0131<\/p>\n<p>K\u00fct\u00fcphanelerde mobil uygulamalar<\/p>\n<p>\u015eehirlerde k\u00fct\u00fcphane mimarileri<\/p>\n<p><strong>Ar\u015fivler<\/strong><\/p>\n<p>Kent Ar\u015fivleri<\/p>\n<p>Kent Ar\u015fivleri \u015eehirlerimiz i\u00e7in Neden \u00d6nemli?<\/p>\n<p>Kent Ar\u015fivleri \u00d6rnekleri<\/p>\n<p>Dijital Ar\u015fivler<\/p>\n<p>Dijital \u00e7a\u011fda ar\u015fiv hizmetleri<\/p>\n<p>Dijital \u00e7a\u011f ar\u015fivlerinde eri\u015fim<\/p>\n<p>Dijital \u00e7a\u011fda ar\u015fivlerde etik ve mahremiyet unsurlar\u0131<\/p>\n<p>Dijital \u00e7a\u011fda ar\u015fivlerin etkinle\u015ftirilmesi<\/p>\n<p>Dijital ar\u015fiv y\u00f6netimi<\/p>\n<p>Ar\u015fiv hizmetleri ba\u011flam\u0131nda inovasyon<\/p>\n<p>Yarat\u0131c\u0131 Ar\u015fivleme \/ Creative Archiving<\/p>\n<p>Bulut Bili\u015fim<\/p>\n<p>Dijital \u00e7a\u011fda ar\u015fivsel bilgi ve yetkinlikleri<\/p>\n<p>Ar\u015fivci 3.0<\/p>\n<p>RDA<\/p>\n<p>Ar\u015fiv 3.0<\/p>\n<p>Ar\u015fivlerde mobil uygulamalar<\/p>\n<p>\u015eehirlerde ar\u015fiv mimarileri<\/p>\n<p><strong>M\u00fczeler<\/strong><\/p>\n<p>Kent M\u00fczeleri<\/p>\n<p>Kent M\u00fczeleri Neden \u00d6nemli?<\/p>\n<p>\u015eehir M\u00fczesi<\/p>\n<p>Dijital M\u00fczeler \/ Sergiler<\/p>\n<p>M\u00fcze hizmetleri ba\u011flam\u0131nda inovasyon<\/p>\n<p>M\u00fczelerde mobil uygulamalar<\/p>\n<p><strong>\u015eehirle\u015fme<\/strong><\/p>\n<p>\u015eehirle\u015fmede k\u00fct\u00fcphane, ar\u015fiv ve m\u00fczelerin rol\u00fc<\/p>\n<p>Dijital \u00e7a\u011fda, \u015fehirle\u015fmenin k\u00fclt\u00fcrel miras\u0131n korunmas\u0131ndaki rol\u00fc<\/p>\n<p>Bilgi sistemleri ve teknolojilerinin \u015fehirle\u015fme s\u00fcrecindeki rol\u00fc<\/p>\n<p>\u015eehirlerde m\u00fcze mimarileri<\/p>\n","protected":false},"excerpt":{"rendered":"<p>2. Uluslararas\u0131 Bilgi ve Belge Y\u00f6netimi B\u00f6l\u00fcm\u00fc \u00d6\u011frenci Kongresi\u00a0; Marmara \u00dcniversitesi Bilgi ve Belge Y\u00f6netimi, \u0130stanbul B\u00fcy\u00fck\u015fehir Belediyesi, \u00a0\u00dcsk\u00fcdar Belediyesi ve Marmara \u00dcniversitesi Bilgi Y\u00f6netimi Kul\u00fcb\u00fc i\u015fbirli\u011fiyle \u201c\u015eehirle\u015fme ve Dijitalle\u015fme Ba\u011flam\u0131nda Ar\u015fivler, K\u00fct\u00fcphaneler ve M\u00fczeler \u201d ana temas\u0131 ile 05-07 May\u0131s 2016 tarihleri aras\u0131nda \u0130stanbul\u2019da (\u0130stanbul Ba\u011flarba\u015f\u0131 K\u00fclt\u00fcr Merkezi) yap\u0131lacakt\u0131r.<\/p>\n","protected":false},"author":1,"featured_media":0,"comment_status":"open","ping_status":"open","sticky":false,"template":"","format":"standard","meta":{"footnotes":""},"categories":[],"tags":[1395,828],"class_list":["post-18381","post","type-post","status-publish","format-standard","hentry","tag-bby-mesleki-etkinlikler-arsivi","tag-bby-ogrenci-kongresi"],"_links":{"self":[{"href":"https:\/\/www.bbyhaber.com\/bby\/wp-json\/wp\/v2\/posts\/18381"}],"collection":[{"href":"https:\/\/www.bbyhaber.com\/bby\/wp-json\/wp\/v2\/posts"}],"about":[{"href":"https:\/\/www.bbyhaber.com\/bby\/wp-json\/wp\/v2\/types\/post"}],"author":[{"embeddable":true,"href":"https:\/\/www.bbyhaber.com\/bby\/wp-json\/wp\/v2\/users\/1"}],"replies":[{"embeddable":true,"href":"https:\/\/www.bbyhaber.com\/bby\/wp-json\/wp\/v2\/comments?post=18381"}],"version-history":[{"count":1,"href":"https:\/\/www.bbyhaber.com\/bby\/wp-json\/wp\/v2\/posts\/18381\/revisions"}],"predecessor-version":[{"id":27485,"href":"https:\/\/www.bbyhaber.com\/bby\/wp-json\/wp\/v2\/posts\/18381\/revisions\/27485"}],"wp:attachment":[{"href":"https:\/\/www.bbyhaber.com\/bby\/wp-json\/wp\/v2\/media?parent=18381"}],"wp:term":[{"taxonomy":"category","embeddable":true,"href":"https:\/\/www.bbyhaber.com\/bby\/wp-json\/wp\/v2\/categories?post=18381"},{"taxonomy":"post_tag","embeddable":true,"href":"https:\/\/www.bbyhaber.com\/bby\/wp-json\/wp\/v2\/tags?post=18381"}],"curies":[{"name":"wp","href":"https:\/\/api.w.org\/{rel}","templated":true}]}}