{"id":18366,"date":"2016-02-13T17:04:06","date_gmt":"2016-02-13T15:04:06","guid":{"rendered":"http:\/\/www.bbyhaber.com\/bby\/?p=18366"},"modified":"2016-02-22T18:59:19","modified_gmt":"2016-02-22T16:59:19","slug":"camilere-kutuphane-kurulacak","status":"publish","type":"post","link":"https:\/\/www.bbyhaber.com\/bby\/2016\/02\/13\/camilere-kutuphane-kurulacak","title":{"rendered":"Camilere K\u00fct\u00fcphane Kurulacak"},"content":{"rendered":"<p style=\"text-align: justify;\"><img loading=\"lazy\" decoding=\"async\" class=\"alignleft\" src=\"http:\/\/www.kamuajans.com\/images\/haberler\/2016\/02\/camilere_kutuphane_kurulacak_h491665_2f8fd.jpg\" alt=\"\" width=\"241\" height=\"125\" \/>Diyanet \u0130\u015fleri Ba\u015fkan\u0131 Prof. Dr. Mehmet G\u00f6rmez imzas\u0131yla il m\u00fcft\u00fcl\u00fcklerine g\u00f6nderilen genelgede, kitaplar vas\u0131tas\u0131yla toplumu dini konularda ayd\u0131nlatman\u0131n, onlara okuma al\u0131\u015fkanl\u0131\u011f\u0131 kazand\u0131rman\u0131n ve camileri ilim ve irfan mektebine d\u00f6n\u00fc\u015ft\u00fcrmenin ama\u00e7land\u0131\u011f\u0131 belirtildi. Cami k\u00fct\u00fcphanelerinin kurulmas\u0131, var olan k\u00fct\u00fcphanelerin yeniden d\u00fczenlenmesi ve zenginle\u015ftirilmesi istendi.<!--more--> Genelgede, camilerde olu\u015fturulacak k\u00fct\u00fcphanelerde bulundurulmas\u0131 gereken kitaplar\u0131n listesi de bulunuyor. Kitaplar\u0131n Ba\u015fkanl\u0131k yay\u0131nlar\u0131ndan olu\u015faca\u011f\u0131 belirtildi. Cami k\u00fct\u00fcphanelerinin kurulmas\u0131, var olan k\u00fct\u00fcphanelerin yeniden d\u00fczenlenmesi ve zenginle\u015ftirilmesi istendi. Genelgede, camilerde olu\u015fturulacak k\u00fct\u00fcphanelerde bulundurulmas\u0131 gereken kitaplar\u0131n listesi de bulunuyor. Kitaplar\u0131n Ba\u015fkanl\u0131k yay\u0131nlar\u0131ndan olu\u015faca\u011f\u0131 belirtildi<\/p>\n<p>Kaynak: http:\/\/www.kamuajans.com\/<\/p>\n","protected":false},"excerpt":{"rendered":"<p>Diyanet \u0130\u015fleri Ba\u015fkan\u0131 Prof. Dr. Mehmet G\u00f6rmez imzas\u0131yla il m\u00fcft\u00fcl\u00fcklerine g\u00f6nderilen genelgede, kitaplar vas\u0131tas\u0131yla toplumu dini konularda ayd\u0131nlatman\u0131n, onlara okuma al\u0131\u015fkanl\u0131\u011f\u0131 kazand\u0131rman\u0131n ve camileri ilim ve irfan mektebine d\u00f6n\u00fc\u015ft\u00fcrmenin ama\u00e7land\u0131\u011f\u0131 belirtildi. Cami k\u00fct\u00fcphanelerinin kurulmas\u0131, var olan k\u00fct\u00fcphanelerin yeniden d\u00fczenlenmesi ve zenginle\u015ftirilmesi istendi.<\/p>\n","protected":false},"author":1,"featured_media":0,"comment_status":"open","ping_status":"open","sticky":false,"template":"","format":"standard","meta":{"footnotes":""},"categories":[1],"tags":[829],"class_list":["post-18366","post","type-post","status-publish","format-standard","hentry","category-genel","tag-camii-kutuphane"],"_links":{"self":[{"href":"https:\/\/www.bbyhaber.com\/bby\/wp-json\/wp\/v2\/posts\/18366"}],"collection":[{"href":"https:\/\/www.bbyhaber.com\/bby\/wp-json\/wp\/v2\/posts"}],"about":[{"href":"https:\/\/www.bbyhaber.com\/bby\/wp-json\/wp\/v2\/types\/post"}],"author":[{"embeddable":true,"href":"https:\/\/www.bbyhaber.com\/bby\/wp-json\/wp\/v2\/users\/1"}],"replies":[{"embeddable":true,"href":"https:\/\/www.bbyhaber.com\/bby\/wp-json\/wp\/v2\/comments?post=18366"}],"version-history":[{"count":0,"href":"https:\/\/www.bbyhaber.com\/bby\/wp-json\/wp\/v2\/posts\/18366\/revisions"}],"wp:attachment":[{"href":"https:\/\/www.bbyhaber.com\/bby\/wp-json\/wp\/v2\/media?parent=18366"}],"wp:term":[{"taxonomy":"category","embeddable":true,"href":"https:\/\/www.bbyhaber.com\/bby\/wp-json\/wp\/v2\/categories?post=18366"},{"taxonomy":"post_tag","embeddable":true,"href":"https:\/\/www.bbyhaber.com\/bby\/wp-json\/wp\/v2\/tags?post=18366"}],"curies":[{"name":"wp","href":"https:\/\/api.w.org\/{rel}","templated":true}]}}