{"id":18360,"date":"2016-02-13T16:52:07","date_gmt":"2016-02-13T14:52:07","guid":{"rendered":"http:\/\/www.bbyhaber.com\/bby\/?p=18360"},"modified":"2016-02-13T16:52:07","modified_gmt":"2016-02-13T14:52:07","slug":"%e2%80%8ekutuphaneciler-19-subat-saat-1500da-twitterda-bulusuyor","status":"publish","type":"post","link":"https:\/\/www.bbyhaber.com\/bby\/2016\/02\/13\/%e2%80%8ekutuphaneciler-19-subat-saat-1500da-twitterda-bulusuyor","title":{"rendered":"#\u200ek\u00fct\u00fcphaneciler 19 \u015eubat Saat 15:00&#8217;da Twitter&#8217;da bulu\u015fuyor"},"content":{"rendered":"<p style=\"text-align: justify;\"><img loading=\"lazy\" decoding=\"async\" class=\"alignleft\" src=\"http:\/\/www.bbyhaber.com\/bby\/wp-content\/uploads\/2013\/09\/bbyozluk.jpg\" alt=\"\" width=\"228\" height=\"114\" \/>10 \u015eubat 2016 tarihinde Tarih Vakf\u0131 K\u00fct\u00fcphane Salonu&#8217;nda TKD \u00d6zl\u00fck Haklar\u0131 \u00c7al\u0131\u015fma Grubu taraf\u0131ndan d\u00fczenlenen Teknik hizmetler s\u0131n\u0131f\u0131ndaki geli\u015fmelere dair toplant\u0131 tutana\u011f\u0131 yay\u0131nland\u0131.<\/p>\n<p style=\"text-align: justify;\">TKD \u00d6ZL\u00dcK HAKLARI \u00c7ALI\u015eMA GRUBU TOPLANTI RAPORU<br \/>\nTAR\u0130H : 10.02.2016<br \/>\nYER : Tarih Vakf\u0131 K\u00fct\u00fcphane Salonu, Emin\u00f6n\u00fc<br \/>\nG\u00dcNDEM : K\u00fct\u00fcphanecilerin \u201cTeknik Bilimler Lisansiyeri\u201d say\u0131lmas\u0131 ve Teknik Hizmetler S\u0131n\u0131f\u0131 (II) Say\u0131l\u0131 \u00d6zel Hizmet Tazminat\u0131 cetvelinin E Teknik Hizmetler b\u00f6l\u00fcm\u00fcn\u00fcn 1. S\u0131ras\u0131n\u0131n \u201cC\u201d bendinde yer almas\u0131.<!--more--><\/p>\n<p style=\"text-align: justify;\">\u2022 \u00d6zellikle \u201cKurum \u0130dari Kurul\u201d g\u00f6r\u00fc\u015fmeleri s\u00fcrecinde yo\u011fun olmak \u00fczere, k\u00fct\u00fcphanecilerin \u00f6zl\u00fck haklar\u0131na dair taleplerinin, \u00f6\u011frencilerin de deste\u011fini alarak sosyal medya yoluyla g\u00fcndemde tutulmas\u0131 \u00f6nerisi uygun g\u00f6r\u00fcld\u00fc. Bu maksatla, belirlenecek hastag ile Twitter \u00fczerinden, periyodik olarak ve ayn\u0131 saatlerde ileti payla\u015f\u0131lmas\u0131 kararla\u015ft\u0131r\u0131ld\u0131. \u0130lki <strong>19 \u015eubat saat 15:00\u2019de<\/strong> yap\u0131lacakt\u0131r. Daha sonrakiler ise, mesai g\u00fcnleri ve saatleri g\u00f6zetilmek \u015fart\u0131yla, iki hafta arayla yap\u0131lacakt\u0131r. <strong>Tweet atarken\u00a0<a href=\"https:\/\/www.facebook.com\/hashtag\/k%C3%BCt%C3%BCphaneciler?source=feed_text&amp;story_id=865439820245042\" target=\"_blank\">\u202a<\/a><a href=\"https:\/\/twitter.com\/hashtag\/k%C3%BCt%C3%BCphaneciler?src=hash\" target=\"_blank\"><span style=\"color: #0000ff;\">#\u200ek\u00fct\u00fcphaneciler\u202c<\/span><\/a>\u00a0<\/strong><wbr><strong>hastag\u2019i alt\u0131nda at\u0131lacakt\u0131r.<\/strong><\/wbr><\/p>\n<p style=\"text-align: justify;\">\u2022 Yakla\u015fan k\u00fct\u00fcphane haftas\u0131 program\u0131nda yer alan K\u00fct\u00fcphaneciler Aras\u0131 Futbol Turnuvas\u0131\u2019n\u0131n temas\u0131 \u201cK\u00fct\u00fcphanecilerin \u00d6zl\u00fck Haklar\u0131\u201d olarak belirlenmi\u015ftir. Bu etlinlikte \u00e7e\u015fitli pankartlar ve afi\u015fler ile konuya dikkat \u00e7ekilmeye \u00e7al\u0131\u015f\u0131lacakt\u0131r. Ayr\u0131ca yine hafta program\u0131nda yer alan K\u00fct\u00fcphaneciler Y\u00fcr\u00fcyor etkinli\u011finde de \u00e7e\u015fitli d\u00f6vizler ile konuya dikkat \u00e7ekilmesi ama\u00e7lanacakt\u0131r.<\/p>\n<p style=\"text-align: justify;\">\u2022 Daha \u00f6nceki toplant\u0131da da g\u00fcndeme gelen ve kabul edilen, bireysel davalar\u0131n a\u00e7\u0131lmas\u0131 ve dava masraflar\u0131n\u0131n TKD Genel Merkezi taraf\u0131ndan kar\u015f\u0131lanmas\u0131 \u00f6nerisi ask\u0131ya al\u0131nm\u0131\u015ft\u0131r. Bunun yerine halihaz\u0131rda s\u00fcren davalar takip edilerek gelinen nokta tespit edilecek ve o davalara m\u00fcdahil olunmaya \u00e7al\u0131\u015f\u0131lacakt\u0131r.<\/p>\n<p style=\"text-align: justify;\">\u2022 Yine daha \u00f6nceki toplant\u0131da al\u0131nan karar gere\u011fi, iki ayr\u0131 i\u015f kolu i\u00e7in haz\u0131rlanan ve imzaya sunulan dilek\u00e7eler K\u0130K g\u00f6r\u00fc\u015fmelerinde yetkili sendikan\u0131n (E\u011e\u0130T\u0130M-B\u0130R-SEN) toplant\u0131s\u0131na gidecek meslekta\u015flar\u0131m\u0131z taraf\u0131ndan elden verilmesi, ayr\u0131ca TKD Genel Merkezi arac\u0131l\u0131\u011f\u0131yla da ilgili sendika ba\u015fkanlar\u0131na sunulmas\u0131 kararla\u015ft\u0131r\u0131ld\u0131.<\/p>\n<p style=\"text-align: justify;\">\u2022 \u00d6\u011frencilerinde s\u00fcrece kat\u0131labilmesi ve \u00f6zl\u00fck haklar\u0131 ile ilgili bilgilendirilebilmesi maksad\u0131yla, \u00f6n\u00fcm\u00fczdeki s\u00fcre\u00e7te BBY \u00f6\u011frencileri ile okullarda anfi bulu\u015fmalar\u0131n\u0131n ger\u00e7ekle\u015ftirilmesinin uygun ve gerekli oldu\u011fu belirtildi.<\/p>\n<p style=\"text-align: justify;\">\u2022 Toplant\u0131da g\u00fcndeme gelen en \u00f6nemli konulardan biri ise, meslekta\u015flar\u0131m\u0131z\u0131 son derece ilgilendiren \u00f6zl\u00fck haklar\u0131 meselesinde, konunun \u00f6nemine ters orant\u0131l\u0131 bir \u015fekilde kat\u0131l\u0131m\u0131n \u00e7ok d\u00fc\u015f\u00fck kalmas\u0131n\u0131n, konu ile ilgili \u00e7aba harcayan meslekta\u015flar \u00fczerinde olumsuz bir etki yaratmas\u0131d\u0131r. Mesle\u011fimizin sayg\u0131nl\u0131\u011f\u0131 anlam\u0131nda da olduk\u00e7a \u00f6nemli bir noktada duran s\u00f6z konusu mesele hakk\u0131nda, meslekta\u015flar\u0131m\u0131z\u0131n daha duyarl\u0131 olmas\u0131n\u0131n gereklili\u011fi \u00f6zellikle vurgulanm\u0131\u015ft\u0131r.<\/p>\n","protected":false},"excerpt":{"rendered":"<p>10 \u015eubat 2016 tarihinde Tarih Vakf\u0131 K\u00fct\u00fcphane Salonu&#8217;nda TKD \u00d6zl\u00fck Haklar\u0131 \u00c7al\u0131\u015fma Grubu taraf\u0131ndan d\u00fczenlenen Teknik hizmetler s\u0131n\u0131f\u0131ndaki geli\u015fmelere dair toplant\u0131 tutana\u011f\u0131 yay\u0131nland\u0131. TKD \u00d6ZL\u00dcK HAKLARI \u00c7ALI\u015eMA GRUBU TOPLANTI RAPORU TAR\u0130H : 10.02.2016 YER : Tarih Vakf\u0131 K\u00fct\u00fcphane Salonu, Emin\u00f6n\u00fc G\u00dcNDEM : K\u00fct\u00fcphanecilerin \u201cTeknik Bilimler Lisansiyeri\u201d say\u0131lmas\u0131 ve Teknik Hizmetler S\u0131n\u0131f\u0131 (II) Say\u0131l\u0131 \u00d6zel Hizmet [&hellip;]<\/p>\n","protected":false},"author":1,"featured_media":0,"comment_status":"open","ping_status":"open","sticky":false,"template":"","format":"standard","meta":{"footnotes":""},"categories":[1,1505],"tags":[1398,51,50],"class_list":["post-18360","post","type-post","status-publish","format-standard","hentry","category-genel","category-teknik-kadro","tag-bby-ozluk-haklari","tag-teknik-kadro-kutuphaneci","tag-ths-kutuphaneci"],"_links":{"self":[{"href":"https:\/\/www.bbyhaber.com\/bby\/wp-json\/wp\/v2\/posts\/18360"}],"collection":[{"href":"https:\/\/www.bbyhaber.com\/bby\/wp-json\/wp\/v2\/posts"}],"about":[{"href":"https:\/\/www.bbyhaber.com\/bby\/wp-json\/wp\/v2\/types\/post"}],"author":[{"embeddable":true,"href":"https:\/\/www.bbyhaber.com\/bby\/wp-json\/wp\/v2\/users\/1"}],"replies":[{"embeddable":true,"href":"https:\/\/www.bbyhaber.com\/bby\/wp-json\/wp\/v2\/comments?post=18360"}],"version-history":[{"count":0,"href":"https:\/\/www.bbyhaber.com\/bby\/wp-json\/wp\/v2\/posts\/18360\/revisions"}],"wp:attachment":[{"href":"https:\/\/www.bbyhaber.com\/bby\/wp-json\/wp\/v2\/media?parent=18360"}],"wp:term":[{"taxonomy":"category","embeddable":true,"href":"https:\/\/www.bbyhaber.com\/bby\/wp-json\/wp\/v2\/categories?post=18360"},{"taxonomy":"post_tag","embeddable":true,"href":"https:\/\/www.bbyhaber.com\/bby\/wp-json\/wp\/v2\/tags?post=18360"}],"curies":[{"name":"wp","href":"https:\/\/api.w.org\/{rel}","templated":true}]}}