{"id":1835,"date":"2011-12-20T21:02:09","date_gmt":"2011-12-20T21:02:09","guid":{"rendered":"http:\/\/www.bbyhaber.com\/bby\/?p=1835"},"modified":"2012-05-15T11:13:17","modified_gmt":"2012-05-15T11:13:17","slug":"kitaplara-adanan-hayat-mesut-tim","status":"publish","type":"post","link":"https:\/\/www.bbyhaber.com\/bby\/2011\/12\/20\/kitaplara-adanan-hayat-mesut-tim","title":{"rendered":"Kitaplara adanan hayat-Mesut T\u0130M"},"content":{"rendered":"<p style=\"text-align: justify;\">\u0130zmir&#8217;de, imkans\u0131zl\u0131ktan dolay\u0131 kitap okuyamayanlara ula\u015fmay\u0131 ama\u00e7layan okuma sevdal\u0131s\u0131 Mesut Tim, 17 k\u00f6yde &#8221;<a title=\"K\u00f6y \u00c7ocuklar\u0131 K\u00fct\u00fcphaneleri Olu\u015fturma, K\u00fclt\u00fcr- Sanat ve Dayan\u0131\u015fma Derne\u011fi\" href=\"http:\/\/www.bbyhaber.com\/bby\/2011\/11\/06\/koy-cocuklari-kutuphaneleri-olusturma-kultur-sanat-ve-dayanisma-dernegi\/\">Atat\u00fcrk \u00c7ocuklar\u0131 K\u00fct\u00fcphanesi<\/a>&#8221; olu\u015fturdu. \u0130zmir&#8217;de, ilkokula giderken babas\u0131n\u0131n istedi\u011fi kitab\u0131 almamas\u0131ndan etkilenerek, imkans\u0131zl\u0131ktan dolay\u0131 kitap okuyamayanlara ula\u015fmay\u0131 ama\u00e7layan okuma sevdal\u0131s\u0131 Mesut Tim, kurdu\u011fu dernekle 17 k\u00f6yde &#8221;Atat\u00fcrk \u00c7ocuklar\u0131 K\u00fct\u00fcphanesi&#8221; olu\u015fturdu.<!--more--><\/p>\n<p style=\"text-align: justify;\">K\u00f6y \u00c7ocuklar\u0131 K\u00fct\u00fcphaneleri Olu\u015fturma, K\u00fclt\u00fcr-Sanat ve Dayan\u0131\u015fma Derne\u011fi Ba\u015fkan\u0131 Mesut Tim, yapt\u0131\u011f\u0131 a\u00e7\u0131klamada, okumay\u0131 \u00f6\u011frendi\u011fi g\u00fcnden itibaren kitap okumay\u0131 \u00e7ok sevdi\u011fini belirtti.\u0130lkokul ikinci s\u0131n\u0131fta okul ansiklopedisi iste\u011finin babas\u0131 taraf\u0131ndan kabul g\u00f6rmedi\u011fini, bunun \u00fczerine teyzesinin evine ka\u00e7\u0131nca babas\u0131n\u0131n kendisini cezaland\u0131rd\u0131\u011f\u0131n\u0131 ifade eden Tim, &#8221;\u0130\u00e7imde ukde kald\u0131. Kitaba ula\u015famayanlara ula\u015fmay\u0131 hedefledim&#8221; dedi.<\/p>\n<p style=\"text-align: justify;\">Tim, maddi imkanlar\u0131 ge\u00e7inmesine yetecek kadar olmas\u0131na ra\u011fmen ideali do\u011frultusunda 2006&#8217;da K\u00f6y \u00c7ocuklar\u0131 K\u00fct\u00fcphaneleri Olu\u015fturma, K\u00fclt\u00fcr-Sanat ve Dayan\u0131\u015fma Derne\u011fini kurdu\u011funu belirterek, \u015funlar\u0131 s\u00f6yledi:<\/p>\n<p style=\"text-align: justify;\">&#8221;O g\u00fcnden bu yana toplad\u0131\u011f\u0131m kitaplarla \u0130zmir&#8217;de 14, Rize, Afyonkarahisar ve Manisa&#8217;da birer k\u00f6yde Atat\u00fcrk \u00c7ocuklar\u0131 K\u00fct\u00fcphanesi kurduk. Bunlar daha \u0131s\u0131nma turlar\u0131. T\u00fcrkiye&#8217;de yakla\u015f\u0131k 6 bin k\u00f6y, ta\u015f\u0131mal\u0131 e\u011fitim merkezi. Buralara kurulacak k\u00fct\u00fcphaneler yakla\u015f\u0131k 35 bin k\u00f6ye ula\u015fmak demek. Okumayan insan bilgisiz insan oluyor. Madem daha iyi bir \u00fclke isteniyor, insanlar\u0131n ayd\u0131nlat\u0131lmas\u0131 ve bilin\u00e7lendirilmesi gerekiyor. \u00dcniversite mezunu de\u011fil ticaret lisesi mezunuyum ama bir \u00f6zel \u00fcniversiteden gelecek d\u00f6nem i\u00e7in ya\u015fama sanat\u0131 \u00fczerine dersler vermem isteniyor. Bunun tek nedeni kitap okumam.&#8221; \u0130nsanlar\u0131n genellikle ellerindeki kitaplar\u0131 kime verece\u011fini bilemedi\u011fine dikkati \u00e7eken Tim, \u015f\u00f6yle konu\u015ftu:<\/p>\n<p style=\"text-align: justify;\">&#8221;Seferihisar Belediyesinin deste\u011fiyle ocak ay\u0131nda Seferihisar&#8217;da Atat\u00fcrk \u00c7ocuklar\u0131 Kurultay\u0131 d\u00fczenleyece\u011fiz. Kurultaya t\u00fcm \u00fcniversitelerin \u00f6\u011frenci konseyi ba\u015fkanlar\u0131n\u0131 \u00e7a\u011f\u0131rd\u0131k. \u0130ki g\u00fcn s\u00fcrecek kurultayda ba\u015fkanlara e\u011fitim verece\u011fiz. Ba\u015fkanlar da okullar\u0131na gidip k\u00fct\u00fcphane kurmak i\u00e7in \u00e7al\u0131\u015facak. \u00dcniversitelerinin bulundu\u011fu illere, bu arkada\u015flar\u0131m\u0131zca Atat\u00fcrk \u00c7ocuklar\u0131 K\u00fct\u00fcphanesi kurulacak. Gelecek y\u0131l, yeti\u015ftirece\u011fimiz \u00f6\u011frenci temsilcileriyle birlikte en az 300 k\u00f6yde k\u00fct\u00fcphane kurmay\u0131 hedefliyoruz. Mustafa Kemal Atat\u00fcrk, &#8216;Kitap okumasayd\u0131m bu yapt\u0131klar\u0131m\u0131n hi\u00e7birini yapamazd\u0131m&#8217; demi\u015f. Bunun \u00fczerine laf s\u00f6ylemeye gerek yok.&#8221;<\/p>\n<p style=\"text-align: justify;\">Mesut Tim, son olarak tarihi Kemeralt\u0131 \u00c7ar\u015f\u0131s\u0131&#8217;nda, genellikle asgari \u00fccretle \u00e7al\u0131\u015fan tezgahtarlar\u0131n yararlanmas\u0131 amac\u0131yla bir ma\u011fazaya \u0130zmir&#8217;in Kalbi Kemeralt\u0131 Derne\u011finin i\u015f birli\u011fiyle k\u00fct\u00fcphane kurduklar\u0131n\u0131 belirterek, bunun 100&#8217;den fazla ki\u015fi \u00e7al\u0131\u015ft\u0131ran i\u015fletmelere \u00f6rnek olmas\u0131n\u0131 diledi.<\/p>\n<p style=\"text-align: justify;\">Kaynak: http:\/\/www.haberturk.com\/<\/p>\n","protected":false},"excerpt":{"rendered":"<p>\u0130zmir&#8217;de, imkans\u0131zl\u0131ktan dolay\u0131 kitap okuyamayanlara ula\u015fmay\u0131 ama\u00e7layan okuma sevdal\u0131s\u0131 Mesut Tim, 17 k\u00f6yde &#8221;Atat\u00fcrk \u00c7ocuklar\u0131 K\u00fct\u00fcphanesi&#8221; olu\u015fturdu. \u0130zmir&#8217;de, ilkokula giderken babas\u0131n\u0131n istedi\u011fi kitab\u0131 almamas\u0131ndan etkilenerek, imkans\u0131zl\u0131ktan dolay\u0131 kitap okuyamayanlara ula\u015fmay\u0131 ama\u00e7layan okuma sevdal\u0131s\u0131 Mesut Tim, kurdu\u011fu dernekle 17 k\u00f6yde &#8221;Atat\u00fcrk \u00c7ocuklar\u0131 K\u00fct\u00fcphanesi&#8221; olu\u015fturdu.<\/p>\n","protected":false},"author":1,"featured_media":0,"comment_status":"open","ping_status":"open","sticky":false,"template":"","format":"standard","meta":{"footnotes":""},"categories":[1539,1],"tags":[],"class_list":["post-1835","post","type-post","status-publish","format-standard","hentry","category-ataturk-cocuklari-kutuphanesi","category-genel"],"_links":{"self":[{"href":"https:\/\/www.bbyhaber.com\/bby\/wp-json\/wp\/v2\/posts\/1835"}],"collection":[{"href":"https:\/\/www.bbyhaber.com\/bby\/wp-json\/wp\/v2\/posts"}],"about":[{"href":"https:\/\/www.bbyhaber.com\/bby\/wp-json\/wp\/v2\/types\/post"}],"author":[{"embeddable":true,"href":"https:\/\/www.bbyhaber.com\/bby\/wp-json\/wp\/v2\/users\/1"}],"replies":[{"embeddable":true,"href":"https:\/\/www.bbyhaber.com\/bby\/wp-json\/wp\/v2\/comments?post=1835"}],"version-history":[{"count":0,"href":"https:\/\/www.bbyhaber.com\/bby\/wp-json\/wp\/v2\/posts\/1835\/revisions"}],"wp:attachment":[{"href":"https:\/\/www.bbyhaber.com\/bby\/wp-json\/wp\/v2\/media?parent=1835"}],"wp:term":[{"taxonomy":"category","embeddable":true,"href":"https:\/\/www.bbyhaber.com\/bby\/wp-json\/wp\/v2\/categories?post=1835"},{"taxonomy":"post_tag","embeddable":true,"href":"https:\/\/www.bbyhaber.com\/bby\/wp-json\/wp\/v2\/tags?post=1835"}],"curies":[{"name":"wp","href":"https:\/\/api.w.org\/{rel}","templated":true}]}}