{"id":18334,"date":"2016-02-02T13:35:02","date_gmt":"2016-02-02T11:35:02","guid":{"rendered":"http:\/\/www.bbyhaber.com\/bby\/?p=18334"},"modified":"2016-03-04T17:30:04","modified_gmt":"2016-03-04T15:30:04","slug":"52-kutuphane-haftasinda-en-iyi-kutuphane-odulunu-hangi-kutuphaneler-alacak","status":"publish","type":"post","link":"https:\/\/www.bbyhaber.com\/bby\/2016\/02\/02\/52-kutuphane-haftasinda-en-iyi-kutuphane-odulunu-hangi-kutuphaneler-alacak","title":{"rendered":"52.K\u00fct\u00fcphane Haftas\u0131&#8217;nda en iyi k\u00fct\u00fcphane \u00f6d\u00fcl\u00fcn\u00fc hangi k\u00fct\u00fcphane\/ler alacak"},"content":{"rendered":"<p style=\"text-align: justify;\"><img loading=\"lazy\" decoding=\"async\" class=\"alignleft\" src=\"http:\/\/www.bbyhaber.com\/bby\/wp-content\/uploads\/2016\/01\/2015-kutuphane-odullleri.jpg\" alt=\"\" width=\"200\" height=\"100\" \/>Bilindi\u011fi gibi her y\u0131l K\u00fct\u00fcphane Haftas\u0131\u2019nda, TKD \u201cen ba\u015far\u0131l\u0131\u201d halk k\u00fct\u00fcphanesi \u00f6d\u00fcl\u00fcn\u00fc ilgili k\u00fct\u00fcphaneye takdim etmektedir. Bu y\u0131l da \u201cen ba\u015far\u0131l\u0131 k\u00fct\u00fcphane \u00f6d\u00fclleri\u201d EN \u0130Y\u0130 HALKLA \u0130L\u0130\u015eK\u0130LER, EN YEN\u0130L\u0130K\u00c7\u0130 K\u00dcT\u00dcPHANE H\u0130ZMET\u0130, TEKNOLOJ\u0130N\u0130N EN ETK\u0130N KULLANIMI alanlar\u0131nda verilecektir. 2016 y\u0131l\u0131 \u201cen ba\u015far\u0131l\u0131\u201d k\u00fct\u00fcphane \u00f6d\u00fcllerinin verilece\u011fi k\u00fct\u00fcphane\/k\u00fct\u00fcphanelerin belirlenmesi i\u00e7in a\u015fa\u011f\u0131daki bilgiler do\u011frultusunda gerek\u00e7eleriyle birlikte, aday \u00f6nerilerinizi <a href=\"mailto:tkd.dernek@gmail.com\">tkd.dernek@gmail.com<\/a> adresine iletmeniz rica olunur.<!--more--><\/p>\n<p style=\"text-align: justify;\"><span style=\"color: #0000ff;\"><strong>ADAY \u00d6NERME S\u00dcRE\u00c7 VE Y\u00d6NTEM\u0130:<\/strong><\/span><\/p>\n<p style=\"text-align: justify;\">K\u00fct\u00fcphaneler ve ki\u015filer kendi k\u00fct\u00fcphaneleri dahil olmak \u00fczere sadece bir aday \u00f6nerebilirler. \u00d6neride bulunan ki\u015fi ve\/veya kurumlar, aday\u0131 ni\u00e7in \u00f6nerdiklerine ili\u015fkin haz\u0131rlad\u0131klar\u0131 gerek\u00e7eyi 1 A4 sayfay\u0131 ge\u00e7memek \u00fczere (gerek\u00e7eye ek olarak foto\u011fraflar ve varsa belgeler eklenebilir) <a href=\"mailto:tkd.dernek@gmail.com\">tkd.dernek@gmail.com<\/a> adresine g\u00f6ndermelidir. <strong><span style=\"color: #ff0000;\">Aday \u00f6nerme s\u00fcresi 4 Mart 2016 Cuma<\/span><\/strong> <strong><span style=\"color: #ff0000;\">g\u00fcn\u00fc saat<\/span> <span style=\"color: #ff0000;\">17.00\u2019de sona erecektir (bu tarihten sonra elimize ula\u015fan \u00f6neriler dikkate al\u0131nmayacakt\u0131r) .<\/span><\/strong><\/p>\n<p style=\"text-align: justify;\"><span style=\"color: #0000ff;\"><strong>BA\u015eARILI K\u00dcT\u00dcPHANELERIN BEL\u0130RLENME S\u00dcREC\u0130:<\/strong><\/span><\/p>\n<p style=\"text-align: justify;\">Belirtilen tarihe kadar TKD\u2019ne ula\u015ft\u0131r\u0131lan gerek\u00e7eli aday \u00f6nerileri, TKD Genel Merkez Y\u00f6netim Kurulu \u00fcyelerinden olu\u015fan juri taraf\u0131ndan de\u011ferlendirilecek, <strong><span style=\"color: #0000ff;\">21 Mart 2016 tarihinde j\u00fcri karar\u0131 gerek\u00e7eleriyle birlikte kamuoyuna duyurulacakt\u0131r<\/span><\/strong>.<\/p>\n<p style=\"text-align: justify;\">Aday k\u00fct\u00fcphanenin bulundu\u011fu yer ile j\u00fcri \u00fcyesinin do\u011fum yerinin ayn\u0131 olmas\u0131 durumunda ilgili j\u00fcri \u00fcyesi o k\u00fct\u00fcphane ile ilgili oturumda oy kullanamaz. J\u00fcri \u00fcyesinin bir proje ya da ortak \u00e7al\u0131\u015fma i\u00e7inde bulundu\u011fu k\u00fct\u00fcphane ile ilgili oturumda, \u00e7al\u0131\u015fmada bulunan j\u00fcri \u00fcyesi oy kullanamaz. J\u00fcri \u00fcyeleri aday \u00f6nerisinde bulunamazlar.<\/p>\n","protected":false},"excerpt":{"rendered":"<p>Bilindi\u011fi gibi her y\u0131l K\u00fct\u00fcphane Haftas\u0131\u2019nda, TKD \u201cen ba\u015far\u0131l\u0131\u201d halk k\u00fct\u00fcphanesi \u00f6d\u00fcl\u00fcn\u00fc ilgili k\u00fct\u00fcphaneye takdim etmektedir. Bu y\u0131l da \u201cen ba\u015far\u0131l\u0131 k\u00fct\u00fcphane \u00f6d\u00fclleri\u201d EN \u0130Y\u0130 HALKLA \u0130L\u0130\u015eK\u0130LER, EN YEN\u0130L\u0130K\u00c7\u0130 K\u00dcT\u00dcPHANE H\u0130ZMET\u0130, TEKNOLOJ\u0130N\u0130N EN ETK\u0130N KULLANIMI alanlar\u0131nda verilecektir. 2016 y\u0131l\u0131 \u201cen ba\u015far\u0131l\u0131\u201d k\u00fct\u00fcphane \u00f6d\u00fcllerinin verilece\u011fi k\u00fct\u00fcphane\/k\u00fct\u00fcphanelerin belirlenmesi i\u00e7in a\u015fa\u011f\u0131daki bilgiler do\u011frultusunda gerek\u00e7eleriyle birlikte, aday \u00f6nerilerinizi tkd.dernek@gmail.com [&hellip;]<\/p>\n","protected":false},"author":1,"featured_media":0,"comment_status":"open","ping_status":"open","sticky":false,"template":"","format":"standard","meta":{"footnotes":""},"categories":[1471],"tags":[1461],"class_list":["post-18334","post","type-post","status-publish","format-standard","hentry","category-52-kutuphane-haftasi","tag-kutuphane-haftasi"],"_links":{"self":[{"href":"https:\/\/www.bbyhaber.com\/bby\/wp-json\/wp\/v2\/posts\/18334"}],"collection":[{"href":"https:\/\/www.bbyhaber.com\/bby\/wp-json\/wp\/v2\/posts"}],"about":[{"href":"https:\/\/www.bbyhaber.com\/bby\/wp-json\/wp\/v2\/types\/post"}],"author":[{"embeddable":true,"href":"https:\/\/www.bbyhaber.com\/bby\/wp-json\/wp\/v2\/users\/1"}],"replies":[{"embeddable":true,"href":"https:\/\/www.bbyhaber.com\/bby\/wp-json\/wp\/v2\/comments?post=18334"}],"version-history":[{"count":0,"href":"https:\/\/www.bbyhaber.com\/bby\/wp-json\/wp\/v2\/posts\/18334\/revisions"}],"wp:attachment":[{"href":"https:\/\/www.bbyhaber.com\/bby\/wp-json\/wp\/v2\/media?parent=18334"}],"wp:term":[{"taxonomy":"category","embeddable":true,"href":"https:\/\/www.bbyhaber.com\/bby\/wp-json\/wp\/v2\/categories?post=18334"},{"taxonomy":"post_tag","embeddable":true,"href":"https:\/\/www.bbyhaber.com\/bby\/wp-json\/wp\/v2\/tags?post=18334"}],"curies":[{"name":"wp","href":"https:\/\/api.w.org\/{rel}","templated":true}]}}