{"id":18316,"date":"2016-01-30T17:32:01","date_gmt":"2016-01-30T15:32:01","guid":{"rendered":"http:\/\/www.bbyhaber.com\/bby\/?p=18316"},"modified":"2016-01-30T17:33:21","modified_gmt":"2016-01-30T15:33:21","slug":"bir-kitap-getirine-gosteri-yari-fiyatina-kampanyasi","status":"publish","type":"post","link":"https:\/\/www.bbyhaber.com\/bby\/2016\/01\/30\/bir-kitap-getirine-gosteri-yari-fiyatina-kampanyasi","title":{"rendered":"Bir Kitap Getirine G\u00f6steri Yar\u0131 Fiyat\u0131na Kampanyas\u0131"},"content":{"rendered":"<p style=\"text-align: justify;\"><img loading=\"lazy\" decoding=\"async\" class=\"alignleft\" src=\"http:\/\/img.bugun.com.tr\/bir-kitap-getirine-gosteri-yari-fiyatina-kampanyasi-anadoluda-kutuphanesiz-okul-kalmayacak_2037301_340_226.jpg\" alt=\"\" width=\"312\" height=\"175\" \/>Komedyen Hakan \u00c7ankaya ve Survivor&#8217;un sevilen yar\u0131\u015fmac\u0131s\u0131 Hasan Yaln\u0131zo\u011flu k\u00fct\u00fcphanesiz tek bir okul kalmas\u0131n diye &#8216;Bir kahkaha bir kitap&#8217; projesini ba\u015flatt\u0131.\u00a0 \u00c7ankaya ve Yaln\u0131zo\u011flu&#8217;nun proje kapsam\u0131nda okullarda d\u00fczenleyece\u011fi g\u00f6sterileri <strong>seyirciler ald\u0131klar\u0131 biletin yan\u0131 s\u0131ra kitap getirerek izleyebilecek<\/strong>. Projenin \u00e7\u0131k\u0131\u015f noktas\u0131n\u0131n Ankara oldu\u011funu s\u00f6yleyen Hasan Yaln\u0131zo\u011flu ve Hakan \u00c7ankaya hedeflerinde <em><strong>Anadolu da k\u00fct\u00fcphanesiz tek bir okul b\u0131rakmamak<\/strong><\/em> oldu\u011funu belirtti.<!--more--> Proje kapsam\u0131nda toplanan kitaplarla her ay iki okulda k\u00fct\u00fcphane olu\u015fturacaklar\u0131n\u0131 vurgulayan ikili &#8220;\u0130lk k\u00fct\u00fcphaneyi, ilk g\u00f6sterimizi yapaca\u011f\u0131m\u0131z Eryaman Anadolu Lisesine kurmay\u0131 planl\u0131yoruz&#8221; diye konu\u015ftu.<\/p>\n<p style=\"text-align: justify;\">Kaynak: http:\/\/www.bugun.com.tr<\/p>\n<p style=\"text-align: justify;\"><strong><span style=\"color: #ff0000;\">&#8220;Anadolu&#8217;da K\u00dcT\u00dcPHANEC\u0130&#8217;siz tek bir okul kalmamas\u0131 ad\u0131na okul k\u00fct\u00fcphanelerine kadro a\u00e7\u0131ls\u0131n!!!@bbyhaber&#8221;<\/span><\/strong><\/p>\n","protected":false},"excerpt":{"rendered":"<p>Komedyen Hakan \u00c7ankaya ve Survivor&#8217;un sevilen yar\u0131\u015fmac\u0131s\u0131 Hasan Yaln\u0131zo\u011flu k\u00fct\u00fcphanesiz tek bir okul kalmas\u0131n diye &#8216;Bir kahkaha bir kitap&#8217; projesini ba\u015flatt\u0131.\u00a0 \u00c7ankaya ve Yaln\u0131zo\u011flu&#8217;nun proje kapsam\u0131nda okullarda d\u00fczenleyece\u011fi g\u00f6sterileri seyirciler ald\u0131klar\u0131 biletin yan\u0131 s\u0131ra kitap getirerek izleyebilecek. Projenin \u00e7\u0131k\u0131\u015f noktas\u0131n\u0131n Ankara oldu\u011funu s\u00f6yleyen Hasan Yaln\u0131zo\u011flu ve Hakan \u00c7ankaya hedeflerinde Anadolu da k\u00fct\u00fcphanesiz tek bir okul [&hellip;]<\/p>\n","protected":false},"author":1,"featured_media":0,"comment_status":"open","ping_status":"open","sticky":false,"template":"","format":"standard","meta":{"footnotes":""},"categories":[1],"tags":[],"class_list":["post-18316","post","type-post","status-publish","format-standard","hentry","category-genel"],"_links":{"self":[{"href":"https:\/\/www.bbyhaber.com\/bby\/wp-json\/wp\/v2\/posts\/18316"}],"collection":[{"href":"https:\/\/www.bbyhaber.com\/bby\/wp-json\/wp\/v2\/posts"}],"about":[{"href":"https:\/\/www.bbyhaber.com\/bby\/wp-json\/wp\/v2\/types\/post"}],"author":[{"embeddable":true,"href":"https:\/\/www.bbyhaber.com\/bby\/wp-json\/wp\/v2\/users\/1"}],"replies":[{"embeddable":true,"href":"https:\/\/www.bbyhaber.com\/bby\/wp-json\/wp\/v2\/comments?post=18316"}],"version-history":[{"count":0,"href":"https:\/\/www.bbyhaber.com\/bby\/wp-json\/wp\/v2\/posts\/18316\/revisions"}],"wp:attachment":[{"href":"https:\/\/www.bbyhaber.com\/bby\/wp-json\/wp\/v2\/media?parent=18316"}],"wp:term":[{"taxonomy":"category","embeddable":true,"href":"https:\/\/www.bbyhaber.com\/bby\/wp-json\/wp\/v2\/categories?post=18316"},{"taxonomy":"post_tag","embeddable":true,"href":"https:\/\/www.bbyhaber.com\/bby\/wp-json\/wp\/v2\/tags?post=18316"}],"curies":[{"name":"wp","href":"https:\/\/api.w.org\/{rel}","templated":true}]}}