{"id":18310,"date":"2016-01-29T15:46:24","date_gmt":"2016-01-29T13:46:24","guid":{"rendered":"http:\/\/www.bbyhaber.com\/bby\/?p=18310"},"modified":"2016-05-20T13:17:06","modified_gmt":"2016-05-20T10:17:06","slug":"dpbden-kpss-takvimi-aciklamasi","status":"publish","type":"post","link":"https:\/\/www.bbyhaber.com\/bby\/2016\/01\/29\/dpbden-kpss-takvimi-aciklamasi","title":{"rendered":"DPB&#8217;den KPSS takvimi a\u00e7\u0131klamas\u0131"},"content":{"rendered":"<p style=\"text-align: justify;\"><img loading=\"lazy\" decoding=\"async\" class=\"alignleft\" src=\"http:\/\/bbyhaber.com\/bby\/wp-content\/uploads\/2016\/01\/2016-1-atama.jpg\" alt=\"\" width=\"258\" height=\"129\" \/>Devlet Personel Ba\u015fkanl\u0131\u011f\u0131, KPSS yerle\u015ftirme takvimi i\u00e7in bir a\u00e7\u0131klama yapt\u0131. Yap\u0131lan a\u00e7\u0131klamada, 2016 y\u0131l\u0131nda mezun olacak adaylar\u0131n da,<strong>2016\/1 KPSS tercihlerine ba\u015fvurular\u0131n\u0131n sa\u011flanmas\u0131 i\u00e7in <\/strong>y\u00f6netmelik de\u011fi\u015fikli\u011fi yap\u0131laca\u011f\u0131, y\u00f6netmelik de\u011fi\u015fikli\u011fi sonras\u0131nda KPSS takviminin a\u00e7\u0131klanaca\u011f\u0131 ifade edildi. Bilindi\u011fi \u00fczere, \u00d6SYM&#8217;nin s\u0131nav takvimini \u00f6ne almas\u0131 (May\u0131s) nedeniyle, yerle\u015ftirme i\u015flemlerinin May\u0131s veya \u00f6ncesinde yap\u0131lmas\u0131o halinde,<!--more--> Haziran ay\u0131nda mezun olacak adaylar\u0131n, 2016\/1 KPSS tercihlerine ba\u015fvurmama riski do\u011fmu\u015ftu.<\/p>\n<p style=\"text-align: justify;\">Devlet Personel Ba\u015fkanl\u0131\u011f\u0131 bu a\u00e7\u0131klamas\u0131yla, olu\u015facak ma\u011fduriyeti giderece\u011fini a\u00e7\u0131klam\u0131\u015f oldu.<\/p>\n<p><span style=\"color: #ff0000;\">\u0130\u015eTE DPB&#8217;DEN YAPILAN KPSS TAKV\u0130M\u0130 A\u00c7IKLAMASI<\/span><\/p>\n<p style=\"text-align: justify;\">Bilindi\u011fi \u00fczere, Kamu G\u00f6revlerine \u0130lk Defa Atanacaklar \u0130\u00e7in Yap\u0131lacak S\u0131navlar Hakk\u0131nda Genel Y\u00f6netmeli\u011fin Ek 1&#8217;inci maddesi gere\u011fince; 2016 y\u0131l\u0131 KPSS merkezi yerle\u015ftirme takviminin\u00a0<strong>Ocak ay\u0131 i\u00e7erisinde<\/strong>\u00a0ilan edilmesi gerekmektedir.<\/p>\n<p style=\"text-align: justify;\">Di\u011fer taraftan, \u00d6SYM Ba\u015fkanl\u0131\u011f\u0131 taraf\u0131ndan, ge\u00e7ti\u011fimiz y\u0131llarda temmuz ay\u0131nda ger\u00e7ekle\u015ftirilmekte olan lisans mezunlar\u0131 i\u00e7in Kamu Personel Se\u00e7me S\u0131nav\u0131n\u0131n 2016 y\u0131l\u0131 i\u00e7in\u00a0<strong>may\u0131s<\/strong>\u00a0ay\u0131nda yap\u0131laca\u011f\u0131 a\u00e7\u0131klanm\u0131\u015ft\u0131r.<\/p>\n<p style=\"text-align: justify;\">Kamuoyunda 2014 Y\u0131l\u0131 KPSS&#8217;ye giren adaylar i\u00e7in;\u00a0<strong>2016 y\u0131l\u0131 KPSS ger\u00e7ekle\u015fmeden \u00f6nce bir yerle\u015ftirme yap\u0131l\u0131p yap\u0131lmayaca\u011f\u0131,<\/strong>\u00a02016 Y\u0131l\u0131 Haziran ay\u0131nda mezun olacak adaylara tercih yapabilme hakk\u0131 tan\u0131n\u0131p tan\u0131nmayaca\u011f\u0131 hususlar\u0131 tart\u0131\u015f\u0131lm\u0131\u015f, bu hususta Ba\u015fkanl\u0131\u011f\u0131m\u0131zca 9 Ekim 2015 tarihinde yap\u0131lan duyuruda; &#8220;2016 lisans KPSS sonu\u00e7lar\u0131 a\u00e7\u0131klanmadan \u00f6nce 2016\/1 KPSS merkezi yerle\u015ftirme i\u015flemlerinin ger\u00e7ekle\u015ftirilece\u011fi ve bu yerle\u015ftirmeye yaln\u0131zca 2014 y\u0131l\u0131 KPSS&#8217;ye girmi\u015f olan adaylar\u0131n ba\u015fvurmalar\u0131n\u0131n sa\u011flanaca\u011f\u0131&#8221; belirtilmi\u015fti.<\/p>\n<p style=\"text-align: justify;\">Bu \u00e7er\u00e7evede, <strong><span style=\"color: #ff0000;\">2016\/1 merkezi yerle\u015ftirme i\u015flemlerinde 2014 Y\u0131l\u0131 KPSS sonu\u00e7lar\u0131n\u0131n kullan\u0131lmas\u0131n\u0131<\/span><\/strong> ve\u00a0<span style=\"color: #ff0000;\"><strong>2016 Y\u0131l\u0131 Haziran ay\u0131nda mezun olacak adaylar\u0131n da bu yerle\u015ftirmede tercihte bulunabilmesini sa\u011flamak amac\u0131yla<\/strong><\/span> Ba\u015fkanl\u0131\u011f\u0131m\u0131zca &#8220;Kamu G\u00f6revlerine ilk Defa Atanacaklar \u0130\u00e7in Yap\u0131lacak S\u0131navlar Hakk\u0131nda Genel Y\u00f6netmelikte De\u011fi\u015fiklik Yap\u0131lmas\u0131na Dair Y\u00f6netmelik Tasla\u011f\u0131&#8221; haz\u0131rlanarak Bakanlar Kurulu&#8217;na sunulmu\u015ftur.<\/p>\n<p style=\"text-align: justify;\">Bu itibarla, 2016 y\u0131l\u0131 KPSS merkezi yerle\u015ftirme takvimi, s\u00f6z konusu Y\u00f6netmeli\u011fin y\u00fcr\u00fcrl\u00fc\u011fe konulmas\u0131n\u0131 m\u00fcteakip ilan edilecektir.<\/p>\n<p style=\"text-align: justify;\">Kamuoyuna sayg\u0131yla duyurulur.<\/p>\n<p style=\"text-align: justify;\">Kaynak: <a href=\"http:\/\/www.memurlar.net\/\" target=\"_blank\">http:\/\/www.memurlar.net\/<\/a><\/p>\n","protected":false},"excerpt":{"rendered":"<p>Devlet Personel Ba\u015fkanl\u0131\u011f\u0131, KPSS yerle\u015ftirme takvimi i\u00e7in bir a\u00e7\u0131klama yapt\u0131. Yap\u0131lan a\u00e7\u0131klamada, 2016 y\u0131l\u0131nda mezun olacak adaylar\u0131n da,2016\/1 KPSS tercihlerine ba\u015fvurular\u0131n\u0131n sa\u011flanmas\u0131 i\u00e7in y\u00f6netmelik de\u011fi\u015fikli\u011fi yap\u0131laca\u011f\u0131, y\u00f6netmelik de\u011fi\u015fikli\u011fi sonras\u0131nda KPSS takviminin a\u00e7\u0131klanaca\u011f\u0131 ifade edildi. Bilindi\u011fi \u00fczere, \u00d6SYM&#8217;nin s\u0131nav takvimini \u00f6ne almas\u0131 (May\u0131s) nedeniyle, yerle\u015ftirme i\u015flemlerinin May\u0131s veya \u00f6ncesinde yap\u0131lmas\u0131o halinde,<\/p>\n","protected":false},"author":1,"featured_media":0,"comment_status":"open","ping_status":"open","sticky":false,"template":"","format":"standard","meta":{"footnotes":""},"categories":[1513,1477,1],"tags":[],"class_list":["post-18310","post","type-post","status-publish","format-standard","hentry","category-2016-1-bby-kpss-kadrolari","category-bby-kpss","category-genel"],"_links":{"self":[{"href":"https:\/\/www.bbyhaber.com\/bby\/wp-json\/wp\/v2\/posts\/18310"}],"collection":[{"href":"https:\/\/www.bbyhaber.com\/bby\/wp-json\/wp\/v2\/posts"}],"about":[{"href":"https:\/\/www.bbyhaber.com\/bby\/wp-json\/wp\/v2\/types\/post"}],"author":[{"embeddable":true,"href":"https:\/\/www.bbyhaber.com\/bby\/wp-json\/wp\/v2\/users\/1"}],"replies":[{"embeddable":true,"href":"https:\/\/www.bbyhaber.com\/bby\/wp-json\/wp\/v2\/comments?post=18310"}],"version-history":[{"count":0,"href":"https:\/\/www.bbyhaber.com\/bby\/wp-json\/wp\/v2\/posts\/18310\/revisions"}],"wp:attachment":[{"href":"https:\/\/www.bbyhaber.com\/bby\/wp-json\/wp\/v2\/media?parent=18310"}],"wp:term":[{"taxonomy":"category","embeddable":true,"href":"https:\/\/www.bbyhaber.com\/bby\/wp-json\/wp\/v2\/categories?post=18310"},{"taxonomy":"post_tag","embeddable":true,"href":"https:\/\/www.bbyhaber.com\/bby\/wp-json\/wp\/v2\/tags?post=18310"}],"curies":[{"name":"wp","href":"https:\/\/api.w.org\/{rel}","templated":true}]}}