{"id":1830,"date":"2011-12-20T19:51:38","date_gmt":"2011-12-20T19:51:38","guid":{"rendered":"http:\/\/www.bbyhaber.com\/bby\/?p=1830"},"modified":"2012-04-24T10:41:36","modified_gmt":"2012-04-24T10:41:36","slug":"ali-dayi-cocuk-kutuphanesi-1-yasinda","status":"publish","type":"post","link":"https:\/\/www.bbyhaber.com\/bby\/2011\/12\/20\/ali-dayi-cocuk-kutuphanesi-1-yasinda","title":{"rendered":"Ali Day\u0131 \u00c7ocuk K\u00fct\u00fcphanes\u200bi 1 Ya\u015f\u0131nda!"},"content":{"rendered":"<p style=\"text-align: justify;\">T\u00fcrkiye\u2019nin ilk modern \u00e7ocuk k\u00fct\u00fcphanesi olan <strong><a title=\"Ali Day\u0131 \u00c7ocuk K\u00fct\u00fcphanesi\" href=\"http:\/\/www.alidayicocukkutuphanesi.gov.tr\/\" target=\"_blank\">Ali Day\u0131 \u00c7ocuk K\u00fct\u00fcphanesi<\/a>,<\/strong> hizmete a\u00e7\u0131l\u0131\u015f\u0131n\u0131n 1. y\u0131l\u0131n\u0131 kutluyor. Ankara&#8217;n\u0131n g\u00f6zbebe\u011fi olan bu g\u00fczel K\u00fct\u00fcphanemiz modern dekorasyonu, \u00e7al\u0131\u015fkan personeli ve d\u00fczenli olarak ger\u00e7ekle\u015ftirdi\u011fi etkinliklerle 1 y\u0131l i\u00e7inde Ankara\u2019n\u0131n \u00f6nemli k\u00fclt\u00fcr mekanlar\u0131ndan birisi haline gelmi\u015ftir.<!--more--><\/p>\n<p style=\"text-align: justify;\">\u00a0Bu \u00e7er\u00e7evede K\u00fct\u00fcphanede 1 y\u0131l i\u00e7inde ger\u00e7ekle\u015ftirilen etkinlikleri payla\u015fmak ve Ankara\u2019n\u0131n de\u011ferli \u00e7ocuk kitab\u0131 yazarlar\u0131 ile s\u00f6yle\u015fide bulunmak \u00fczere\u00a0 Or-An Sevgi Y\u0131l\u0131 Halk K\u00fct\u00fcphanesi M\u00fcd\u00fcrl\u00fc\u011f\u00fc ve TKD Ankara \u015eubesi i\u015fbirli\u011finde bir program haz\u0131rlad\u0131k. 29 Aral\u0131k 2011 Per\u015fembe g\u00fcn\u00fc a\u015fa\u011f\u0131daki ba\u011flant\u0131dan ula\u015fabilece\u011finiz programda sizleri de aram\u0131zda g\u00f6rmekten b\u00fcy\u00fck mutluluk duyaca\u011f\u0131z.<\/p>\n<p>Program detay i\u00e7in <a href=\"http:\/\/www.tkdankara.org.tr\/alidayi.pdf\" target=\"_blank\">t\u0131klay\u0131n\u0131z<\/a><\/p>\n<p style=\"text-align: justify;\">Kaynak:<br \/>\nTKD Ankara \u015eubesi<br \/>\nY\u00f6netim Kurulu<\/p>\n","protected":false},"excerpt":{"rendered":"<p>T\u00fcrkiye\u2019nin ilk modern \u00e7ocuk k\u00fct\u00fcphanesi olan Ali Day\u0131 \u00c7ocuk K\u00fct\u00fcphanesi, hizmete a\u00e7\u0131l\u0131\u015f\u0131n\u0131n 1. y\u0131l\u0131n\u0131 kutluyor. Ankara&#8217;n\u0131n g\u00f6zbebe\u011fi olan bu g\u00fczel K\u00fct\u00fcphanemiz modern dekorasyonu, \u00e7al\u0131\u015fkan personeli ve d\u00fczenli olarak ger\u00e7ekle\u015ftirdi\u011fi etkinliklerle 1 y\u0131l i\u00e7inde Ankara\u2019n\u0131n \u00f6nemli k\u00fclt\u00fcr mekanlar\u0131ndan birisi haline gelmi\u015ftir.<\/p>\n","protected":false},"author":1,"featured_media":0,"comment_status":"open","ping_status":"open","sticky":false,"template":"","format":"standard","meta":{"footnotes":""},"categories":[1553,1],"tags":[215,1439],"class_list":["post-1830","post","type-post","status-publish","format-standard","hentry","category-cocuk-kutuphaneleri","category-genel","tag-ali-dayi-cocuk-kutuphanesi","tag-cocuk-kutuphaneleri"],"_links":{"self":[{"href":"https:\/\/www.bbyhaber.com\/bby\/wp-json\/wp\/v2\/posts\/1830"}],"collection":[{"href":"https:\/\/www.bbyhaber.com\/bby\/wp-json\/wp\/v2\/posts"}],"about":[{"href":"https:\/\/www.bbyhaber.com\/bby\/wp-json\/wp\/v2\/types\/post"}],"author":[{"embeddable":true,"href":"https:\/\/www.bbyhaber.com\/bby\/wp-json\/wp\/v2\/users\/1"}],"replies":[{"embeddable":true,"href":"https:\/\/www.bbyhaber.com\/bby\/wp-json\/wp\/v2\/comments?post=1830"}],"version-history":[{"count":0,"href":"https:\/\/www.bbyhaber.com\/bby\/wp-json\/wp\/v2\/posts\/1830\/revisions"}],"wp:attachment":[{"href":"https:\/\/www.bbyhaber.com\/bby\/wp-json\/wp\/v2\/media?parent=1830"}],"wp:term":[{"taxonomy":"category","embeddable":true,"href":"https:\/\/www.bbyhaber.com\/bby\/wp-json\/wp\/v2\/categories?post=1830"},{"taxonomy":"post_tag","embeddable":true,"href":"https:\/\/www.bbyhaber.com\/bby\/wp-json\/wp\/v2\/tags?post=1830"}],"curies":[{"name":"wp","href":"https:\/\/api.w.org\/{rel}","templated":true}]}}