{"id":18284,"date":"2016-01-27T10:59:52","date_gmt":"2016-01-27T08:59:52","guid":{"rendered":"http:\/\/www.bbyhaber.com\/bby\/?p=18284"},"modified":"2016-01-27T11:02:10","modified_gmt":"2016-01-27T09:02:10","slug":"unak-yeni-bir-logo-tasarliyor-siz-de-fikirlerinizi-paylasin","status":"publish","type":"post","link":"https:\/\/www.bbyhaber.com\/bby\/2016\/01\/27\/unak-yeni-bir-logo-tasarliyor-siz-de-fikirlerinizi-paylasin","title":{"rendered":"\u00dcNAK yeni bir logo tasarl\u0131yor, siz de fikirlerinizi payla\u015f\u0131n"},"content":{"rendered":"<p style=\"text-align: justify;\"><img loading=\"lazy\" decoding=\"async\" class=\"alignleft\" src=\"http:\/\/bbyhaber.com\/bby\/wp-content\/uploads\/2016\/01\/unak-social.jpg\" alt=\"\" width=\"242\" height=\"134\" \/>\u00dcNAK Derne\u011fi kurumsal kimlik \u00e7al\u0131\u015fmalar\u0131 kapsam\u0131nda <strong>yeni web sitesi<\/strong> \u00e7al\u0131\u015fmalar\u0131na ba\u015flad\u0131\u011f\u0131n\u0131 bildirdi. Bu \u00e7al\u0131\u015fmalar kapsam\u0131nda derne\u011fi daha iyi ifade edecek, ak\u0131lda kal\u0131c\u0131 ve kurumsal kimli\u011fi ile e\u015fle\u015fen <strong>bir logo tasar\u0131m\u0131<\/strong> planlanmaktad\u0131r. T\u00fcm meslekta\u015flar\u0131n <strong>\u00dcNAK derne\u011fi logosu<\/strong> ile <strong>ilgili g\u00f6r\u00fc\u015fleri<\/strong>ni payla\u015fmas\u0131 ve bu \u00e7er\u00e7evede yeni logonun olu\u015fmas\u0131na katk\u0131 verilmesi istenilmektedir.<!--more--> Fikirlerinizi <em>unak@unak.org.tr<\/em> adresine g\u00f6ndererek \u00e7al\u0131\u015fmalara katk\u0131da bulunabilirsiniz.<\/p>\n<p style=\"text-align: justify;\"><em>\u00dcNAK YK<\/em><\/p>\n","protected":false},"excerpt":{"rendered":"<p>\u00dcNAK Derne\u011fi kurumsal kimlik \u00e7al\u0131\u015fmalar\u0131 kapsam\u0131nda yeni web sitesi \u00e7al\u0131\u015fmalar\u0131na ba\u015flad\u0131\u011f\u0131n\u0131 bildirdi. Bu \u00e7al\u0131\u015fmalar kapsam\u0131nda derne\u011fi daha iyi ifade edecek, ak\u0131lda kal\u0131c\u0131 ve kurumsal kimli\u011fi ile e\u015fle\u015fen bir logo tasar\u0131m\u0131 planlanmaktad\u0131r. T\u00fcm meslekta\u015flar\u0131n \u00dcNAK derne\u011fi logosu ile ilgili g\u00f6r\u00fc\u015flerini payla\u015fmas\u0131 ve bu \u00e7er\u00e7evede yeni logonun olu\u015fmas\u0131na katk\u0131 verilmesi istenilmektedir.<\/p>\n","protected":false},"author":1,"featured_media":0,"comment_status":"open","ping_status":"open","sticky":false,"template":"","format":"standard","meta":{"footnotes":""},"categories":[1,1507],"tags":[],"class_list":["post-18284","post","type-post","status-publish","format-standard","hentry","category-genel","category-unak"],"_links":{"self":[{"href":"https:\/\/www.bbyhaber.com\/bby\/wp-json\/wp\/v2\/posts\/18284"}],"collection":[{"href":"https:\/\/www.bbyhaber.com\/bby\/wp-json\/wp\/v2\/posts"}],"about":[{"href":"https:\/\/www.bbyhaber.com\/bby\/wp-json\/wp\/v2\/types\/post"}],"author":[{"embeddable":true,"href":"https:\/\/www.bbyhaber.com\/bby\/wp-json\/wp\/v2\/users\/1"}],"replies":[{"embeddable":true,"href":"https:\/\/www.bbyhaber.com\/bby\/wp-json\/wp\/v2\/comments?post=18284"}],"version-history":[{"count":0,"href":"https:\/\/www.bbyhaber.com\/bby\/wp-json\/wp\/v2\/posts\/18284\/revisions"}],"wp:attachment":[{"href":"https:\/\/www.bbyhaber.com\/bby\/wp-json\/wp\/v2\/media?parent=18284"}],"wp:term":[{"taxonomy":"category","embeddable":true,"href":"https:\/\/www.bbyhaber.com\/bby\/wp-json\/wp\/v2\/categories?post=18284"},{"taxonomy":"post_tag","embeddable":true,"href":"https:\/\/www.bbyhaber.com\/bby\/wp-json\/wp\/v2\/tags?post=18284"}],"curies":[{"name":"wp","href":"https:\/\/api.w.org\/{rel}","templated":true}]}}