{"id":18272,"date":"2016-01-25T16:23:11","date_gmt":"2016-01-25T14:23:11","guid":{"rendered":"http:\/\/www.bbyhaber.com\/bby\/?p=18272"},"modified":"2018-06-22T14:37:39","modified_gmt":"2018-06-22T11:37:39","slug":"hilmi-celik-vefat-etti","status":"publish","type":"post","link":"https:\/\/www.bbyhaber.com\/bby\/2016\/01\/25\/hilmi-celik-vefat-etti","title":{"rendered":"Hilmi \u00c7elik vefat etti"},"content":{"rendered":"<p style=\"text-align: justify;\"><img loading=\"lazy\" decoding=\"async\" class=\"alignleft\" src=\"http:\/\/myweb.sabanciuniv.edu\/hilmi\/files\/2009\/05\/hcelik-300x200.jpg\" alt=\"\" width=\"180\" height=\"120\" \/>TBMM K\u00fct\u00fcphanesi M\u00fcd\u00fcrl\u00fc\u011f\u00fc, Sabanc\u0131 \u00dcniversitesi Bilgi Merkezi Ba\u015fkanl\u0131\u011f\u0131 ve TKD Ankara \u015eubesi Ba\u015fkanl\u0131\u011f\u0131 yapm\u0131\u015f, mesle\u011fimizde bir\u00e7ok yeniliklere imza atm\u0131\u015f olan <strong>Hilmi \u00c7elik<\/strong>, 23\/01\/2016 tarihinde vefat etti. De\u011ferli Hilmi \u00c7elik\u2019in cenazesi 25 Ocak 2016 Pazartesi g\u00fcn\u00fc \u00f6\u011fle namaz\u0131n\u0131 m\u00fcteakip Ankara Kocatepe Caminden kald\u0131r\u0131lacak ve G\u00f6lba\u015f\u0131 mezarl\u0131\u011f\u0131na defnedilecektir. Ailesinin, sevenlerinin ve meslekta\u015flar\u0131m\u0131z\u0131n ba\u015f\u0131 sa\u011f olsun. Mekan\u0131 cennet olsun.<!--more--><\/p>\n<p style=\"text-align: justify;\"><strong>Hilmi \u00c7elik Kimdir?<br \/>\n<\/strong><\/p>\n<p style=\"text-align: justify;\">Artvin ili, Ardanu\u00e7 il\u00e7esi, Sakarya k\u00f6y\u00fcne ba\u011fl\u0131 5 haneli bir yerle\u015fim alan\u0131 olan \u00c7ola\u2019da, 1943 y\u0131l\u0131nda d\u00fcnyaya geldi. Do\u011fum tarihi, hala tart\u0131\u015fma konusu. \u00c7\u00fcnk\u00fc s\u00f6z\u00fc a\u00e7\u0131ld\u0131\u011f\u0131nda her seferinde anne n\u00fcfus kay\u0131tlar\u0131ndaki 1 Ocak tarihine hep \u201cama ben seni k\u0131\u015f\u0131n do\u011furmad\u0131m ki\u201d demi\u015ftir. Bir tesad\u00fcf sonucu, maalesef art\u0131k aram\u0131zda olmayan, hem\u015ferisi Prof. Dr. Osman\u00a0Ersoy&#8217;la yolu kesi\u015fir. Osman Hocan\u0131n m\u00fcthi\u015f reklam\u0131 sonras\u0131 kendini, o g\u00fcne kadar ad\u0131n\u0131 san\u0131n\u0131 duymad\u0131\u011f\u0131 Dil ve Tarih-Co\u011frafya Fak\u00fcltesi K\u00fct\u00fcphanecilik B\u00f6l\u00fcm\u00fc \u00f6\u011frencisi olarak bulur. Osman Bey, T\u00fcrk Tarih Kurumu K\u00fct\u00fcphanesi?nde ilk i\u015fini bulmas\u0131na yard\u0131mc\u0131 olur. \u0130\u015fi, daktilo ile fi\u015f yazmak ve yazd\u0131\u011f\u0131 fi\u015f kar\u015f\u0131l\u0131\u011f\u0131 para almakt\u0131r.<\/p>\n<p style=\"text-align: justify;\">Birinci s\u0131n\u0131f dersleri tamamlanm\u0131\u015f, yaz tatili gelmi\u015ftir. Osman Bey bu kez onu, ya\u015fam\u0131nda \u00e7ok \u00f6zel bir yeri oldu\u011funu her zaman s\u00f6yledi\u011fi ODT\u00dc K\u00fct\u00fcphanesi&#8217;ne y\u00f6nlendirir ve Temmuz 1961&#8217;de gece vardiyas\u0131nda \u00e7al\u0131\u015fmak \u00fczere ODT\u00dc K\u00fct\u00fcphanesi&#8217;nde g\u00f6reve ba\u015flar.\u00a0K\u00fct\u00fcphanecilik B\u00f6l\u00fcm\u00fc\u2019n\u00fc Haziran 1964\u2019de ba\u015far\u0131 ile tamamlar, \u00f6d\u00fcll\u00fc diplomas\u0131n\u0131 al\u0131r&#8230;.<a href=\"http:\/\/myweb.sabanciuniv.edu\/hilmi\/aile\/\" target=\"_blank\" rel=\"noopener\">daha fazlas\u0131 i\u00e7in t\u0131klay\u0131n\u0131z<\/a><\/p>\n","protected":false},"excerpt":{"rendered":"<p>TBMM K\u00fct\u00fcphanesi M\u00fcd\u00fcrl\u00fc\u011f\u00fc, Sabanc\u0131 \u00dcniversitesi Bilgi Merkezi Ba\u015fkanl\u0131\u011f\u0131 ve TKD Ankara \u015eubesi Ba\u015fkanl\u0131\u011f\u0131 yapm\u0131\u015f, mesle\u011fimizde bir\u00e7ok yeniliklere imza atm\u0131\u015f olan Hilmi \u00c7elik, 23\/01\/2016 tarihinde vefat etti. De\u011ferli Hilmi \u00c7elik\u2019in cenazesi 25 Ocak 2016 Pazartesi g\u00fcn\u00fc \u00f6\u011fle namaz\u0131n\u0131 m\u00fcteakip Ankara Kocatepe Caminden kald\u0131r\u0131lacak ve G\u00f6lba\u015f\u0131 mezarl\u0131\u011f\u0131na defnedilecektir. Ailesinin, sevenlerinin ve meslekta\u015flar\u0131m\u0131z\u0131n ba\u015f\u0131 sa\u011f olsun. Mekan\u0131 cennet [&hellip;]<\/p>\n","protected":false},"author":1,"featured_media":0,"comment_status":"open","ping_status":"open","sticky":false,"template":"","format":"standard","meta":{"footnotes":""},"categories":[1],"tags":[1058,824],"class_list":["post-18272","post","type-post","status-publish","format-standard","hentry","category-genel","tag-hilmi-celik","tag-vefat-eden-meslektaslarimiz"],"_links":{"self":[{"href":"https:\/\/www.bbyhaber.com\/bby\/wp-json\/wp\/v2\/posts\/18272"}],"collection":[{"href":"https:\/\/www.bbyhaber.com\/bby\/wp-json\/wp\/v2\/posts"}],"about":[{"href":"https:\/\/www.bbyhaber.com\/bby\/wp-json\/wp\/v2\/types\/post"}],"author":[{"embeddable":true,"href":"https:\/\/www.bbyhaber.com\/bby\/wp-json\/wp\/v2\/users\/1"}],"replies":[{"embeddable":true,"href":"https:\/\/www.bbyhaber.com\/bby\/wp-json\/wp\/v2\/comments?post=18272"}],"version-history":[{"count":1,"href":"https:\/\/www.bbyhaber.com\/bby\/wp-json\/wp\/v2\/posts\/18272\/revisions"}],"predecessor-version":[{"id":24535,"href":"https:\/\/www.bbyhaber.com\/bby\/wp-json\/wp\/v2\/posts\/18272\/revisions\/24535"}],"wp:attachment":[{"href":"https:\/\/www.bbyhaber.com\/bby\/wp-json\/wp\/v2\/media?parent=18272"}],"wp:term":[{"taxonomy":"category","embeddable":true,"href":"https:\/\/www.bbyhaber.com\/bby\/wp-json\/wp\/v2\/categories?post=18272"},{"taxonomy":"post_tag","embeddable":true,"href":"https:\/\/www.bbyhaber.com\/bby\/wp-json\/wp\/v2\/tags?post=18272"}],"curies":[{"name":"wp","href":"https:\/\/api.w.org\/{rel}","templated":true}]}}