{"id":18261,"date":"2016-01-22T18:32:37","date_gmt":"2016-01-22T16:32:37","guid":{"rendered":"http:\/\/www.bbyhaber.com\/bby\/?p=18261"},"modified":"2016-01-22T18:33:36","modified_gmt":"2016-01-22T16:33:36","slug":"ilkokullara-oyuncak-kutuphanesi","status":"publish","type":"post","link":"https:\/\/www.bbyhaber.com\/bby\/2016\/01\/22\/ilkokullara-oyuncak-kutuphanesi","title":{"rendered":"\u0130lkokullara oyuncak k\u00fct\u00fcphanesi"},"content":{"rendered":"<p style=\"text-align: justify;\"><img loading=\"lazy\" decoding=\"async\" class=\"alignleft\" src=\"http:\/\/img-cdn.ntv.com.tr\/gorsel\/egitim\/ilkokullara-oyuncak-kutuphanesi,L7yfgF5oQkakLcF483mt6g.jpg?width=620&amp;mode=crop&amp;scale=both&amp;v=20160122155902596&amp;meta=rectangle\" alt=\"\" width=\"279\" height=\"152\" \/>\u00dclkemizin ulusal ve uluslararas\u0131 arenada \u00f6nemli gen\u00e7lik olu\u015fumlar\u0131ndan biri olan ve y\u00fcr\u00fctt\u00fc\u011f\u00fc ba\u015far\u0131l\u0131 projelerle binlerce gencin ve \u00e7ocu\u011fun hayat\u0131na dokunan \u0130stanbul Gen\u00e7lik Platformu, ilkokullara oyuncak k\u00fct\u00fcphaneleri kurmaya ba\u015flad\u0131.<!--more--><\/p>\n<p style=\"text-align: justify;\">&#8221;KISA ZAMANDA B\u0130R\u00c7OK K\u00d6Y OKULUNA YAYILACAK&#8221;<\/p>\n<p style=\"text-align: justify;\">D\u00fcnyan\u0131n en iyi 50 \u00f6\u011fretmeni aras\u0131na se\u00e7ilen ve bir k\u00f6y okulunda k\u0131s\u0131tl\u0131 imkanlarla mucizeler yaratan Dilek Livaneli&#8217;nin \u00f6\u011fretmeni oldu\u011fu Samsun Kumk\u00f6y \u0130lkokulu ile ba\u015flayan proje, k\u0131sa zamanda bir\u00e7ok k\u00f6y okuluna da yay\u0131lacak.<\/p>\n<p style=\"text-align: justify;\">&#8221;G\u00d6N\u00dcLL\u00dc GEN\u00c7LERE \u00c7OK TE\u015eEKK\u00dcR EDER\u0130M&#8221;<br \/>\n\u00d6\u011frencileri i\u00e7in sadece bir okul de\u011fil, bir ya\u015fam alan\u0131 kurmaya \u00e7al\u0131\u015ft\u0131\u011f\u0131n\u0131 ifade eden Dilek Livaneli T\u00fcrkiye&#8217;de bir ilk olacak olan Oyuncak K\u00fct\u00fcphanesi projesi i\u00e7in de \u00e7ok heyecanl\u0131 oldu\u011funu belirtti. T\u00fcrkiye&#8217;de \u00e7ocuklar\u0131n sadece akademik ba\u015far\u0131lar\u0131n\u0131n de\u011fil sosyal ihtiya\u00e7lar\u0131n\u0131n ve ki\u015fisel geli\u015fimlerinin de d\u00fc\u015f\u00fcn\u00fclmesi gerekti\u011fini vurgulayan Dilek Livaneli, \u0130stanbul&#8217;dan bu proje i\u00e7in zorlu hava \u015fartlar\u0131nda yola \u00e7\u0131kan g\u00f6n\u00fcll\u00fc gen\u00e7lere \u00e7ok te\u015fekk\u00fcr etti.<br \/>\n&#8221;SOSYAL G\u0130R\u0130\u015e\u0130MC\u0130L\u0130\u011eE FARKLI B\u0130R BAKI\u015e A\u00c7ISI GET\u0130RMEYE \u00c7ALI\u015eIYORUZ&#8221;<\/p>\n<p style=\"text-align: justify;\">\u0130stanbul Gen\u00e7lik Platformu Lideri Do\u011fa Can Co\u015far ise \u00fclkemizin klasik hay\u0131rseverlik anlay\u0131\u015f\u0131ndan uzak, yarat\u0131c\u0131 ve s\u00fcrd\u00fcr\u00fclebilir sosyal politikalara ihtiya\u00e7 duydu\u011funu ve dernek olarak da y\u00fcr\u00fctt\u00fckleri projelerle \u00fclkemiz sosyal giri\u015fimcili\u011fine farkl\u0131 bir bak\u0131\u015f a\u00e7\u0131s\u0131 getirmeye \u00e7al\u0131\u015ft\u0131klar\u0131n\u0131 ifade etti.<\/p>\n<p style=\"text-align: justify;\">&#8221;HER GENC\u0130N BU \u00dcLKEYE VE YA\u015eADI\u011eI D\u00dcNYAYA B\u0130R BORCU VAR&#8221;<br \/>\nProjenin koordinat\u00f6r\u00fc F\u0131rat Can Dikme de \u0130stanbul merkezli derneklerinin daha \u00f6nce de Van, Edirne ve Soma gibi b\u00f6lgelerde \u00e7al\u0131\u015ft\u0131\u011f\u0131n\u0131 belirtip, T\u00fcrkiye&#8217;de t\u00fcm gen\u00e7lerin sivil toplumun bir par\u00e7as\u0131 olmas\u0131 gerekti\u011fini, bunun da her gencin bu \u00fclkeye ve ya\u015fad\u0131\u011f\u0131 d\u00fcnyaya bir borcu oldu\u011funu ifade etti ve oyuncak k\u00fct\u00fcphanesi projesinin T\u00fcrkiye&#8217;nin d\u00f6rt bir yan\u0131na yaymaya \u00e7al\u0131\u015facaklar\u0131n\u0131 s\u00f6zlerine ekledi.<\/p>\n<p style=\"text-align: justify;\">150 G\u00d6N\u00dcLL\u00dc GEN\u00c7, 600 OYUNCAK<\/p>\n<p style=\"text-align: justify;\">150 gencin g\u00f6n\u00fcll\u00fc olarak yer ald\u0131\u011f\u0131 ve Kad\u0131k\u00f6y Belediyesi&#8217;nin destekleriyle hayata ge\u00e7en Oyuncak K\u00fct\u00fcphanesi projesi kapsam\u0131nda toplam 650 oyuncak topland\u0131 ve ilkokullar i\u00e7in karne g\u00fcn\u00fcnde Samsun&#8217;da, bu proje t\u00fcm k\u00f6y okulu \u00e7ocuklar\u0131na arma\u011fan edildi.<\/p>\n<p style=\"text-align: justify;\">Kaynak: http:\/\/www.ntv.com.tr\/<\/p>\n","protected":false},"excerpt":{"rendered":"<p>\u00dclkemizin ulusal ve uluslararas\u0131 arenada \u00f6nemli gen\u00e7lik olu\u015fumlar\u0131ndan biri olan ve y\u00fcr\u00fctt\u00fc\u011f\u00fc ba\u015far\u0131l\u0131 projelerle binlerce gencin ve \u00e7ocu\u011fun hayat\u0131na dokunan \u0130stanbul Gen\u00e7lik Platformu, ilkokullara oyuncak k\u00fct\u00fcphaneleri kurmaya ba\u015flad\u0131.<\/p>\n","protected":false},"author":1,"featured_media":0,"comment_status":"open","ping_status":"open","sticky":false,"template":"","format":"standard","meta":{"footnotes":""},"categories":[1,1594],"tags":[1442],"class_list":["post-18261","post","type-post","status-publish","format-standard","hentry","category-genel","category-oyuncak-kutuphanesi","tag-oyuncak-kutuphaneleri"],"_links":{"self":[{"href":"https:\/\/www.bbyhaber.com\/bby\/wp-json\/wp\/v2\/posts\/18261"}],"collection":[{"href":"https:\/\/www.bbyhaber.com\/bby\/wp-json\/wp\/v2\/posts"}],"about":[{"href":"https:\/\/www.bbyhaber.com\/bby\/wp-json\/wp\/v2\/types\/post"}],"author":[{"embeddable":true,"href":"https:\/\/www.bbyhaber.com\/bby\/wp-json\/wp\/v2\/users\/1"}],"replies":[{"embeddable":true,"href":"https:\/\/www.bbyhaber.com\/bby\/wp-json\/wp\/v2\/comments?post=18261"}],"version-history":[{"count":0,"href":"https:\/\/www.bbyhaber.com\/bby\/wp-json\/wp\/v2\/posts\/18261\/revisions"}],"wp:attachment":[{"href":"https:\/\/www.bbyhaber.com\/bby\/wp-json\/wp\/v2\/media?parent=18261"}],"wp:term":[{"taxonomy":"category","embeddable":true,"href":"https:\/\/www.bbyhaber.com\/bby\/wp-json\/wp\/v2\/categories?post=18261"},{"taxonomy":"post_tag","embeddable":true,"href":"https:\/\/www.bbyhaber.com\/bby\/wp-json\/wp\/v2\/tags?post=18261"}],"curies":[{"name":"wp","href":"https:\/\/api.w.org\/{rel}","templated":true}]}}