{"id":1826,"date":"2011-12-20T19:40:20","date_gmt":"2011-12-20T17:40:20","guid":{"rendered":"http:\/\/www.bbyhaber.com\/bby\/?p=1826"},"modified":"2013-02-28T12:52:06","modified_gmt":"2013-02-28T10:52:06","slug":"9-eturkiye-etr-odullerinde-milli-kutuphane-ikinci-olmustur","status":"publish","type":"post","link":"https:\/\/www.bbyhaber.com\/bby\/2011\/12\/20\/9-eturkiye-etr-odullerinde-milli-kutuphane-ikinci-olmustur","title":{"rendered":"9. eT\u00fcrkiye (eTR) \u00f6d\u00fclleri&#8217;nde Milli K\u00fct\u00fcphane ikinci olmu\u015ftur"},"content":{"rendered":"<p style=\"text-align: justify;\">T\u00dcS\u0130AD ve TBV\u2019nin d\u00fczenledi\u011fi 9. eTR \u00d6d\u00fcllerinde Milli K\u00fct\u00fcphane, S\u00fcreli Yay\u0131nlar Bilgi Sistemi ile finale kalarak ikinci olmu\u015ftur. T\u00fcm kat\u0131l\u0131mc\u0131lar\u0131n \u00f6n\u00fcnde ba\u011f\u0131ms\u0131z bili\u015fimciler taraf\u0131ndan yap\u0131lan oylama sonucunda, ilk kez kat\u0131ld\u0131\u011f\u0131 yar\u0131\u015fmada elde etti\u011fi bu ba\u015far\u0131dan dolay\u0131 Milli K\u00fct\u00fcphane Ba\u015fkan\u0131 Say\u0131n Tuncel Acar&#8217;\u0131n \u015fahs\u0131nda eme\u011fi ge\u00e7en t\u00fcm meslekta\u015flar\u0131m\u0131 tebrik ediyor, ba\u015far\u0131lar\u0131n\u0131n devam\u0131n\u0131 diliyorum.<!--more--><\/p>\n<p><span style=\"color: #ff0000;\"><strong>Kaynak:<\/strong><\/span> Ali Fuat Kartal-TKD Genel Ba\u015fkan\u0131<\/p>\n<p style=\"text-align: justify;\"><span style=\"color: #000080;\"><strong>\u0130lgili Haber:<\/strong><\/span><br \/>\n(<strong><span style=\"color: #ff0000;\">Kaynak:<\/span><\/strong> http:\/\/www.tusiad.org)<\/p>\n<div style=\"text-align: justify;\"><strong>T\u00dcS\u0130AD ve T\u00fcrkiye Bili\u015fim Vakf\u0131 (TBV) taraf\u0131ndan d\u00fczenlenen \u201c9. eT\u00fcrkiye (eTR) \u00d6d\u00fclleri\u201d 19 Aral\u0131k 2011 tarihinde, T\u00fcrkiye B\u00fcy\u00fck Millet Meclisi\u2019nde sahiplerini bulacak.<\/strong><\/div>\n<div style=\"text-align: justify;\">T\u00dcS\u0130AD ve TBV taraf\u0131ndan bu y\u0131l 9\u2019uncusu ger\u00e7ekle\u015ftirilen \u201ceTR\u00d6d\u00fclleri\u201dnin finalistleri a\u00e7\u0131kland\u0131. Finalistler aras\u0131ndan \u00f6d\u00fcl kazananlar, 19 Aral\u0131k 2011 tarihinde, TBMM Ba\u015fkanl\u0131\u011f\u0131 himayesinde T\u00fcrkiye B\u00fcy\u00fck Millet Meclisi\u2019nde ger\u00e7ekle\u015ftirilecek t\u00f6ren s\u0131ras\u0131nda, j\u00fcrinin elektronik oylamas\u0131 ile belirlenecek.<\/div>\n<div style=\"text-align: justify;\">eTR \u00d6d\u00fclleri, T\u00fcrkiye\u2019nin AB\u2019ye uyum s\u00fcrecinde rekabeti artt\u0131r\u0131c\u0131, bilgiye dayal\u0131, e-Hizmetlere odaklanm\u0131\u015f d\u00f6n\u00fc\u015f\u00fcm\u00fc h\u0131zland\u0131rmak amac\u0131yla olu\u015fturulmu\u015ftur.\u201cKamudan Vatanda\u015fa e-Hizmetler\u201d, \u201cKamudan \u0130\u015f D\u00fcnyas\u0131na e-Hizmetler\u201d, \u201cKamudan Kamuya e-Hizmetler\u201d, \u201dYerel Y\u00f6netimler\u201d ve \u201c\u00d6zel \u00d6d\u00fcl\u201d kategorilerinde toplam 33 proje ba\u015fvurmu\u015f, uzman de\u011ferlendiricilerin incelemesinin ard\u0131ndan, projelerden 16\u2019s\u0131 finale kalm\u0131\u015ft\u0131r.<\/div>\n<div style=\"text-align: justify;\">Ayr\u0131ca, eDevlet uygulamalar\u0131 ile \u00f6rnek olan veya \u00f6rnek te\u015fkil edebilecek uygulamalara da eTR \u00d6d\u00fclleri t\u00f6reninde \u00d6zel \u00d6d\u00fcl verilecektir.<\/div>\n<div><span style=\"text-decoration: underline;\"><strong>Finalist Projeler*<\/strong><\/span><\/div>\n<div>\n<table width=\"536\" border=\"1\" cellspacing=\"0\" cellpadding=\"0\">\n<tbody>\n<tr>\n<td><strong><span style=\"text-decoration: underline;\">Ba\u015fvurulan Kategori<\/span><\/strong><\/td>\n<td><strong><span style=\"text-decoration: underline;\">Kurum <\/span><\/strong><\/td>\n<td><strong><span style=\"text-decoration: underline;\">Proje Ad\u0131<\/span><\/strong><\/td>\n<\/tr>\n<tr>\n<td colspan=\"3\"><strong>Kamu Kurumlar\u0131na Y\u00f6nelik Kategoriler<\/strong><\/td>\n<\/tr>\n<tr>\n<td rowspan=\"2\"><em>Kamudan \u0130\u015f D\u00fcnyas\u0131na \u00a0\u00a0\u00a0\u00a0eHizmetler<\/em><\/td>\n<td>T\u00dcB\u0130TAK Teknoloji ve Yenilik Destek Programlar\u0131 Ba\u015fkanl\u0131\u011f\u0131-TEYDEB<\/td>\n<td>T\u00dcB\u0130TAK TEYDEB Proje De\u011ferlendirme ve \u0130zleme Sistemi \u2013 PROD\u0130S<\/td>\n<\/tr>\n<tr>\n<td>T\u00fcrk Standartlar\u0131 Enstit\u00fcs\u00fc<\/td>\n<td>BelgeNET<\/td>\n<\/tr>\n<tr>\n<td rowspan=\"2\"><span style=\"color: #ff0000;\"><strong><em>Kamudan Vatanda\u015fa eHizmetler<\/em><\/strong><\/span><\/td>\n<td>Ba\u015fbakanl\u0131k Hazine M\u00fcste\u015farl\u0131\u011f\u0131 Sigortac\u0131l\u0131k Genel M\u00fcd\u00fcrl\u00fc\u011f\u00fc<\/td>\n<td>OTOKONTROL 5664<\/td>\n<\/tr>\n<tr>\n<td><strong><span style=\"color: #ff0000;\">Milli K\u00fct\u00fcphane Ba\u015fkanl\u0131\u011f\u0131<\/span><\/strong><\/td>\n<td><strong><span style=\"color: #ff0000;\">S\u00fcreli Yay\u0131nlar Bilgi Sistemi<\/span><\/strong><\/td>\n<\/tr>\n<tr>\n<td rowspan=\"2\"><em>Kamudan Kamuya\u00a0\u00a0\u00a0\u00a0\u00a0\u00a0\u00a0\u00a0\u00a0\u00a0\u00a0\u00a0\u00a0\u00a0 eHizmetler<\/em><\/td>\n<td>Maliye Bakanl\u0131\u011f\u0131 Muhasebat Genel M\u00fcd\u00fcrl\u00fc\u011f\u00fc<\/td>\n<td>Kamu Personel Harcamalar\u0131 Y\u00f6netim Sistemi<\/td>\n<\/tr>\n<tr>\n<td>Orman ve Su \u0130\u015fleri Bakanl\u0131\u011f\u0131<\/td>\n<td>Co\u011frafi Veri Portal\u0131n\u0131n (Geoportal) Geli\u015ftirilmesi<\/td>\n<\/tr>\n<tr>\n<td colspan=\"3\"><strong>Yerel Y\u00f6netimlere Y\u00f6nelik Kategoriler<\/strong><\/td>\n<\/tr>\n<tr>\n<td rowspan=\"2\"><em>K\u00fc\u00e7\u00fck \u00d6l\u00e7ekli Belediye<\/em><\/td>\n<td>Karasu Belediyesi<\/td>\n<td>Karasu Ak\u0131ll\u0131 Kent Projesi<\/td>\n<\/tr>\n<tr>\n<td>Seferihisar Belediyesi<\/td>\n<td>\u00c7\u00f6z\u00fcm Masas\u0131<\/td>\n<\/tr>\n<tr>\n<td rowspan=\"6\">&nbsp;<\/p>\n<p><em>Orta \u00d6l\u00e7ekli Belediye<\/em><\/td>\n<td>Alt\u0131nda\u011f Belediyesi<\/td>\n<td>Alt\u0131nda\u011f Kent Bilgi Sistemi (ALB\u0130S)<\/td>\n<\/tr>\n<tr>\n<td>\u00c7ukurova Belediyesi<\/td>\n<td>AVS Uygulamalar\u0131<\/td>\n<\/tr>\n<tr>\n<td>Fatih Belediyesi<\/td>\n<td>Fatih Mobil<\/td>\n<\/tr>\n<tr>\n<td>Sancaktepe Belediyesi<\/td>\n<td>Mobil Belediyecilik<\/td>\n<\/tr>\n<tr>\n<td>Tekirda\u011f Belediyesi<\/td>\n<td>Gelir Y\u00f6netim Sistemi<\/td>\n<\/tr>\n<tr>\n<td>Tuzla Belediyesi<\/td>\n<td>\u0130novatif Belediyecilik Uygulamalar\u0131<\/td>\n<\/tr>\n<tr>\n<td rowspan=\"2\"><em>B\u00fcy\u00fck \u00d6l\u00e7ekli Belediye<\/em><\/td>\n<td>Konya B\u00fcy\u00fck\u015fehir Belediyesi<\/td>\n<td>Sosyal Kart<\/td>\n<\/tr>\n<tr>\n<td>Konya Su ve Kanalizasyon \u0130daresi Genel M\u00fcd\u00fcrl\u00fc\u011f\u00fc (KOSK\u0130)<\/td>\n<\/tr>\n<\/tbody>\n<\/table>\n<\/div>\n","protected":false},"excerpt":{"rendered":"<p>T\u00dcS\u0130AD ve TBV\u2019nin d\u00fczenledi\u011fi 9. eTR \u00d6d\u00fcllerinde Milli K\u00fct\u00fcphane, S\u00fcreli Yay\u0131nlar Bilgi Sistemi ile finale kalarak ikinci olmu\u015ftur. T\u00fcm kat\u0131l\u0131mc\u0131lar\u0131n \u00f6n\u00fcnde ba\u011f\u0131ms\u0131z bili\u015fimciler taraf\u0131ndan yap\u0131lan oylama sonucunda, ilk kez kat\u0131ld\u0131\u011f\u0131 yar\u0131\u015fmada elde etti\u011fi bu ba\u015far\u0131dan dolay\u0131 Milli K\u00fct\u00fcphane Ba\u015fkan\u0131 Say\u0131n Tuncel Acar&#8217;\u0131n \u015fahs\u0131nda eme\u011fi ge\u00e7en t\u00fcm meslekta\u015flar\u0131m\u0131 tebrik ediyor, ba\u015far\u0131lar\u0131n\u0131n devam\u0131n\u0131 diliyorum.<\/p>\n","protected":false},"author":1,"featured_media":0,"comment_status":"open","ping_status":"open","sticky":false,"template":"","format":"standard","meta":{"footnotes":""},"categories":[1475,1569,1571,1],"tags":[213,212],"class_list":["post-1826","post","type-post","status-publish","format-standard","hentry","category-ankara-milli-kutuphane","category-e-hizmetler","category-e-kutuphane","category-genel","tag-etr","tag-eturkiye"],"_links":{"self":[{"href":"https:\/\/www.bbyhaber.com\/bby\/wp-json\/wp\/v2\/posts\/1826"}],"collection":[{"href":"https:\/\/www.bbyhaber.com\/bby\/wp-json\/wp\/v2\/posts"}],"about":[{"href":"https:\/\/www.bbyhaber.com\/bby\/wp-json\/wp\/v2\/types\/post"}],"author":[{"embeddable":true,"href":"https:\/\/www.bbyhaber.com\/bby\/wp-json\/wp\/v2\/users\/1"}],"replies":[{"embeddable":true,"href":"https:\/\/www.bbyhaber.com\/bby\/wp-json\/wp\/v2\/comments?post=1826"}],"version-history":[{"count":0,"href":"https:\/\/www.bbyhaber.com\/bby\/wp-json\/wp\/v2\/posts\/1826\/revisions"}],"wp:attachment":[{"href":"https:\/\/www.bbyhaber.com\/bby\/wp-json\/wp\/v2\/media?parent=1826"}],"wp:term":[{"taxonomy":"category","embeddable":true,"href":"https:\/\/www.bbyhaber.com\/bby\/wp-json\/wp\/v2\/categories?post=1826"},{"taxonomy":"post_tag","embeddable":true,"href":"https:\/\/www.bbyhaber.com\/bby\/wp-json\/wp\/v2\/tags?post=1826"}],"curies":[{"name":"wp","href":"https:\/\/api.w.org\/{rel}","templated":true}]}}