{"id":18255,"date":"2016-01-22T16:21:13","date_gmt":"2016-01-22T14:21:13","guid":{"rendered":"http:\/\/www.bbyhaber.com\/bby\/?p=18255"},"modified":"2016-10-11T18:30:02","modified_gmt":"2016-10-11T15:30:02","slug":"7th-international-symposium-on-information-management-in-a-changing-world","status":"publish","type":"post","link":"https:\/\/www.bbyhaber.com\/bby\/2016\/01\/22\/7th-international-symposium-on-information-management-in-a-changing-world","title":{"rendered":"7th International Symposium on Information Management in a Changing World"},"content":{"rendered":"<p style=\"text-align: justify;\"><img loading=\"lazy\" decoding=\"async\" class=\"alignleft\" src=\"http:\/\/www.bbyhaber.com\/bby\/wp-content\/uploads\/2015\/05\/imcw2016.jpg\" alt=\"\" width=\"338\" height=\"165\" \/>Hacettepe \u00dcniversitesi Bilgi ve Belge Y\u00f6netimi B\u00f6l\u00fcm\u00fc&#8217;n\u00fcn 2007 y\u0131l\u0131ndan beri d\u00fczenli olarak ger\u00e7ekle\u015ftirdi\u011fi De\u011fi\u015fen D\u00fcnyada Bilgi Y\u00f6netimi Sempozyumlar\u0131n\u0131n <strong><span style=\"color: #0000ff;\">yedincisi 10-11 Ekim 2016<\/span><\/strong> tarihlerinde <strong><span style=\"color: #0000ff;\">Avusturya\u2019n\u0131n Viyana<\/span><\/strong> \u015fehrinde d\u00fczenlenecektir. Sempozyum, 2014 y\u0131l\u0131nda oldu\u011fu gibi Uluslararas\u0131 Bilgi Y\u00f6netimi Konferans\u0131 (IMCW2016) ile e\u015f zamanl\u0131 olarak ger\u00e7ekle\u015ftirilecektir.<!--more--><\/p>\n<p style=\"text-align: justify;\">Ana temas\u0131 \u201cInformation Management in Industry 4.0\u201d olan 7. Uluslararas\u0131 De\u011fi\u015fen D\u00fcnyada Bilgi Y\u00f6netimi Sempozyumunun ilk \u00e7a\u011fr\u0131s\u0131 yay\u0131mlanm\u0131\u015ft\u0131r. \u00c7a\u011fr\u0131 metni ve ilgili di\u011fer bilgilere <a href=\"http:\/\/imcw2016.bilgiyonetimi.net\/\" target=\"_blank\">http:\/\/imcw2016.bilgiyonetimi.net\/<\/a> adresinden eri\u015febilirsiniz.<\/p>\n<p style=\"text-align: justify;\">Sempozyum Web Sayfas\u0131: <span style=\"color: #0000ff;\"><a href=\"http:\/\/imcw2016.bilgiyonetimi.net\/\" target=\"_blank\"><span style=\"color: #0000ff;\">http:\/\/imcw2016.bilgiyonetimi.net\/<\/span><\/a><\/span><\/p>\n","protected":false},"excerpt":{"rendered":"<p>Hacettepe \u00dcniversitesi Bilgi ve Belge Y\u00f6netimi B\u00f6l\u00fcm\u00fc&#8217;n\u00fcn 2007 y\u0131l\u0131ndan beri d\u00fczenli olarak ger\u00e7ekle\u015ftirdi\u011fi De\u011fi\u015fen D\u00fcnyada Bilgi Y\u00f6netimi Sempozyumlar\u0131n\u0131n yedincisi 10-11 Ekim 2016 tarihlerinde Avusturya\u2019n\u0131n Viyana \u015fehrinde d\u00fczenlenecektir. Sempozyum, 2014 y\u0131l\u0131nda oldu\u011fu gibi Uluslararas\u0131 Bilgi Y\u00f6netimi Konferans\u0131 (IMCW2016) ile e\u015f zamanl\u0131 olarak ger\u00e7ekle\u015ftirilecektir.<\/p>\n","protected":false},"author":1,"featured_media":20019,"comment_status":"open","ping_status":"open","sticky":false,"template":"","format":"standard","meta":{"footnotes":""},"categories":[],"tags":[1395,378,823],"class_list":["post-18255","post","type-post","status-publish","format-standard","has-post-thumbnail","hentry","tag-bby-mesleki-etkinlikler-arsivi","tag-bilgi-yonetimi-sempozyumu","tag-imcw"],"_links":{"self":[{"href":"https:\/\/www.bbyhaber.com\/bby\/wp-json\/wp\/v2\/posts\/18255"}],"collection":[{"href":"https:\/\/www.bbyhaber.com\/bby\/wp-json\/wp\/v2\/posts"}],"about":[{"href":"https:\/\/www.bbyhaber.com\/bby\/wp-json\/wp\/v2\/types\/post"}],"author":[{"embeddable":true,"href":"https:\/\/www.bbyhaber.com\/bby\/wp-json\/wp\/v2\/users\/1"}],"replies":[{"embeddable":true,"href":"https:\/\/www.bbyhaber.com\/bby\/wp-json\/wp\/v2\/comments?post=18255"}],"version-history":[{"count":0,"href":"https:\/\/www.bbyhaber.com\/bby\/wp-json\/wp\/v2\/posts\/18255\/revisions"}],"wp:featuredmedia":[{"embeddable":true,"href":"https:\/\/www.bbyhaber.com\/bby\/wp-json\/"}],"wp:attachment":[{"href":"https:\/\/www.bbyhaber.com\/bby\/wp-json\/wp\/v2\/media?parent=18255"}],"wp:term":[{"taxonomy":"category","embeddable":true,"href":"https:\/\/www.bbyhaber.com\/bby\/wp-json\/wp\/v2\/categories?post=18255"},{"taxonomy":"post_tag","embeddable":true,"href":"https:\/\/www.bbyhaber.com\/bby\/wp-json\/wp\/v2\/tags?post=18255"}],"curies":[{"name":"wp","href":"https:\/\/api.w.org\/{rel}","templated":true}]}}