{"id":18247,"date":"2016-01-22T13:23:31","date_gmt":"2016-01-22T11:23:31","guid":{"rendered":"http:\/\/www.bbyhaber.com\/bby\/?p=18247"},"modified":"2016-01-27T19:00:21","modified_gmt":"2016-01-27T17:00:21","slug":"teknik-hizmetler-sinifindaki-gelismelere-dair-toplanti-yapilacak-27-ocak-2016","status":"publish","type":"post","link":"https:\/\/www.bbyhaber.com\/bby\/2016\/01\/22\/teknik-hizmetler-sinifindaki-gelismelere-dair-toplanti-yapilacak-27-ocak-2016","title":{"rendered":"Teknik hizmetler s\u0131n\u0131f\u0131ndaki geli\u015fmelere dair toplant\u0131 yap\u0131lacak-27 Ocak 2016"},"content":{"rendered":"<p style=\"text-align: justify;\"><img loading=\"lazy\" decoding=\"async\" class=\"alignleft\" src=\"http:\/\/bbyhaber.com\/bby\/wp-content\/uploads\/2016\/01\/tkd-ozluk-haklar.jpg\" alt=\"\" width=\"296\" height=\"186\" \/>Bilindi\u011fi \u00fczere, K\u00fct\u00fcphanecilerin \u00f6zl\u00fck haklar\u0131n\u0131n iyile\u015ftirilmesi konusunda y\u0131llardan bu yana \u00e7al\u0131\u015fmalar yap\u0131lm\u0131\u015f ve birtak\u0131m kazan\u0131mlar elde edilerek 2013 y\u0131l\u0131 itibariyle K\u00fct\u00fcphaneciler Teknik Hizmetler S\u0131n\u0131f\u0131na ge\u00e7irilmi\u015f, (II) say\u0131l\u0131 \u00d6zel Hizmet Tazminat\u0131 Cetvelinin E Teknik Hizmetler b\u00f6l\u00fcm\u00fcn\u00fcn 1. s\u0131ras\u0131n\u0131n \u201cD\u201d bendine al\u0131nm\u0131\u015ft\u0131. <!--more--><\/p>\n<p style=\"text-align: justify;\">Elde edilen bu kazan\u0131m \u015f\u00fcphesiz mesle\u011fimiz i\u00e7in \u00e7ok \u00f6nemli bir geli\u015fme olsa da, bunun yeterli olmad\u0131\u011f\u0131, K\u00fct\u00fcphanecilerin \u201cTeknik Bilimler Lisansiyeri\u201d say\u0131lmalar\u0131 gerekti\u011fi bu ba\u011flamda k\u00fct\u00fcphanecilerin yukarda an\u0131lan maddenin \u201cC\u201d bendine al\u0131nmas\u0131 gerekti\u011fi meslekta\u015flar\u0131m\u0131z\u0131n ve meslek \u00e7evrelerimizin ortak g\u00f6r\u00fc\u015f\u00fcd\u00fcr. Nitekim bu hususta birtak\u0131m giri\u015fimler olduysa da maalesef bu giri\u015fimler sonu\u00e7suz kalm\u0131\u015ft\u0131r.<\/p>\n<p style=\"text-align: justify;\">Son olarak memur sendikalar\u0131 ile h\u00fck\u00fcmet aras\u0131ndaki 2016-2017 Toplu S\u00f6zle\u015fme g\u00f6r\u00fc\u015fmelerinde de taleplerimiz dile getirilmi\u015f ancak olumlu bir kar\u015f\u0131l\u0131k bulamam\u0131\u015f ve mevcut durum devam etmi\u015ftir. K\u00fct\u00fcphanecilerin ek g\u00f6sterge sorunu, yan \u00f6deme kararnamesi ilgili cetvellerdeki puan sorunu, bend sorunu k\u0131sacas\u0131 \u00f6zl\u00fck haklar\u0131ndan kaynaklanan sorunlar\u0131n \u00e7\u00f6z\u00fclemeyecek sorunlar olmad\u0131\u011f\u0131n\u0131n fark\u0131nday\u0131z.<\/p>\n<p style=\"text-align: justify;\">2013 y\u0131l\u0131nda Teknik Hizmetler S\u0131n\u0131f\u0131\u2019na ge\u00e7irilmemize kadar verilen m\u00fccadeleyi \u00f6rnek alarak, pasif d\u00fc\u015f\u00fcncelerimizi aktif \u00e7al\u0131\u015fmalara ve giri\u015fimlere d\u00f6n\u00fc\u015ft\u00fcrmek, mesle\u011fimiz ve \u00f6zl\u00fck haklar\u0131m\u0131z ad\u0131na g\u00f6stermi\u015f oldu\u011fumuz m\u00fccadele ruhunu yakalamam\u0131z gerekti\u011fini d\u00fc\u015f\u00fcnmekteyiz. Bu ba\u011flamda 15.01.2016 tarihinde \u0130stanbul \u00dcniversitesi Merkez K\u00fct\u00fcphanesi k\u00fct\u00fcphanecileri olarak bir araya gelerek yapm\u0131\u015f oldu\u011fumuz toplant\u0131 sonucunda sorunlar masaya yat\u0131r\u0131larak sorunlar\u0131n \u00e7\u00f6z\u00fcm\u00fcne y\u00f6nelik fikir al\u0131\u015fveri\u015finde bulunulmu\u015ftur.<\/p>\n<p style=\"text-align: justify;\">\u0130stanbul\u2019daki t\u00fcm k\u00fct\u00fcphanecilerin kat\u0131l\u0131m\u0131yla ger\u00e7ekle\u015ftirece\u011fimiz bir toplant\u0131ya ihtiya\u00e7 duyuldu\u011fu konusunda fikir birli\u011fine var\u0131lm\u0131\u015f ve T\u00fcrk K\u00fct\u00fcphaneciler Derne\u011fi \u00d6zl\u00fck Haklar\u0131 \u00c7al\u0131\u015fma Grubu\u2019nu yeniden canland\u0131rmak, sorunlar\u0131m\u0131z\u0131n \u00e7\u00f6z\u00fcm\u00fcnde yap\u0131lacaklar\u0131n yol haritas\u0131n\u0131 \u00e7izmek, i\u015f kollar\u0131 olu\u015fturarak i\u015f b\u00f6l\u00fcm\u00fc yapmak, aktif ekipler olu\u015fturmak amac\u0131yla toplant\u0131 karar\u0131 al\u0131nm\u0131\u015ft\u0131r.<\/p>\n<p style=\"text-align: justify;\">Kat\u0131l\u0131m\u0131n\u0131z toplant\u0131n\u0131n hedeflerine ula\u015fabilmesi a\u00e7\u0131s\u0131ndan \u00f6nemli oldu\u011fu gibi, bu \u00e7a\u011fr\u0131n\u0131n olabildi\u011fince \u00e7ok meslekta\u015f\u0131m\u0131za ula\u015fmas\u0131 da ortaya \u00e7\u0131kacak fikir ve g\u00f6r\u00fc\u015flerin \u00e7e\u015fitlili\u011fi a\u00e7\u0131s\u0131ndan olumlu olacakt\u0131r.<\/p>\n<p style=\"text-align: justify;\">Teknik hizmetler s\u0131n\u0131f\u0131 hakk\u0131nda toplant\u0131 \u00e7a\u011fr\u0131s\u0131:<br \/>\n<strong>Yer: <span style=\"color: #0000ff;\">Orhan Kemal \u0130l Halk K\u00fct\u00fcphanesi<\/span><\/strong><br \/>\n<strong>Tarih: <span style=\"color: #ff0000;\">27\/01\/2016<\/span><\/strong><br \/>\n<strong>Saat: <span style=\"color: #ff0000;\">18:30<\/span><\/strong><\/p>\n<p style=\"text-align: justify;\"><strong><em>T\u00fcrk K\u00fct\u00fcphaneciler Derne\u011fi<\/em><\/strong><br \/>\n<strong><em>\u00d6zl\u00fck Haklar\u0131 \u00c7al\u0131\u015fma Grubu<\/em><\/strong><\/p>\n","protected":false},"excerpt":{"rendered":"<p>Bilindi\u011fi \u00fczere, K\u00fct\u00fcphanecilerin \u00f6zl\u00fck haklar\u0131n\u0131n iyile\u015ftirilmesi konusunda y\u0131llardan bu yana \u00e7al\u0131\u015fmalar yap\u0131lm\u0131\u015f ve birtak\u0131m kazan\u0131mlar elde edilerek 2013 y\u0131l\u0131 itibariyle K\u00fct\u00fcphaneciler Teknik Hizmetler S\u0131n\u0131f\u0131na ge\u00e7irilmi\u015f, (II) say\u0131l\u0131 \u00d6zel Hizmet Tazminat\u0131 Cetvelinin E Teknik Hizmetler b\u00f6l\u00fcm\u00fcn\u00fcn 1. s\u0131ras\u0131n\u0131n \u201cD\u201d bendine al\u0131nm\u0131\u015ft\u0131.<\/p>\n","protected":false},"author":1,"featured_media":0,"comment_status":"open","ping_status":"open","sticky":false,"template":"","format":"standard","meta":{"footnotes":""},"categories":[1505],"tags":[1398,51,50],"class_list":["post-18247","post","type-post","status-publish","format-standard","hentry","category-teknik-kadro","tag-bby-ozluk-haklari","tag-teknik-kadro-kutuphaneci","tag-ths-kutuphaneci"],"_links":{"self":[{"href":"https:\/\/www.bbyhaber.com\/bby\/wp-json\/wp\/v2\/posts\/18247"}],"collection":[{"href":"https:\/\/www.bbyhaber.com\/bby\/wp-json\/wp\/v2\/posts"}],"about":[{"href":"https:\/\/www.bbyhaber.com\/bby\/wp-json\/wp\/v2\/types\/post"}],"author":[{"embeddable":true,"href":"https:\/\/www.bbyhaber.com\/bby\/wp-json\/wp\/v2\/users\/1"}],"replies":[{"embeddable":true,"href":"https:\/\/www.bbyhaber.com\/bby\/wp-json\/wp\/v2\/comments?post=18247"}],"version-history":[{"count":0,"href":"https:\/\/www.bbyhaber.com\/bby\/wp-json\/wp\/v2\/posts\/18247\/revisions"}],"wp:attachment":[{"href":"https:\/\/www.bbyhaber.com\/bby\/wp-json\/wp\/v2\/media?parent=18247"}],"wp:term":[{"taxonomy":"category","embeddable":true,"href":"https:\/\/www.bbyhaber.com\/bby\/wp-json\/wp\/v2\/categories?post=18247"},{"taxonomy":"post_tag","embeddable":true,"href":"https:\/\/www.bbyhaber.com\/bby\/wp-json\/wp\/v2\/tags?post=18247"}],"curies":[{"name":"wp","href":"https:\/\/api.w.org\/{rel}","templated":true}]}}