{"id":18224,"date":"2016-01-18T18:01:16","date_gmt":"2016-01-18T16:01:16","guid":{"rendered":"http:\/\/www.bbyhaber.com\/bby\/?p=18224"},"modified":"2016-01-18T18:01:16","modified_gmt":"2016-01-18T16:01:16","slug":"gorme-engelliler-icin-gelistirilen-e-kitap-okuyucu","status":"publish","type":"post","link":"https:\/\/www.bbyhaber.com\/bby\/2016\/01\/18\/gorme-engelliler-icin-gelistirilen-e-kitap-okuyucu","title":{"rendered":"G\u00f6rme Engelliler \u0130\u00e7in Geli\u015ftirilen E-Kitap Okuyucu"},"content":{"rendered":"<p style=\"text-align: justify;\"><img loading=\"lazy\" decoding=\"async\" class=\"alignleft\" src=\"http:\/\/i.dailymail.co.uk\/i\/pix\/2016\/01\/14\/10\/302874C700000578-3399018-Researchers_at_the_University_of_Michigan_are_developing_a_refre-a-23_1452769089773.jpg\" alt=\"\" width=\"310\" height=\"158\" \/>Son zamanlarda h\u0131zl\u0131ca y\u00fckseli\u015fe ge\u00e7en e-kitap okuyucular kitap kurtlar\u0131n\u0131n t\u00fcm k\u00fct\u00fcphanesini yan\u0131nda ta\u015f\u0131mas\u0131n\u0131 m\u00fcmk\u00fcn hale getiriyor. Ancak kitap okumak g\u00f6rme engelliler i\u00e7in maalesef halen b\u00fcy\u00fck bir sorun. G\u00f6rme engelliler i\u00e7in 1821 y\u0131l\u0131nda geli\u015ftirilen ve g\u00fcn\u00fcm\u00fcze kadar gelen Braille alfabesini kullanan e-kitap okuyucular ise bu sorunu tamamen \u00e7\u00f6z\u00fcme kavu\u015fturmay\u0131 ama\u00e7l\u0131yor. <!--more--><\/p>\n<p style=\"text-align: justify;\">Michigan \u00dcniversitesi\u2019ndeki ara\u015ft\u0131rmac\u0131lar\u0131n geli\u015ftirdi\u011fi cihaz, Braille alfabesini g\u00f6sterebilmesiyle g\u00f6rme engellilerin hayat\u0131n\u0131 kolayla\u015ft\u0131r\u0131yor. Sayfalar de\u011fi\u015fti\u011finde ekrandaki karakterler de de\u011fi\u015febiliyor. Bunu yapabilmek i\u00e7in ekran\u0131n alt\u0131nda s\u0131v\u0131 bir madde kullan\u0131l\u0131yor ve sayfalar aras\u0131nda ge\u00e7i\u015f yap\u0131ld\u0131\u011f\u0131nda bu s\u0131v\u0131lar k\u00fc\u00e7\u00fck kabarc\u0131klar olu\u015fturarak istenen yaz\u0131n\u0131n g\u00f6sterilmesini sa\u011fl\u0131yor.<\/p>\n<p style=\"text-align: justify;\">Ayr\u0131ca s\u0131v\u0131n\u0131n yerine havan\u0131n da kullan\u0131labildi\u011fi ifade ediliyor. \u015eu anda prototip a\u015famas\u0131nda olan cihaz\u0131 geli\u015ftirmeye devam eden ara\u015ft\u0131rmac\u0131lar, s\u00f6z konusu teknolojiyi kullanarak uygun fiyatl\u0131 bir cihaz geli\u015ftirmenin yolunu ar\u0131yor.<\/p>\n<p style=\"text-align: justify;\">Kaynak: http:\/\/onedio.com\/<\/p>\n","protected":false},"excerpt":{"rendered":"<p>Son zamanlarda h\u0131zl\u0131ca y\u00fckseli\u015fe ge\u00e7en e-kitap okuyucular kitap kurtlar\u0131n\u0131n t\u00fcm k\u00fct\u00fcphanesini yan\u0131nda ta\u015f\u0131mas\u0131n\u0131 m\u00fcmk\u00fcn hale getiriyor. Ancak kitap okumak g\u00f6rme engelliler i\u00e7in maalesef halen b\u00fcy\u00fck bir sorun. G\u00f6rme engelliler i\u00e7in 1821 y\u0131l\u0131nda geli\u015ftirilen ve g\u00fcn\u00fcm\u00fcze kadar gelen Braille alfabesini kullanan e-kitap okuyucular ise bu sorunu tamamen \u00e7\u00f6z\u00fcme kavu\u015fturmay\u0131 ama\u00e7l\u0131yor.<\/p>\n","protected":false},"author":1,"featured_media":0,"comment_status":"open","ping_status":"open","sticky":false,"template":"","format":"standard","meta":{"footnotes":""},"categories":[1,1487,1503],"tags":[465],"class_list":["post-18224","post","type-post","status-publish","format-standard","hentry","category-genel","category-gorme-engelli-kutuphane","category-sesli-kutuphane","tag-gorme-engelli-e-kitap"],"_links":{"self":[{"href":"https:\/\/www.bbyhaber.com\/bby\/wp-json\/wp\/v2\/posts\/18224"}],"collection":[{"href":"https:\/\/www.bbyhaber.com\/bby\/wp-json\/wp\/v2\/posts"}],"about":[{"href":"https:\/\/www.bbyhaber.com\/bby\/wp-json\/wp\/v2\/types\/post"}],"author":[{"embeddable":true,"href":"https:\/\/www.bbyhaber.com\/bby\/wp-json\/wp\/v2\/users\/1"}],"replies":[{"embeddable":true,"href":"https:\/\/www.bbyhaber.com\/bby\/wp-json\/wp\/v2\/comments?post=18224"}],"version-history":[{"count":0,"href":"https:\/\/www.bbyhaber.com\/bby\/wp-json\/wp\/v2\/posts\/18224\/revisions"}],"wp:attachment":[{"href":"https:\/\/www.bbyhaber.com\/bby\/wp-json\/wp\/v2\/media?parent=18224"}],"wp:term":[{"taxonomy":"category","embeddable":true,"href":"https:\/\/www.bbyhaber.com\/bby\/wp-json\/wp\/v2\/categories?post=18224"},{"taxonomy":"post_tag","embeddable":true,"href":"https:\/\/www.bbyhaber.com\/bby\/wp-json\/wp\/v2\/tags?post=18224"}],"curies":[{"name":"wp","href":"https:\/\/api.w.org\/{rel}","templated":true}]}}