{"id":18217,"date":"2016-01-18T17:02:47","date_gmt":"2016-01-18T15:02:47","guid":{"rendered":"http:\/\/www.bbyhaber.com\/bby\/?p=18217"},"modified":"2019-08-16T18:01:43","modified_gmt":"2019-08-16T15:01:43","slug":"tkd-mobing-calisma-grubu-kuruluyor","status":"publish","type":"post","link":"https:\/\/www.bbyhaber.com\/bby\/2016\/01\/18\/tkd-mobing-calisma-grubu-kuruluyor","title":{"rendered":"TKD Mobing \u00c7al\u0131\u015fma Grubu kuruluyor"},"content":{"rendered":"<p style=\"text-align: justify;\"><img loading=\"lazy\" decoding=\"async\" class=\"alignleft\" src=\"http:\/\/bbyhaber.com\/bby\/wp-content\/uploads\/2016\/01\/mobbing.jpg\" alt=\"\" width=\"287\" height=\"113\" \/>Bask\u0131ya, mobinge maruz kalan baz\u0131 meslekta\u015flar\u0131m\u0131z taraf\u0131ndan T\u00fcrk K\u00fct\u00fcphaneciler Derne\u011fi&#8217;ne (TKD) \u015fikayetlerin geldi\u011fi ve bu ba\u011flamda TKD taraf\u0131ndan meslekte\u015fla\u0131rm\u0131za destek olmak i\u00e7in TKD Mobing \u00c7al\u0131\u015fma Grubu&#8217;nun kurulmas\u0131na karar verildi\u011fi bildirildi. TKD Genel Ba\u015fkan\u0131 Ali Fuat KARTAL&#8217;da buna y\u00f6nelik bir a\u00e7\u0131klama yay\u0131nlad\u0131 ve \u015funlar\u0131 s\u00f6yledi &#8220;Derne\u011fimize, bezdiri (mobing) ve cinsel tacize maruz kalm\u0131\u015f meslekta\u015flar\u0131m\u0131z taraf\u0131ndan \u015fikayetler iletilmektedir. Bu konunun son derece hassas bir bi\u00e7imde ele al\u0131nmas\u0131 gerekti\u011fini biliyoruz. Ma\u011fdurlar\u0131n i\u015f ve \u00f6zel ya\u015fam\u0131n\u0131 cehenneme \u00e7eviren mobing konusunda bir \u00e7al\u0131\u015fma grubu olu\u015fturulmas\u0131na, grubun az say\u0131da \u00fcyesinin olmas\u0131na, \u00fcyelerinin tamam\u0131n\u0131n kad\u0131n olmas\u0131na (\u00f6zellikle cinsel taciz konusunda ma\u011fdurlar\u0131n \u00f6ne \u00e7\u0131kabilmeleri ve rahat olabilmeleri i\u00e7in), \u00fcye isimlerinin gizli tutulmas\u0131na karar verilmi\u015ftir.<!--more--><\/p>\n<p style=\"text-align: justify;\">Y\u00f6netim Kurulu olarak \u00fcyelik teklifini g\u00f6t\u00fcrece\u011fimiz meslekta\u015flar\u0131m\u0131z olmakla birlikte, bu alanda \u00e7al\u0131\u015fm\u0131\u015f, soru\u015fturma y\u00f6netmi\u015f, deneyime sahip kad\u0131n meslekta\u015flar\u0131m\u0131z\u0131n deste\u011fini bekledi\u011fimizi \u00f6zellikle bildirmek isterim.<\/p>\n<p style=\"text-align: justify;\">\u00c7al\u0131\u015fma grubu; yap\u0131lan ba\u015fvurular\u0131 inceleyerek psikolojik ve yasal destek verilmesi tavsiyesinde bulunmas\u0131 durumunda, ma\u011fdura her t\u00fcrl\u00fc destek verilecektir.<\/p>\n<p style=\"text-align: justify;\">\u00c7al\u0131\u015fma grubunun ba\u015fvuruya ili\u015fkin yapm\u0131\u015f oldu\u011fu de\u011ferlendirme raporu ve varsa belgeleri ilgili k\u00fct\u00fcphanenin-kurumun en \u00fcst y\u00f6netimine (Bakanl\u0131k Makam\u0131, Rekt\u00f6rl\u00fck Makam\u0131 gibi) bildirilecektir.<\/p>\n<p style=\"text-align: justify;\">\u00c7al\u0131\u015fma grubumuz vas\u0131tas\u0131 ile di\u011fer STK, giri\u015fim ve olu\u015fumlarla da i\u015fbirli\u011fi i\u00e7inde olunacakt\u0131r. Bu vesile ile personeline ve \u00e7al\u0131\u015fma arkada\u015flar\u0131na bezdiri uygulayan ve cinsel tacizde bulanan ahlak yoksunu ki\u015filere de seslenmek isterim; ma\u011fdur etti\u011finiz her ki\u015fi i\u00e7in kar\u015f\u0131n\u0131zda olaca\u011f\u0131z ve her birinizi afi\u015fe edece\u011fimizi bilmenizi isterim.<\/p>\n<p style=\"text-align: justify;\">Bezdirinin olmad\u0131\u011f\u0131, \u00e7al\u0131\u015fma ya\u015fam\u0131m\u0131z\u0131n eziyete d\u00f6nmedi\u011fi, huzur ve bar\u0131\u015f i\u00e7inde \u00e7al\u0131\u015fmak ve ya\u015famak dile\u011fiyle, selam ve sayg\u0131lar\u0131m\u0131 sunar\u0131m.&#8221;<\/p>\n<p style=\"text-align: justify;\"><strong><em> A. Fuat Kartal<br \/>\nTKD Genel Ba\u015fkan<\/em><\/strong><\/p>\n","protected":false},"excerpt":{"rendered":"<p>Bask\u0131ya, mobinge maruz kalan baz\u0131 meslekta\u015flar\u0131m\u0131z taraf\u0131ndan T\u00fcrk K\u00fct\u00fcphaneciler Derne\u011fi&#8217;ne (TKD) \u015fikayetlerin geldi\u011fi ve bu ba\u011flamda TKD taraf\u0131ndan meslekte\u015fla\u0131rm\u0131za destek olmak i\u00e7in TKD Mobing \u00c7al\u0131\u015fma Grubu&#8217;nun kurulmas\u0131na karar verildi\u011fi bildirildi. TKD Genel Ba\u015fkan\u0131 Ali Fuat KARTAL&#8217;da buna y\u00f6nelik bir a\u00e7\u0131klama yay\u0131nlad\u0131 ve \u015funlar\u0131 s\u00f6yledi &#8220;Derne\u011fimize, bezdiri (mobing) ve cinsel tacize maruz kalm\u0131\u015f meslekta\u015flar\u0131m\u0131z taraf\u0131ndan \u015fikayetler [&hellip;]<\/p>\n","protected":false},"author":1,"featured_media":0,"comment_status":"open","ping_status":"open","sticky":false,"template":"","format":"standard","meta":{"footnotes":""},"categories":[1],"tags":[1204],"class_list":["post-18217","post","type-post","status-publish","format-standard","hentry","category-genel","tag-kutuphaneciye-mobbing"],"_links":{"self":[{"href":"https:\/\/www.bbyhaber.com\/bby\/wp-json\/wp\/v2\/posts\/18217"}],"collection":[{"href":"https:\/\/www.bbyhaber.com\/bby\/wp-json\/wp\/v2\/posts"}],"about":[{"href":"https:\/\/www.bbyhaber.com\/bby\/wp-json\/wp\/v2\/types\/post"}],"author":[{"embeddable":true,"href":"https:\/\/www.bbyhaber.com\/bby\/wp-json\/wp\/v2\/users\/1"}],"replies":[{"embeddable":true,"href":"https:\/\/www.bbyhaber.com\/bby\/wp-json\/wp\/v2\/comments?post=18217"}],"version-history":[{"count":1,"href":"https:\/\/www.bbyhaber.com\/bby\/wp-json\/wp\/v2\/posts\/18217\/revisions"}],"predecessor-version":[{"id":26990,"href":"https:\/\/www.bbyhaber.com\/bby\/wp-json\/wp\/v2\/posts\/18217\/revisions\/26990"}],"wp:attachment":[{"href":"https:\/\/www.bbyhaber.com\/bby\/wp-json\/wp\/v2\/media?parent=18217"}],"wp:term":[{"taxonomy":"category","embeddable":true,"href":"https:\/\/www.bbyhaber.com\/bby\/wp-json\/wp\/v2\/categories?post=18217"},{"taxonomy":"post_tag","embeddable":true,"href":"https:\/\/www.bbyhaber.com\/bby\/wp-json\/wp\/v2\/tags?post=18217"}],"curies":[{"name":"wp","href":"https:\/\/api.w.org\/{rel}","templated":true}]}}