{"id":18203,"date":"2016-01-18T13:33:40","date_gmt":"2016-01-18T11:33:40","guid":{"rendered":"http:\/\/www.bbyhaber.com\/bby\/?p=18203"},"modified":"2016-01-18T13:33:51","modified_gmt":"2016-01-18T11:33:51","slug":"elazig-dallica-koyune-aziz-sancar-adina-kutuphane-acildi","status":"publish","type":"post","link":"https:\/\/www.bbyhaber.com\/bby\/2016\/01\/18\/elazig-dallica-koyune-aziz-sancar-adina-kutuphane-acildi","title":{"rendered":"Elaz\u0131\u011f Dall\u0131ca K\u00f6y\u00fcne &#8216;Aziz Sancar&#8217; Ad\u0131na K\u00fct\u00fcphane A\u00e7\u0131ld\u0131"},"content":{"rendered":"<p style=\"text-align: justify;\"><img loading=\"lazy\" decoding=\"async\" class=\"alignleft\" src=\"http:\/\/i.milliyet.com.tr\/LocalArticle572x336\/2016\/01\/17\/fft256_mf12944157.Jpeg\" alt=\"\" width=\"288\" height=\"169\" \/>Elaz\u0131\u011f\u2019\u0131n Dall\u0131ca k\u00f6y\u00fcnde, Nobel \u00d6d\u00fcl\u00fc alarak d\u00fcnya \u00e7ap\u0131nda b\u00fcy\u00fck bir ba\u015far\u0131ya imza atan Prof. Dr. Aziz Sancar isminin verildi\u011fi bir k\u00fct\u00fcphane a\u00e7\u0131ld\u0131. Elaz\u0131\u011f \u00dclk\u00fc Ocaklar\u0131 e\u011fitim ve K\u00fclt\u00fcr Vakf\u0131 taraf\u0131ndan Dall\u0131ca k\u00f6y\u00fcnde Prof. Dr. Aziz Sancar\u2019\u0131n ad\u0131n\u0131n verildi\u011fi k\u00fct\u00fcphane kuruldu. K\u00fct\u00fcphanenin a\u00e7\u0131l\u0131\u015f\u0131na Elaz\u0131\u011f \u00dclk\u00fc Ocaklar\u0131 E\u011fitim ve K\u00fclt\u00fcr Vakf\u0131 Ba\u015fkan\u0131 Fatih Murat Ta\u015fk\u0131n, Elaz\u0131\u011f \u00dclk\u00fc Ocaklar\u0131 E\u011fitim ve K\u00fclt\u00fcr Vakf\u0131 \u00fcyeleri ve vatanda\u015flar kat\u0131ld\u0131. Kendilerinin \u00f6ncelikle ilk emri \u201cOku\u201d olan y\u00fcce bir dinin ve davas\u0131 aleme nizam vermek olan bir hareketin mensuplar\u0131 oldu\u011funu kaydeden Elaz\u0131\u011f \u00dclk\u00fc Ocaklar\u0131 E\u011fitim ve K\u00fclt\u00fcr Vakf\u0131 Ba\u015fkan\u0131 Fatih Murat Ta\u015fk\u0131n, \u201cOkuman\u0131n \u00f6neminin ne denli y\u00fcksek oldu\u011funun bilincindeyiz.<!--more--><\/p>\n<p style=\"text-align: justify;\">Elaz\u0131\u011f \u00dclk\u00fc Ocaklar\u0131 olarak ilkini Dade\u015f k\u00f6y\u00fcnde &#8220;\u015eehit F\u0131rat Y\u0131lmaz \u00c7ak\u0131ro\u011flu&#8221; karde\u015fimizin ad\u0131na a\u00e7t\u0131\u011f\u0131m\u0131z k\u00fct\u00fcphanelerin ikincisini bug\u00fcn burada a\u00e7\u0131yoruz. Bu m\u00fctevaz\u0131 k\u00fct\u00fcphaneye T\u00fcrk\u2019\u00fcn ba\u015f\u0131n\u0131 dik eden medar-\u0131 iftihar\u0131m\u0131z Nobel \u00f6d\u00fcll\u00fc bilim adam\u0131 Prof. Dr Aziz Sancar\u2019\u0131n ismini vermeyi kararla\u015ft\u0131rd\u0131k. De\u011ferli k\u00f6y muhtar\u0131m\u0131z Sami Arslan\u2019\u0131n da katk\u0131lar\u0131yla a\u00e7\u0131l\u0131\u015f\u0131m\u0131z\u0131 bug\u00fcn ger\u00e7ekle\u015ftiriyoruz\u201d dedi.<\/p>\n<p style=\"text-align: justify;\">Bu millet, devleti ve milletiyle tek ba\u011f\u0131 maa\u015f almak olan kravatl\u0131 mankurtlar ile de\u011fil ancak ve ancak Aziz Sancar gibi kendini bilime ve milletine adam\u0131\u015f akademisyenler sayesinde \u015fahlanacakt\u0131r diyen Ta\u015fk\u0131n, \u201cK\u00fct\u00fcphane a\u00e7\u0131l\u0131\u015flar\u0131m\u0131z ilerleyen zamanlarda tekrarlanacak ve yeni Aziz Sancarlar yeti\u015fsin diye elimizden geldi\u011fi kadar \u00e7ok say\u0131da k\u00f6yde k\u00fct\u00fcphane a\u00e7may\u0131 planl\u0131yoruz\u201d \u015feklinde konu\u015ftu. Konu\u015fmalar\u0131n ard\u0131ndan kurdele kesilerek k\u00fct\u00fcphane hizmete a\u00e7\u0131ld\u0131.<\/p>\n<p style=\"text-align: justify;\">Kaynak: http:\/\/www.milliyet.com.tr\/<\/p>\n","protected":false},"excerpt":{"rendered":"<p>Elaz\u0131\u011f\u2019\u0131n Dall\u0131ca k\u00f6y\u00fcnde, Nobel \u00d6d\u00fcl\u00fc alarak d\u00fcnya \u00e7ap\u0131nda b\u00fcy\u00fck bir ba\u015far\u0131ya imza atan Prof. Dr. Aziz Sancar isminin verildi\u011fi bir k\u00fct\u00fcphane a\u00e7\u0131ld\u0131. Elaz\u0131\u011f \u00dclk\u00fc Ocaklar\u0131 e\u011fitim ve K\u00fclt\u00fcr Vakf\u0131 taraf\u0131ndan Dall\u0131ca k\u00f6y\u00fcnde Prof. Dr. Aziz Sancar\u2019\u0131n ad\u0131n\u0131n verildi\u011fi k\u00fct\u00fcphane kuruldu. K\u00fct\u00fcphanenin a\u00e7\u0131l\u0131\u015f\u0131na Elaz\u0131\u011f \u00dclk\u00fc Ocaklar\u0131 E\u011fitim ve K\u00fclt\u00fcr Vakf\u0131 Ba\u015fkan\u0131 Fatih Murat Ta\u015fk\u0131n, Elaz\u0131\u011f \u00dclk\u00fc [&hellip;]<\/p>\n","protected":false},"author":1,"featured_media":0,"comment_status":"open","ping_status":"open","sticky":false,"template":"","format":"standard","meta":{"footnotes":""},"categories":[1],"tags":[821],"class_list":["post-18203","post","type-post","status-publish","format-standard","hentry","category-genel","tag-aziz-sancar-kutuphanesi"],"_links":{"self":[{"href":"https:\/\/www.bbyhaber.com\/bby\/wp-json\/wp\/v2\/posts\/18203"}],"collection":[{"href":"https:\/\/www.bbyhaber.com\/bby\/wp-json\/wp\/v2\/posts"}],"about":[{"href":"https:\/\/www.bbyhaber.com\/bby\/wp-json\/wp\/v2\/types\/post"}],"author":[{"embeddable":true,"href":"https:\/\/www.bbyhaber.com\/bby\/wp-json\/wp\/v2\/users\/1"}],"replies":[{"embeddable":true,"href":"https:\/\/www.bbyhaber.com\/bby\/wp-json\/wp\/v2\/comments?post=18203"}],"version-history":[{"count":0,"href":"https:\/\/www.bbyhaber.com\/bby\/wp-json\/wp\/v2\/posts\/18203\/revisions"}],"wp:attachment":[{"href":"https:\/\/www.bbyhaber.com\/bby\/wp-json\/wp\/v2\/media?parent=18203"}],"wp:term":[{"taxonomy":"category","embeddable":true,"href":"https:\/\/www.bbyhaber.com\/bby\/wp-json\/wp\/v2\/categories?post=18203"},{"taxonomy":"post_tag","embeddable":true,"href":"https:\/\/www.bbyhaber.com\/bby\/wp-json\/wp\/v2\/tags?post=18203"}],"curies":[{"name":"wp","href":"https:\/\/api.w.org\/{rel}","templated":true}]}}