{"id":1819,"date":"2011-12-19T19:12:15","date_gmt":"2011-12-19T19:12:15","guid":{"rendered":"http:\/\/www.bbyhaber.com\/bby\/?p=1819"},"modified":"2012-05-16T12:08:33","modified_gmt":"2012-05-16T12:08:33","slug":"kadikoy-belediyesi-kitap-gunleri","status":"publish","type":"post","link":"https:\/\/www.bbyhaber.com\/bby\/2011\/12\/19\/kadikoy-belediyesi-kitap-gunleri","title":{"rendered":"Kad\u0131k\u00f6y Belediyesi Kitap G\u00fcnleri"},"content":{"rendered":"<p style=\"text-align: justify;\">Bu y\u0131l be\u015fincisi d\u00fczenlenen Kad\u0131k\u00f6y Belediyesi Kitap G\u00fcnleri, 16-17-18 Aral\u0131k 2011 tarihlerinde Caddebostan K\u00fclt\u00fcr Merkezi\u2019nde ger\u00e7ekle\u015ftirildi\u2026 Kad\u0131k\u00f6y Belediyesi G\u00f6n\u00fcll\u00fc Merkezi\u2019nin her y\u0131l yazarlarla okurlar\u0131 bulu\u015fturan etkinli\u011fi Kad\u0131k\u00f6y Kitap G\u00fcnleri\u2019nin be\u015fincisi 16 Aral\u0131k Cuma g\u00fcn\u00fc Caddebostan K\u00fclt\u00fcr Merkezi\u2019nde ba\u015flad\u0131 \u00fc\u00e7 g\u00fcn s\u00fcren Kitap G\u00fcnleri\u2019ne 50\u2019den fazla yay\u0131neviyle 500\u2019e yak\u0131n yazar kat\u0131ld\u0131.<!--more--><\/p>\n<p style=\"text-align: justify;\">Kad\u0131k\u00f6y Belediyesi Kitap G\u00fcnleri\u2019nde sanat ve edebiyat d\u00fcnyas\u0131n\u0131n de\u011ferli isimleri s\u00f6yle\u015fi, imza g\u00fcnleri, at\u00f6lye \u00e7al\u0131\u015fmalar\u0131, saydam g\u00f6steriler ve dinletilerle Kad\u0131k\u00f6yl\u00fclerle bulu\u015ftu. Bu isimler aras\u0131nda Ahmet Sel\u00e7uk \u0130lkan, G\u00f6khan Karaduman,S\u00fcreyya Aylin Antmen, Hasan Azk\u0131ran,Tekin G\u00f6nen\u00e7, Nusret Karaca,Tanseli Polikar, \u0130brahim Kutluay, Harun Erdenay, Muazzez \u0130lmiye \u00c7\u0131\u011f, Emre Kongar Tuna Kiremit\u00e7i ve engelli \u015fair Bar\u0131\u015f Erdo\u011fan gibi sanat, spor ve edebiyat d\u00fcnyas\u0131n\u0131n \u00fcnl\u00fc isimleri kat\u0131ld\u0131.<\/p>\n<p style=\"text-align: justify;\">1000 K\u00dcT\u00dcPHANEYE K\u0130TAP DESTE\u011e\u0130<\/p>\n<p style=\"text-align: justify;\">Bug\u00fcne kadar ger\u00e7ekle\u015ftirilen Kitap G\u00fcnleri etkinlikleri sayesinde, Kad\u0131k\u00f6y Belediyesi\u2019nin Aile Dan\u0131\u015fma Merkezleri, Yenisahra ve Kay\u0131\u015fda\u011f\u0131 il\u00e7elerinde 2 k\u00fct\u00fcphane kuruldu ve 2 k\u00fct\u00fcphaneye de toplam on bin kitap kazand\u0131r\u0131ld\u0131. Maltepe Cezaevi\u2019ne 2000 kitap ve Bitlis \u0130lk\u00f6\u011fretim Okulu\u2019na 2000 kitap deste\u011fi verildi.<\/p>\n<p style=\"text-align: justify;\">AHMET SEL\u00c7UK \u0130LKAN\u2019DAN GEN\u00c7 SANAT\u00c7ILARA DESTEK.<\/p>\n<p style=\"text-align: justify;\">17 Aral\u0131k Cumartesi g\u00fcn\u00fc Alfa Yay\u0131nlar\u0131 Stand\u0131nda yeni kitab\u0131 A\u015fk\u0131n Tam Saati\u2019nin imza etkinli\u011fi i\u00e7in Caddebostan K\u00fclt\u00fcr Merkezi\u2019ne gelen \u015eair Ahmet Sel\u00e7uk \u0130lkan, ayn\u0131 etkinlik i\u00e7erisinde olan Gen\u00e7 Sanat\u00e7\u0131lar ve Sanatseverler Derne\u011fi stand\u0131nda Gen\u00e7 \u015eair G\u00f6khan Karaduman ve Ressam P\u0131nar Yasav ile de ilgilenerek kendilerine destek oldu.<\/p>\n<p style=\"text-align: justify;\">TEK\u0130N G\u00d6NEN\u00c7 GEN\u00c7 \u015eA\u0130RLER\u0130N DOSTU.<\/p>\n<p style=\"text-align: justify;\">Etkinlik i\u00e7erisinde gen\u00e7 \u015fair ve yazarlara destek olan bir di\u011fer isim de \u00fcnl\u00fc edebiyat\u00e7\u0131 \u015eair,Yazar Tekin G\u00f6nen\u00e7\u2019ti Varl\u0131k Yay\u0131nlar\u0131ndaki stand\u0131nda kendisini ziyaret eden Gen\u00e7 \u015eairler S\u00fcreyya Aylin Antmen ve G\u00f6khan Karaduman\u2019\u0131n kitaplar\u0131n\u0131 okuyarak kendilerine \u00f6neri ve ele\u015ftirilerde bulundu.<\/p>\n<p style=\"text-align: justify;\">USTALAR YAZARLARI Z\u0130YARET ETT\u0130.<\/p>\n<p style=\"text-align: justify;\">Etkinli\u011fi gezenler aras\u0131nda ise \u00d6zg\u00fcn M\u00fczik Sanat\u00e7\u0131s\u0131 Suavi, Sinema Oyuncusu, \u015eair Menderes Samanc\u0131lar ve T\u00fcrk Halk M\u00fczi\u011fi Sanat\u00e7\u0131s\u0131 E\u015fper Ya\u011fmurdereli de vard\u0131.<\/p>\n<p style=\"text-align: justify;\">Kaynak: http:\/\/www.magazinkolik.com<\/p>\n","protected":false},"excerpt":{"rendered":"<p>Bu y\u0131l be\u015fincisi d\u00fczenlenen Kad\u0131k\u00f6y Belediyesi Kitap G\u00fcnleri, 16-17-18 Aral\u0131k 2011 tarihlerinde Caddebostan K\u00fclt\u00fcr Merkezi\u2019nde ger\u00e7ekle\u015ftirildi\u2026 Kad\u0131k\u00f6y Belediyesi G\u00f6n\u00fcll\u00fc Merkezi\u2019nin her y\u0131l yazarlarla okurlar\u0131 bulu\u015fturan etkinli\u011fi Kad\u0131k\u00f6y Kitap G\u00fcnleri\u2019nin be\u015fincisi 16 Aral\u0131k Cuma g\u00fcn\u00fc Caddebostan K\u00fclt\u00fcr Merkezi\u2019nde ba\u015flad\u0131 \u00fc\u00e7 g\u00fcn s\u00fcren Kitap G\u00fcnleri\u2019ne 50\u2019den fazla yay\u0131neviyle 500\u2019e yak\u0131n yazar kat\u0131ld\u0131.<\/p>\n","protected":false},"author":1,"featured_media":0,"comment_status":"open","ping_status":"open","sticky":false,"template":"","format":"standard","meta":{"footnotes":""},"categories":[1],"tags":[211],"class_list":["post-1819","post","type-post","status-publish","format-standard","hentry","category-genel","tag-kitap-gunleri"],"_links":{"self":[{"href":"https:\/\/www.bbyhaber.com\/bby\/wp-json\/wp\/v2\/posts\/1819"}],"collection":[{"href":"https:\/\/www.bbyhaber.com\/bby\/wp-json\/wp\/v2\/posts"}],"about":[{"href":"https:\/\/www.bbyhaber.com\/bby\/wp-json\/wp\/v2\/types\/post"}],"author":[{"embeddable":true,"href":"https:\/\/www.bbyhaber.com\/bby\/wp-json\/wp\/v2\/users\/1"}],"replies":[{"embeddable":true,"href":"https:\/\/www.bbyhaber.com\/bby\/wp-json\/wp\/v2\/comments?post=1819"}],"version-history":[{"count":0,"href":"https:\/\/www.bbyhaber.com\/bby\/wp-json\/wp\/v2\/posts\/1819\/revisions"}],"wp:attachment":[{"href":"https:\/\/www.bbyhaber.com\/bby\/wp-json\/wp\/v2\/media?parent=1819"}],"wp:term":[{"taxonomy":"category","embeddable":true,"href":"https:\/\/www.bbyhaber.com\/bby\/wp-json\/wp\/v2\/categories?post=1819"},{"taxonomy":"post_tag","embeddable":true,"href":"https:\/\/www.bbyhaber.com\/bby\/wp-json\/wp\/v2\/tags?post=1819"}],"curies":[{"name":"wp","href":"https:\/\/api.w.org\/{rel}","templated":true}]}}