{"id":18180,"date":"2016-01-15T11:52:22","date_gmt":"2016-01-15T09:52:22","guid":{"rendered":"http:\/\/www.bbyhaber.com\/bby\/?p=18180"},"modified":"2016-01-15T11:59:07","modified_gmt":"2016-01-15T09:59:07","slug":"kultur-ve-turizm-bakani-250-kutuphaneci-kadrosu-acilacagini-soyledi","status":"publish","type":"post","link":"https:\/\/www.bbyhaber.com\/bby\/2016\/01\/15\/kultur-ve-turizm-bakani-250-kutuphaneci-kadrosu-acilacagini-soyledi","title":{"rendered":"K\u00fclt\u00fcr ve Turizm Bakan\u0131 250 k\u00fct\u00fcphaneci kadrosu a\u00e7\u0131laca\u011f\u0131n\u0131 s\u00f6yledi"},"content":{"rendered":"<p style=\"text-align: justify;\"><img loading=\"lazy\" decoding=\"async\" class=\"alignleft\" src=\"http:\/\/bbyhaber.com\/bby\/wp-content\/uploads\/2015\/12\/ktbakani.jpg\" alt=\"\" width=\"243\" height=\"164\" \/>14 Ocak 2016 Per\u015fembe g\u00fcn\u00fc saat 17:45&#8217;te K\u00fclt\u00fcr ve Turizm Bakan\u0131 Say\u0131n Mahir \u00dcnal ile TKD Genel Ba\u015fkan\u0131 Say\u0131n Ali Fuat Kartal, TKD Genel Ba\u015fkan Yard\u0131mc\u0131s\u0131 Say\u0131n Emre Hasan Akbayrak, TKD Genel Sekreteri Say\u0131n Erol G\u00f6kduman, TKD YK \u00dcyeleri Say\u0131n Nilay Cevher ve Say\u0131n Erhan Erkan bir g\u00f6r\u00fc\u015fme ger\u00e7ekle\u015ftirmi\u015flerdir. G\u00f6r\u00fc\u015fmede Say\u0131n \u00dcnal&#8217;a, TKD ve faaliyetleri hakk\u0131nda ayr\u0131nt\u0131l\u0131 bilgi verilerek, ge\u00e7mi\u015f y\u0131llarda <strong>Halk K\u00fct\u00fcphanelerine yeterli say\u0131da k\u00fct\u00fcphaneci atanmad\u0131\u011f\u0131<\/strong>, bu nedenle <strong>Halk K\u00fct\u00fcphanelerinde \u00e7al\u0131\u015fan K\u00fct\u00fcphaneci say\u0131s\u0131n\u0131n \u00e7ok yetersiz oldu\u011fu<\/strong> ve<!--more--> <strong>k\u00fct\u00fcphaneci kadrolar\u0131n\u0131n a\u00e7\u0131larak bir an \u00f6nce atamalar\u0131n yap\u0131lmas\u0131 gerekti\u011fi ifade edilmi\u015ftir<\/strong>. Kapal\u0131 k\u00fct\u00fcphanelerin kamuoyu nezdinde k\u00fct\u00fcphane imaj\u0131n\u0131 olumsuz etkiledi\u011fi belitilerek <strong>kapal\u0131 k\u00fct\u00fcphanelerin bir an \u00f6nce hizmete a\u00e7\u0131lmas\u0131n\u0131n<\/strong> ve mevcut k\u00fct\u00fcphane say\u0131s\u0131n\u0131n art\u0131r\u0131lmas\u0131n\u0131n gereklili\u011fi aktar\u0131lm\u0131\u015ft\u0131r.<\/p>\n<p style=\"text-align: justify;\"><strong>Say\u0131n \u00dcnal ise 250 k\u00fct\u00fcphaneci kadrosu a\u00e7\u0131laca\u011f\u0131n\u0131<\/strong>, kapal\u0131 k\u00fct\u00fcphanelerin neden kapal\u0131 olduklar\u0131n\u0131n ara\u015ft\u0131r\u0131ld\u0131\u011f\u0131n\u0131, k\u00fclt\u00fcr merkezleri yerine yeni k\u00fct\u00fcphaneler ve kitap kafeler a\u00e7\u0131laca\u011f\u0131n\u0131, m\u00fczelerin ve k\u00fct\u00fcphanelerin \u015fehirlerin kalpleri oldu\u011funu vurgulayarak 6 ay i\u00e7inde 16 yeni k\u00fct\u00fcphane ve 16 yeni m\u00fczenin a\u00e7\u0131lmas\u0131n\u0131n hedeflendi\u011fini ifade etmi\u015ftir.<\/p>\n<p style=\"text-align: justify;\"><em>Emre Hasan Akbayrak<\/em><br \/>\n<em> TKD Genel Ba\u015fkan Yard\u0131mc\u0131s\u0131<\/em><\/p>\n","protected":false},"excerpt":{"rendered":"<p>14 Ocak 2016 Per\u015fembe g\u00fcn\u00fc saat 17:45&#8217;te K\u00fclt\u00fcr ve Turizm Bakan\u0131 Say\u0131n Mahir \u00dcnal ile TKD Genel Ba\u015fkan\u0131 Say\u0131n Ali Fuat Kartal, TKD Genel Ba\u015fkan Yard\u0131mc\u0131s\u0131 Say\u0131n Emre Hasan Akbayrak, TKD Genel Sekreteri Say\u0131n Erol G\u00f6kduman, TKD YK \u00dcyeleri Say\u0131n Nilay Cevher ve Say\u0131n Erhan Erkan bir g\u00f6r\u00fc\u015fme ger\u00e7ekle\u015ftirmi\u015flerdir. G\u00f6r\u00fc\u015fmede Say\u0131n \u00dcnal&#8217;a, TKD ve faaliyetleri [&hellip;]<\/p>\n","protected":false},"author":1,"featured_media":0,"comment_status":"open","ping_status":"open","sticky":false,"template":"","format":"standard","meta":{"footnotes":""},"categories":[1],"tags":[819,1398],"class_list":["post-18180","post","type-post","status-publish","format-standard","hentry","category-genel","tag-bby-kadro","tag-bby-ozluk-haklari"],"_links":{"self":[{"href":"https:\/\/www.bbyhaber.com\/bby\/wp-json\/wp\/v2\/posts\/18180"}],"collection":[{"href":"https:\/\/www.bbyhaber.com\/bby\/wp-json\/wp\/v2\/posts"}],"about":[{"href":"https:\/\/www.bbyhaber.com\/bby\/wp-json\/wp\/v2\/types\/post"}],"author":[{"embeddable":true,"href":"https:\/\/www.bbyhaber.com\/bby\/wp-json\/wp\/v2\/users\/1"}],"replies":[{"embeddable":true,"href":"https:\/\/www.bbyhaber.com\/bby\/wp-json\/wp\/v2\/comments?post=18180"}],"version-history":[{"count":0,"href":"https:\/\/www.bbyhaber.com\/bby\/wp-json\/wp\/v2\/posts\/18180\/revisions"}],"wp:attachment":[{"href":"https:\/\/www.bbyhaber.com\/bby\/wp-json\/wp\/v2\/media?parent=18180"}],"wp:term":[{"taxonomy":"category","embeddable":true,"href":"https:\/\/www.bbyhaber.com\/bby\/wp-json\/wp\/v2\/categories?post=18180"},{"taxonomy":"post_tag","embeddable":true,"href":"https:\/\/www.bbyhaber.com\/bby\/wp-json\/wp\/v2\/tags?post=18180"}],"curies":[{"name":"wp","href":"https:\/\/api.w.org\/{rel}","templated":true}]}}