{"id":18166,"date":"2016-01-13T18:09:00","date_gmt":"2016-01-13T16:09:00","guid":{"rendered":"http:\/\/www.bbyhaber.com\/bby\/?p=18166"},"modified":"2016-01-15T11:49:51","modified_gmt":"2016-01-15T09:49:51","slug":"okul-kutuphanelerinde-kutuphaneci-istihdam-edilmesi-hakkinda-bilgilendirme","status":"publish","type":"post","link":"https:\/\/www.bbyhaber.com\/bby\/2016\/01\/13\/okul-kutuphanelerinde-kutuphaneci-istihdam-edilmesi-hakkinda-bilgilendirme","title":{"rendered":"Okul k\u00fct\u00fcphanelerinde k\u00fct\u00fcphaneci istihdam edilmesi hakk\u0131nda bilgilendirme"},"content":{"rendered":"<p style=\"text-align: justify;\"><img loading=\"lazy\" decoding=\"async\" class=\"alignleft\" src=\"http:\/\/www.meb.gov.tr\/meb\/bakanyardimcisi\/orhanerdem.jpg\" alt=\"\" width=\"223\" height=\"130\" \/>13 Ocak 2016 \u00c7ar\u015famba g\u00fcn\u00fc (bug\u00fcn) saat 10:30&#8217;da Milli E\u011fitim Bakan Yard\u0131mc\u0131s\u0131 Say\u0131n Orhan Erdem ile TKD Genel Ba\u015fkan\u0131 Say\u0131n Ali Fuat Kartal ve TKD Genel Ba\u015fkan Yard\u0131mc\u0131s\u0131 Say\u0131n Emre Hasan Akbayrak bir g\u00f6r\u00fc\u015fme ger\u00e7ekle\u015ftirmi\u015flerdir. G\u00f6r\u00fc\u015fmede Say\u0131n Erdem&#8217;e, TKD ve faaliyetleri hakk\u0131nda ayr\u0131nt\u0131l\u0131 bilgi verilerek, <strong>Milli E\u011fitim Bakanl\u0131\u011f\u0131&#8217;na ba\u011fl\u0131 okullar\u0131n k\u00fct\u00fcphanelerinde k\u00fct\u00fcphaneci kadrosu bulunmad\u0131\u011f\u0131 aktar\u0131lm\u0131\u015f, \u00f6zellikle Milli E\u011fitim Bakanl\u0131\u011f\u0131&#8217;n\u0131n Z K\u00fct\u00fcphaneler hamlesiyle\u00a0do\u011fru orant\u0131l\u0131 olarak okul k\u00fct\u00fcphanelerinde k\u00fct\u00fcphaneci istihdam edilmesinin gereklili\u011fi uluslararas\u0131 standartlar referans verilerek vurgulanm\u0131\u015ft\u0131r<\/strong>.<!--more--> <span style=\"color: #ff0000;\"><strong><span style=\"text-decoration: underline;\">Say\u0131n Erdem gerekli notlar\u0131 alarak, konuyu Say\u0131n Bakan&#8217;la ivedilikle g\u00f6r\u00fc\u015ferek g\u00fczel bir ba\u015flang\u0131\u00e7 yap\u0131labilece\u011fini ifade etmi\u015ftir<\/span><\/strong><\/span>. TKD olarak konunun takip edilece\u011fini bilgilerinize sunar\u0131z.<\/p>\n<p><em>Emre Hasan Akbayrak<\/em><br \/>\n<em> TKD Genel Ba\u015fkan Yard\u0131mc\u0131s\u0131<\/em><\/p>\n","protected":false},"excerpt":{"rendered":"<p>13 Ocak 2016 \u00c7ar\u015famba g\u00fcn\u00fc (bug\u00fcn) saat 10:30&#8217;da Milli E\u011fitim Bakan Yard\u0131mc\u0131s\u0131 Say\u0131n Orhan Erdem ile TKD Genel Ba\u015fkan\u0131 Say\u0131n Ali Fuat Kartal ve TKD Genel Ba\u015fkan Yard\u0131mc\u0131s\u0131 Say\u0131n Emre Hasan Akbayrak bir g\u00f6r\u00fc\u015fme ger\u00e7ekle\u015ftirmi\u015flerdir. G\u00f6r\u00fc\u015fmede Say\u0131n Erdem&#8217;e, TKD ve faaliyetleri hakk\u0131nda ayr\u0131nt\u0131l\u0131 bilgi verilerek, Milli E\u011fitim Bakanl\u0131\u011f\u0131&#8217;na ba\u011fl\u0131 okullar\u0131n k\u00fct\u00fcphanelerinde k\u00fct\u00fcphaneci kadrosu bulunmad\u0131\u011f\u0131 aktar\u0131lm\u0131\u015f, [&hellip;]<\/p>\n","protected":false},"author":1,"featured_media":0,"comment_status":"open","ping_status":"open","sticky":false,"template":"","format":"standard","meta":{"footnotes":""},"categories":[1],"tags":[819,1398,845],"class_list":["post-18166","post","type-post","status-publish","format-standard","hentry","category-genel","tag-bby-kadro","tag-bby-ozluk-haklari","tag-okul-kutuphaneleri"],"_links":{"self":[{"href":"https:\/\/www.bbyhaber.com\/bby\/wp-json\/wp\/v2\/posts\/18166"}],"collection":[{"href":"https:\/\/www.bbyhaber.com\/bby\/wp-json\/wp\/v2\/posts"}],"about":[{"href":"https:\/\/www.bbyhaber.com\/bby\/wp-json\/wp\/v2\/types\/post"}],"author":[{"embeddable":true,"href":"https:\/\/www.bbyhaber.com\/bby\/wp-json\/wp\/v2\/users\/1"}],"replies":[{"embeddable":true,"href":"https:\/\/www.bbyhaber.com\/bby\/wp-json\/wp\/v2\/comments?post=18166"}],"version-history":[{"count":0,"href":"https:\/\/www.bbyhaber.com\/bby\/wp-json\/wp\/v2\/posts\/18166\/revisions"}],"wp:attachment":[{"href":"https:\/\/www.bbyhaber.com\/bby\/wp-json\/wp\/v2\/media?parent=18166"}],"wp:term":[{"taxonomy":"category","embeddable":true,"href":"https:\/\/www.bbyhaber.com\/bby\/wp-json\/wp\/v2\/categories?post=18166"},{"taxonomy":"post_tag","embeddable":true,"href":"https:\/\/www.bbyhaber.com\/bby\/wp-json\/wp\/v2\/tags?post=18166"}],"curies":[{"name":"wp","href":"https:\/\/api.w.org\/{rel}","templated":true}]}}