{"id":18163,"date":"2016-01-12T20:20:21","date_gmt":"2016-01-12T18:20:21","guid":{"rendered":"http:\/\/www.bbyhaber.com\/bby\/?p=18163"},"modified":"2016-01-12T20:20:21","modified_gmt":"2016-01-12T18:20:21","slug":"yayincilar-birligi-ceylan-yayinlari%e2%80%99na-uygulanan-sansuru-kinadi","status":"publish","type":"post","link":"https:\/\/www.bbyhaber.com\/bby\/2016\/01\/12\/yayincilar-birligi-ceylan-yayinlari%e2%80%99na-uygulanan-sansuru-kinadi","title":{"rendered":"Yay\u0131nc\u0131lar Birli\u011fi, Ceylan Yay\u0131nlar\u0131\u2019na uygulanan sans\u00fcr\u00fc k\u0131nad\u0131"},"content":{"rendered":"<p style=\"text-align: justify;\"><img loading=\"lazy\" decoding=\"async\" class=\"alignleft\" src=\"http:\/\/kulturservisi.com\/upload\/thumbs\/ankara-1649-690-458-p-center_center-FFFFFF.jpg\" alt=\"\" width=\"276\" height=\"185\" \/>Ceylan Yay\u0131nlar\u0131\u2019n\u0131n 10. Ankara Kitap Fuar\u0131\u2019ndan kovulmas\u0131 \u00fczerine T\u00fcrkiye Yay\u0131nc\u0131lar Birli\u011fi bir a\u00e7\u0131klama yaparak uygulamay\u0131 k\u0131nad\u0131. 25 y\u0131ld\u0131r faaliyet s\u00fcrd\u00fcren ve bug\u00fcne kadar \u0130stanbul ve Ankara\u2019da pek \u00e7ok kez fuara kat\u0131lan Ceylan Yay\u0131nlar\u0131, stantlar\u0131ndaki \u201cDa\u011f\u0131n Kad\u0131n Hali\u201d ve \u201cDevrimin Rojava Hali\u201d kitaplar\u0131 ve bu kitaplar\u0131 tan\u0131t\u0131r afi\u015fler nedeniyle, \u00f6nce Efsane Yay\u0131nlar\u0131 g\u00f6revlilerinin tacizine u\u011fram\u0131\u015f, ard\u0131ndan Eyl\u00fcl Fuarc\u0131l\u0131k yetkilileri taraf\u0131ndan fuardan kovulmu\u015ftu. <!--more--><\/p>\n<p style=\"text-align: justify;\">Yay\u0131nc\u0131lar Birli\u011fi\u2019nin a\u00e7\u0131klamas\u0131nda \u015fu ifadeler yer ald\u0131: Fuar y\u00f6netimleri yay\u0131nevlerinin kitap sat\u0131\u015f faaliyetini engelleme ve sans\u00fcr makamlar\u0131 de\u011fildir, aksine yay\u0131nevlerinin g\u00fcven ve huzur i\u00e7inde \u00e7al\u0131\u015fmalar\u0131n\u0131, okurlar\u0131 ile bulu\u015fmalar\u0131n\u0131 ve kitap sat\u0131\u015f\u0131 yapmalar\u0131n\u0131 sa\u011flamakla y\u00fck\u00fcml\u00fcd\u00fcrler. Ankara Kitap Fuar\u0131 y\u00f6netiminin Ceylan Yay\u0131nlar\u0131\u2019n\u0131n kitaplar\u0131n\u0131n sat\u0131\u015f\u0131n\u0131 engellemesini, yay\u0131nevinin fuardaki g\u00fcvenli\u011fini sa\u011flamas\u0131 gerekirken standa bask\u0131 yap\u0131p kitap sat\u0131\u015flar\u0131n\u0131 engellemek isteyenlere destek vermesini ve yay\u0131nevini fuardan ayr\u0131lmak zorunda b\u0131rakmas\u0131n\u0131 k\u0131n\u0131yoruz.<\/p>\n<p style=\"text-align: justify;\">Kaynak: http:\/\/kulturservisi.com\/<\/p>\n","protected":false},"excerpt":{"rendered":"<p>Ceylan Yay\u0131nlar\u0131\u2019n\u0131n 10. Ankara Kitap Fuar\u0131\u2019ndan kovulmas\u0131 \u00fczerine T\u00fcrkiye Yay\u0131nc\u0131lar Birli\u011fi bir a\u00e7\u0131klama yaparak uygulamay\u0131 k\u0131nad\u0131. 25 y\u0131ld\u0131r faaliyet s\u00fcrd\u00fcren ve bug\u00fcne kadar \u0130stanbul ve Ankara\u2019da pek \u00e7ok kez fuara kat\u0131lan Ceylan Yay\u0131nlar\u0131, stantlar\u0131ndaki \u201cDa\u011f\u0131n Kad\u0131n Hali\u201d ve \u201cDevrimin Rojava Hali\u201d kitaplar\u0131 ve bu kitaplar\u0131 tan\u0131t\u0131r afi\u015fler nedeniyle, \u00f6nce Efsane Yay\u0131nlar\u0131 g\u00f6revlilerinin tacizine u\u011fram\u0131\u015f, ard\u0131ndan [&hellip;]<\/p>\n","protected":false},"author":1,"featured_media":0,"comment_status":"open","ping_status":"open","sticky":false,"template":"","format":"standard","meta":{"footnotes":""},"categories":[1],"tags":[],"class_list":["post-18163","post","type-post","status-publish","format-standard","hentry","category-genel"],"_links":{"self":[{"href":"https:\/\/www.bbyhaber.com\/bby\/wp-json\/wp\/v2\/posts\/18163"}],"collection":[{"href":"https:\/\/www.bbyhaber.com\/bby\/wp-json\/wp\/v2\/posts"}],"about":[{"href":"https:\/\/www.bbyhaber.com\/bby\/wp-json\/wp\/v2\/types\/post"}],"author":[{"embeddable":true,"href":"https:\/\/www.bbyhaber.com\/bby\/wp-json\/wp\/v2\/users\/1"}],"replies":[{"embeddable":true,"href":"https:\/\/www.bbyhaber.com\/bby\/wp-json\/wp\/v2\/comments?post=18163"}],"version-history":[{"count":0,"href":"https:\/\/www.bbyhaber.com\/bby\/wp-json\/wp\/v2\/posts\/18163\/revisions"}],"wp:attachment":[{"href":"https:\/\/www.bbyhaber.com\/bby\/wp-json\/wp\/v2\/media?parent=18163"}],"wp:term":[{"taxonomy":"category","embeddable":true,"href":"https:\/\/www.bbyhaber.com\/bby\/wp-json\/wp\/v2\/categories?post=18163"},{"taxonomy":"post_tag","embeddable":true,"href":"https:\/\/www.bbyhaber.com\/bby\/wp-json\/wp\/v2\/tags?post=18163"}],"curies":[{"name":"wp","href":"https:\/\/api.w.org\/{rel}","templated":true}]}}