{"id":18158,"date":"2016-01-12T19:45:56","date_gmt":"2016-01-12T17:45:56","guid":{"rendered":"http:\/\/www.bbyhaber.com\/bby\/?p=18158"},"modified":"2016-02-15T11:20:21","modified_gmt":"2016-02-15T09:20:21","slug":"cankiri-karatekin-universitesi-ogretim-uyesi-alim-ilani-son-basvuru-02-subat-2016","status":"publish","type":"post","link":"https:\/\/www.bbyhaber.com\/bby\/2016\/01\/12\/cankiri-karatekin-universitesi-ogretim-uyesi-alim-ilani-son-basvuru-02-subat-2016","title":{"rendered":"\u00c7ank\u0131r\u0131 Karatekin \u00dcniversitesi \u00d6\u011fretim \u00dcyesi Al\u0131m \u0130lan\u0131-Son Ba\u015fvuru-02 \u015eubat 2016"},"content":{"rendered":"<p style=\"text-align: justify;\"><a href=\"http:\/\/www.bbyhaber.com\/bby\/category\/bby-is-ilanlari\/\"><img loading=\"lazy\" decoding=\"async\" class=\"alignleft colorbox-9771\" src=\"http:\/\/www.bbyhaber.com\/bby\/wp-content\/uploads\/is-ilanlari-arsivi.jpg\" alt=\"\" width=\"250\" height=\"150\" \/><\/a>\u00dcniversitemize 2547 say\u0131l\u0131 Y\u00fcksek\u00f6\u011fretim Kanunu&#8217;nun ve \u00d6\u011fretim \u00dcyeli\u011fine Y\u00fckseltilme ve Atanma Y\u00f6netmeli\u011fi&#8217;nin ilgili maddeleri uyar\u0131nca a\u015fa\u011f\u0131da unvan\u0131, nitelikleri ve say\u0131lar\u0131 belirtilen kadrolara \u00f6\u011fretim \u00fcyeleri al\u0131nacakt\u0131r. \u00d6\u011fretim \u00dcyesi kadrosuna ba\u015fvuracak adaylar\u0131n &#8220;\u00c7ank\u0131r\u0131 Karatekin \u00dcniversitesi \u00d6\u011fretim \u00dcyeli\u011fi Kadrolar\u0131na Ba\u015fvurma, Y\u00fckseltilme ve Atanmayla \u0130lgili De\u011ferlendirme Y\u00f6nergesi&#8221; nde \u00f6ng\u00f6r\u00fclen \u015fartlar\u0131 sa\u011flam\u0131\u015f olmalar\u0131 gerekir.<!--more--><\/p>\n<table style=\"width: 450px;\" border=\"1\">\n<tbody>\n<tr>\n<td>B\u0130R\u0130M\u0130<\/td>\n<td>B\u00d6L\u00dcM\u00dc<\/td>\n<td>ANAB\u0130L\u0130M DALI \/ PROGRAMI<\/td>\n<td>UNVANI<\/td>\n<td>DERECE<\/td>\n<td>A\u00c7IKLAMA<\/td>\n<\/tr>\n<tr>\n<td>\u00c7ank\u0131r\u0131 Karatekin \u00dcniversitesiEDEB\u0130YAT FAK\u00dcLTES\u0130<\/td>\n<td>B\u0130LG\u0130 VE BELGE Y\u00d6NET\u0130M\u0130<\/td>\n<td>K\u00dcT\u00dcPHANEC\u0130L\u0130K<\/td>\n<td>PROFES\u00d6R<\/td>\n<td>1<\/td>\n<td>Bilgi okuryazarl\u0131\u011f\u0131 ve \u00dcniversite K\u00fct\u00fcphaneleri ile ilgili \u00e7al\u0131\u015fmalar\u0131 olmak.<\/td>\n<\/tr>\n<tr>\n<td>\u00c7ank\u0131r\u0131 Karatekin \u00dcniversitesiEDEB\u0130YAT FAK\u00dcLTES\u0130<\/td>\n<td>B\u0130LG\u0130 VE BELGE Y\u00d6NET\u0130M\u0130<\/td>\n<td>B\u0130LG\u0130 Y\u00d6NET\u0130M\u0130 VE TEKNOLOJ\u0130S\u0130<\/td>\n<td>YARDIMCI DO\u00c7ENT<\/td>\n<td>3<\/td>\n<td>\u0130lgili alanda \u00e7al\u0131\u015fmalar\u0131 olmak.<\/td>\n<\/tr>\n<tr>\n<td>\u00c7ank\u0131r\u0131 Karatekin \u00dcniversitesiEDEB\u0130YAT FAK\u00dcLTES\u0130<\/td>\n<td>B\u0130LG\u0130 VE BELGE Y\u00d6NET\u0130M\u0130<\/td>\n<td>AR\u015e\u0130VC\u0130L\u0130K<\/td>\n<td>YARDIMCI DO\u00c7ENT<\/td>\n<td>3<\/td>\n<td>Yeni\u00e7a\u011f Tarihi ABD ile ilgili \u00e7al\u0131\u015fmalar\u0131 olanlarda ba\u015fvurabilirler.<\/td>\n<\/tr>\n<\/tbody>\n<\/table>\n<p><a href=\"http:\/\/www.karatekin.edu.tr\/files\/31_aralik_2015_ogretim_uyesi_alim_ilani.doc\" target=\"_blank\"><strong><span style=\"color: #0000ff;\">Daha fazla bilgi ve belge i\u00e7in t\u0131klay\u0131n\u0131z<\/span><\/strong><\/a><\/p>\n","protected":false},"excerpt":{"rendered":"<p>\u00dcniversitemize 2547 say\u0131l\u0131 Y\u00fcksek\u00f6\u011fretim Kanunu&#8217;nun ve \u00d6\u011fretim \u00dcyeli\u011fine Y\u00fckseltilme ve Atanma Y\u00f6netmeli\u011fi&#8217;nin ilgili maddeleri uyar\u0131nca a\u015fa\u011f\u0131da unvan\u0131, nitelikleri ve say\u0131lar\u0131 belirtilen kadrolara \u00f6\u011fretim \u00fcyeleri al\u0131nacakt\u0131r. \u00d6\u011fretim \u00dcyesi kadrosuna ba\u015fvuracak adaylar\u0131n &#8220;\u00c7ank\u0131r\u0131 Karatekin \u00dcniversitesi \u00d6\u011fretim \u00dcyeli\u011fi Kadrolar\u0131na Ba\u015fvurma, Y\u00fckseltilme ve Atanmayla \u0130lgili De\u011ferlendirme Y\u00f6nergesi&#8221; nde \u00f6ng\u00f6r\u00fclen \u015fartlar\u0131 sa\u011flam\u0131\u015f olmalar\u0131 gerekir.<\/p>\n","protected":false},"author":1,"featured_media":0,"comment_status":"open","ping_status":"open","sticky":false,"template":"","format":"standard","meta":{"footnotes":""},"categories":[],"tags":[1393],"class_list":["post-18158","post","type-post","status-publish","format-standard","hentry","tag-bby-is-ilanlari-arsivi"],"_links":{"self":[{"href":"https:\/\/www.bbyhaber.com\/bby\/wp-json\/wp\/v2\/posts\/18158"}],"collection":[{"href":"https:\/\/www.bbyhaber.com\/bby\/wp-json\/wp\/v2\/posts"}],"about":[{"href":"https:\/\/www.bbyhaber.com\/bby\/wp-json\/wp\/v2\/types\/post"}],"author":[{"embeddable":true,"href":"https:\/\/www.bbyhaber.com\/bby\/wp-json\/wp\/v2\/users\/1"}],"replies":[{"embeddable":true,"href":"https:\/\/www.bbyhaber.com\/bby\/wp-json\/wp\/v2\/comments?post=18158"}],"version-history":[{"count":0,"href":"https:\/\/www.bbyhaber.com\/bby\/wp-json\/wp\/v2\/posts\/18158\/revisions"}],"wp:attachment":[{"href":"https:\/\/www.bbyhaber.com\/bby\/wp-json\/wp\/v2\/media?parent=18158"}],"wp:term":[{"taxonomy":"category","embeddable":true,"href":"https:\/\/www.bbyhaber.com\/bby\/wp-json\/wp\/v2\/categories?post=18158"},{"taxonomy":"post_tag","embeddable":true,"href":"https:\/\/www.bbyhaber.com\/bby\/wp-json\/wp\/v2\/tags?post=18158"}],"curies":[{"name":"wp","href":"https:\/\/api.w.org\/{rel}","templated":true}]}}