{"id":18153,"date":"2016-01-11T17:14:37","date_gmt":"2016-01-11T15:14:37","guid":{"rendered":"http:\/\/www.bbyhaber.com\/bby\/?p=18153"},"modified":"2016-01-11T17:14:37","modified_gmt":"2016-01-11T15:14:37","slug":"tavani-akan-kutuphaneye-kovalar-konuldu","status":"publish","type":"post","link":"https:\/\/www.bbyhaber.com\/bby\/2016\/01\/11\/tavani-akan-kutuphaneye-kovalar-konuldu","title":{"rendered":"Tavan\u0131 akan k\u00fct\u00fcphaneye kovalar konuldu"},"content":{"rendered":"<p style=\"text-align: justify;\"><img loading=\"lazy\" decoding=\"async\" class=\"alignleft\" src=\"http:\/\/i.sozcu.com.tr\/wp-content\/uploads\/2016\/01\/1809627.jpg\" alt=\"\" width=\"324\" height=\"179\" \/>S\u0130VAS`ta yakla\u015f\u0131k 3 ay \u00f6nce a\u00e7\u0131l\u0131\u015f\u0131 yap\u0131lan \u015eems-i Sivasi \u0130l Halk K\u00fct\u00fcphanesi`nin tavan\u0131 kar ya\u011f\u0131\u015f\u0131 sonras\u0131 akmaya ba\u015flay\u0131nca, g\u00f6revliler taraf\u0131ndan koridorlara su kovalar\u0131 konuldu. Sivas`ta 10 Ekim 2015 tarihinde a\u00e7\u0131l\u0131\u015f\u0131 yap\u0131lan \u015eems-i Sivasi \u0130l Halk K\u00fct\u00fcphanesi`nin tavan\u0131, son g\u00fcnlerde kentte etkili olar kar ya\u011f\u0131\u015f\u0131n\u0131n ard\u0131ndan akmaya ba\u015flad\u0131. D\u00f6nemin TBMM Ba\u015fkan\u0131 \u0130smet Y\u0131lmaz ile K\u00fclt\u00fcr ve Turizm Bakan\u0131 Yal\u00e7\u0131n Top\u00e7u`nun kat\u0131l\u0131mlar\u0131yla a\u00e7\u0131lan k\u00fct\u00fcphanenin 2`nci kat\u0131ndaki baz\u0131 b\u00f6l\u00fcmlerde ise su birikintileri olu\u015ftu.<!--more--><\/p>\n<p style=\"text-align: justify;\">Tavan\u0131n akt\u0131\u011f\u0131 baz\u0131 yerlere su kovalar\u0131 konulurken, su birikintilerinin olu\u015ftu\u011fu yerler ise g\u00f6revliler taraf\u0131ndan k\u00fcrekler ile temizlendi. Ders \u00e7al\u0131\u015fmak i\u00e7in k\u00fct\u00fcphaneye gelen \u00f6\u011frenciler, yerdeki kovalar\u0131n ho\u015f bir g\u00f6r\u00fcnt\u00fc olu\u015fturmad\u0131\u011f\u0131n\u0131 ancak \u00e7\u00f6z\u00fcm bulunmas\u0131 gerekti\u011fini belirterek bina yeni oldu\u011fu i\u00e7in bu t\u00fcr s\u0131k\u0131nt\u0131lar\u0131 normal kar\u015f\u0131lad\u0131klar\u0131n\u0131 ifade etti. \u00d6\u011frenciler ayr\u0131ca a\u015f\u0131r\u0131 g\u00fcr\u00fclt\u00fc nedeniyle k\u00fct\u00fcphanede ders \u00e7al\u0131\u015fmakta da g\u00fc\u00e7l\u00fck \u00e7ektiklerini s\u00f6yledi.<\/p>\n<p style=\"text-align: justify;\">K\u00fct\u00fcphane yetkilileri ise konuyla ilgili gerekli onar\u0131mlar\u0131n ilerleyen g\u00fcnlerde yap\u0131laca\u011f\u0131n\u0131 a\u00e7\u0131klad\u0131.<\/p>\n<p style=\"text-align: justify;\">Kaynak: http:\/\/www.sozcu.com.tr\/<\/p>\n","protected":false},"excerpt":{"rendered":"<p>S\u0130VAS`ta yakla\u015f\u0131k 3 ay \u00f6nce a\u00e7\u0131l\u0131\u015f\u0131 yap\u0131lan \u015eems-i Sivasi \u0130l Halk K\u00fct\u00fcphanesi`nin tavan\u0131 kar ya\u011f\u0131\u015f\u0131 sonras\u0131 akmaya ba\u015flay\u0131nca, g\u00f6revliler taraf\u0131ndan koridorlara su kovalar\u0131 konuldu. Sivas`ta 10 Ekim 2015 tarihinde a\u00e7\u0131l\u0131\u015f\u0131 yap\u0131lan \u015eems-i Sivasi \u0130l Halk K\u00fct\u00fcphanesi`nin tavan\u0131, son g\u00fcnlerde kentte etkili olar kar ya\u011f\u0131\u015f\u0131n\u0131n ard\u0131ndan akmaya ba\u015flad\u0131. D\u00f6nemin TBMM Ba\u015fkan\u0131 \u0130smet Y\u0131lmaz ile K\u00fclt\u00fcr ve [&hellip;]<\/p>\n","protected":false},"author":1,"featured_media":0,"comment_status":"open","ping_status":"open","sticky":false,"template":"","format":"standard","meta":{"footnotes":""},"categories":[1],"tags":[],"class_list":["post-18153","post","type-post","status-publish","format-standard","hentry","category-genel"],"_links":{"self":[{"href":"https:\/\/www.bbyhaber.com\/bby\/wp-json\/wp\/v2\/posts\/18153"}],"collection":[{"href":"https:\/\/www.bbyhaber.com\/bby\/wp-json\/wp\/v2\/posts"}],"about":[{"href":"https:\/\/www.bbyhaber.com\/bby\/wp-json\/wp\/v2\/types\/post"}],"author":[{"embeddable":true,"href":"https:\/\/www.bbyhaber.com\/bby\/wp-json\/wp\/v2\/users\/1"}],"replies":[{"embeddable":true,"href":"https:\/\/www.bbyhaber.com\/bby\/wp-json\/wp\/v2\/comments?post=18153"}],"version-history":[{"count":0,"href":"https:\/\/www.bbyhaber.com\/bby\/wp-json\/wp\/v2\/posts\/18153\/revisions"}],"wp:attachment":[{"href":"https:\/\/www.bbyhaber.com\/bby\/wp-json\/wp\/v2\/media?parent=18153"}],"wp:term":[{"taxonomy":"category","embeddable":true,"href":"https:\/\/www.bbyhaber.com\/bby\/wp-json\/wp\/v2\/categories?post=18153"},{"taxonomy":"post_tag","embeddable":true,"href":"https:\/\/www.bbyhaber.com\/bby\/wp-json\/wp\/v2\/tags?post=18153"}],"curies":[{"name":"wp","href":"https:\/\/api.w.org\/{rel}","templated":true}]}}