{"id":18135,"date":"2016-01-07T13:01:58","date_gmt":"2016-01-07T11:01:58","guid":{"rendered":"http:\/\/www.bbyhaber.com\/bby\/?p=18135"},"modified":"2016-01-07T13:05:18","modified_gmt":"2016-01-07T11:05:18","slug":"ulusal-tehdit","status":"publish","type":"post","link":"https:\/\/www.bbyhaber.com\/bby\/2016\/01\/07\/ulusal-tehdit","title":{"rendered":"Ulusal tehdit"},"content":{"rendered":"<p style=\"text-align: justify;\"><strong><a href=\"http:\/\/www.gazetevahdet.com\/d\/other\/07-vahdet-01-001.jpg\"><img loading=\"lazy\" decoding=\"async\" class=\"alignleft\" src=\"http:\/\/www.gazetevahdet.com\/d\/other\/07-vahdet-01-001.jpg\" alt=\"\" width=\"278\" height=\"332\" \/><\/a>MUHAMMET ERDO\u011eAN \/ ANKARA- <\/strong>T\u00fcrkiye\u2019de 1121 halk k\u00fct\u00fcphanesi var, \u00e7al\u0131\u015fan say\u0131s\u0131 360. K\u00fct\u00fcphanelerin \u00e7o\u011fu ilgisizlikten kapal\u0131. Almanya\u2019da 11332, Fransa\u2019da 4008, \u0130ngiltere\u2019de 4937 ve \u0130spanya\u2019da 5209 halk k\u00fct\u00fcphanesi bulunuyor.\u00a0Almanya\u2019daki halk k\u00fct\u00fcphanelerinde 8337, Fransa\u2019da 7088, \u0130ngiltere\u2019de 6978 k\u00fct\u00fcphaneci \u00e7al\u0131\u015f\u0131yor.\u00a0Japonya\u2019n\u0131n y\u00fczde 14\u2019\u00fc, Almanya ve \u0130ngiltere\u2019nin 11\u2019i d\u00fczenli okuyor. T\u00fcrkiye\u2019de ise bu rakam y\u00fczde 0,01.\u00a0<!--more--><\/p>\n<p style=\"text-align: justify;\">\u00dclke insan\u0131m\u0131z\u0131n kitap okuma konusundaki a\u015f\u0131r\u0131 ilgisizli\u011fi k\u00fct\u00fcphane say\u0131m\u0131za da yans\u0131yor. T\u00fcrk K\u00fct\u00fcphaneciler Derne\u011fi Genel Ba\u015fkan\u0131 ve halen TBMM K\u00fct\u00fcphane ve Ar\u015fiv Hizmetleri Ba\u015fkanl\u0131\u011f\u0131&#8217;nda k\u00fct\u00fcphaneci olarak g\u00f6rev yapan Ali Fuat Kartal, kitap okuma al\u0131\u015fkanl\u0131\u011f\u0131na do\u011fru orant\u0131l\u0131 olarak k\u00fct\u00fcphane say\u0131s\u0131nda da d\u00fcnya \u00fclkelerine g\u00f6re \u00e7ok gerilerde kald\u0131\u011f\u0131m\u0131z\u0131 belirterek deh\u015fete d\u00fc\u015f\u00fcren rakamlar\u0131 Vahdet&#8217;e a\u00e7\u0131klad\u0131.<\/p>\n<p style=\"text-align: justify;\"><strong>AB&#8217;N\u0130N \u00c7OK GER\u0130S\u0130NDEY\u0130Z<\/strong><\/p>\n<p style=\"text-align: justify;\">T\u00fcrkiye&#8217;nin \u00e7ok kalabal\u0131k yerle\u015fim yerlerinde dahi bir tane k\u00fct\u00fcphane olmad\u0131\u011f\u0131n\u0131 vurgulayan Kartal, &#8220;\u00dclkemizdeki halk k\u00fct\u00fcphanesi say\u0131s\u0131 \u00e7ocuk k\u00fct\u00fcphaneleri de dahil olmakla birlikte bin 121&#8217;dir. T\u00fcrkiye ile yak\u0131n n\u00fcfusa sahip AB \u00fcyesi \u00fclkelere bakt\u0131\u011f\u0131m\u0131zda; Almanya\u2019da 11 bin 332, Fransa\u2019da 4 bin 008, \u0130ngiltere\u2019de 4 bin 937 ve \u0130spanya\u2019da 5 bin 209 halk k\u00fct\u00fcphanesi bulunmaktad\u0131r&#8221; dedi.<\/p>\n<p style=\"text-align: justify;\"><strong>\u2018GELECE\u011e\u0130M\u0130Z TEHD\u0130T ALTINDA\u2019<\/strong><\/p>\n<p style=\"text-align: justify;\">Bu endi\u015fe verici rakamlar\u0131n nedenini ve \u00f6nerilerini a\u00e7\u0131klayan Kartal, \u201cOkuma k\u00fclt\u00fcr\u00fc, bat\u0131 d\u00fcnyas\u0131n\u0131n aksine bize \u00e7ok ge\u00e7 geldi. Buna bir de okullar\u0131m\u0131zda \u00f6\u011frencilere kitap okumay\u0131 te\u015fvik eden y\u00f6ntemler yerine, ezberci e\u011fitim sistemimizi ekledi\u011fimizde ne zaman fark\u0131na var\u0131r\u0131z bilmiyorum; ama bug\u00fcn ulusal bir sorunla kar\u015f\u0131 kar\u015f\u0131yay\u0131z. \u0130\u015fin tuhaf\u0131 bu durumu e\u011fitim politikalar\u0131n\u0131 belirleyenler de dahil herkes biliyor; ama bir t\u00fcrl\u00fc uygulamaya ge\u00e7emiyoruz. Halen T\u00fcrkiye\u2019nin okuma al\u0131\u015fkanl\u0131\u011f\u0131 sorunu sahipsiz b\u0131rak\u0131lm\u0131\u015f durumdad\u0131r. \u00a0Milli E\u011fitim ve K\u00fclt\u00fcr Bakanl\u0131\u011f\u0131 ba\u015fta olmak \u00fczere sivil toplum \u00f6rg\u00fctleriyle birlikte ilgili kurumlar bir an \u00f6nce bu sorunu milli bir sorun olarak kabul etmelidir. Aksi taktirde gelece\u011fi tehdit alt\u0131nda olan bir \u00fclke konumunda olaca\u011f\u0131z\u201d ifadelerini kulland\u0131.<\/p>\n<p style=\"text-align: justify;\"><strong>ON B\u0130NDE B\u0130R K\u0130\u015e\u0130 D\u00dcZENL\u0130 OKUYOR<\/strong><\/p>\n<p style=\"text-align: justify;\">K\u00fct\u00fcphane say\u0131s\u0131 ile do\u011fru orant\u0131l\u0131 olan kitap okuma al\u0131\u015fkanl\u0131\u011f\u0131nda ise Afrika \u00fclkelerinden bile geri kalm\u0131\u015f durumday\u0131z. Japonya\u2019n\u0131n y\u00fczde 14\u2019\u00fc, ABD\u2019nin y\u00fczde 12\u2019si, Almanya\u2019n\u0131n y\u00fczde 11\u2019i ve \u0130ngiltere\u2019nin y\u00fczde 11\u2019i d\u00fczenli \u015fekilde s\u00fcrekli kitap okurken T\u00fcrkiye\u2019de bu rakam sadece y\u00fczde 0,01 oldu\u011fu ara\u015ft\u0131rmalarla ortaya kondu. Bununla beraber maalesef T\u00fcrkiye\u2019de ihtiya\u00e7 malzemeleri s\u0131ralamas\u0131nda kitaplar\u0131n 235. s\u0131rada yer ald\u0131\u011f\u0131 belirtiliyor.<\/p>\n<p style=\"text-align: justify;\"><strong>K\u00dcT\u00dcPHANELER\u0130M\u0130Z KAPALI\u00a0<\/strong><\/p>\n<p style=\"text-align: justify;\">77 milyon \u00fclke insan\u0131na kar\u015f\u0131 sadece bin 121 k\u00fct\u00fcphane bulundu\u011funu ancak durumun daha da vahim oldu\u011funu dile getiren Kartal, &#8220;Bu k\u00fct\u00fcphanelerimizin bir\u00e7o\u011fu ilgisizlikten dolay\u0131 kapal\u0131 halde duruyor. Bin 121 k\u00fct\u00fcphanemiz olmas\u0131na ra\u011fmen k\u00fct\u00fcphanelerde \u00e7al\u0131\u015fan say\u0131s\u0131n\u0131n 360 olmas\u0131 bu durumu do\u011fruluyor. \u00a0Di\u011fer \u00fclkelere bakt\u0131\u011f\u0131m\u0131zda, Almanya\u2019daki halk k\u00fct\u00fcphanelerinde \u00e7al\u0131\u015fan k\u00fct\u00fcphaneci say\u0131s\u0131 8 bin 337, Fransa\u2019da 7 bin 088, \u0130ngiltere\u2019de 6 bin 978, \u0130spanya\u2019da 3 bin 794 iken, T\u00fcrkiye\u2019de yaln\u0131zca 360 civar\u0131ndad\u0131r&#8221; diye konu\u015ftu.<\/p>\n<p style=\"text-align: justify;\">Kaynak: http:\/\/www.gazetevahdet.com\/<\/p>\n","protected":false},"excerpt":{"rendered":"<p>MUHAMMET ERDO\u011eAN \/ ANKARA- T\u00fcrkiye\u2019de 1121 halk k\u00fct\u00fcphanesi var, \u00e7al\u0131\u015fan say\u0131s\u0131 360. K\u00fct\u00fcphanelerin \u00e7o\u011fu ilgisizlikten kapal\u0131. Almanya\u2019da 11332, Fransa\u2019da 4008, \u0130ngiltere\u2019de 4937 ve \u0130spanya\u2019da 5209 halk k\u00fct\u00fcphanesi bulunuyor.\u00a0Almanya\u2019daki halk k\u00fct\u00fcphanelerinde 8337, Fransa\u2019da 7088, \u0130ngiltere\u2019de 6978 k\u00fct\u00fcphaneci \u00e7al\u0131\u015f\u0131yor.\u00a0Japonya\u2019n\u0131n y\u00fczde 14\u2019\u00fc, Almanya ve \u0130ngiltere\u2019nin 11\u2019i d\u00fczenli okuyor. T\u00fcrkiye\u2019de ise bu rakam y\u00fczde 0,01.\u00a0<\/p>\n","protected":false},"author":1,"featured_media":0,"comment_status":"open","ping_status":"open","sticky":false,"template":"","format":"standard","meta":{"footnotes":""},"categories":[1],"tags":[],"class_list":["post-18135","post","type-post","status-publish","format-standard","hentry","category-genel"],"_links":{"self":[{"href":"https:\/\/www.bbyhaber.com\/bby\/wp-json\/wp\/v2\/posts\/18135"}],"collection":[{"href":"https:\/\/www.bbyhaber.com\/bby\/wp-json\/wp\/v2\/posts"}],"about":[{"href":"https:\/\/www.bbyhaber.com\/bby\/wp-json\/wp\/v2\/types\/post"}],"author":[{"embeddable":true,"href":"https:\/\/www.bbyhaber.com\/bby\/wp-json\/wp\/v2\/users\/1"}],"replies":[{"embeddable":true,"href":"https:\/\/www.bbyhaber.com\/bby\/wp-json\/wp\/v2\/comments?post=18135"}],"version-history":[{"count":0,"href":"https:\/\/www.bbyhaber.com\/bby\/wp-json\/wp\/v2\/posts\/18135\/revisions"}],"wp:attachment":[{"href":"https:\/\/www.bbyhaber.com\/bby\/wp-json\/wp\/v2\/media?parent=18135"}],"wp:term":[{"taxonomy":"category","embeddable":true,"href":"https:\/\/www.bbyhaber.com\/bby\/wp-json\/wp\/v2\/categories?post=18135"},{"taxonomy":"post_tag","embeddable":true,"href":"https:\/\/www.bbyhaber.com\/bby\/wp-json\/wp\/v2\/tags?post=18135"}],"curies":[{"name":"wp","href":"https:\/\/api.w.org\/{rel}","templated":true}]}}