{"id":18131,"date":"2016-01-07T12:53:35","date_gmt":"2016-01-07T10:53:35","guid":{"rendered":"http:\/\/www.bbyhaber.com\/bby\/?p=18131"},"modified":"2016-01-07T12:53:46","modified_gmt":"2016-01-07T10:53:46","slug":"osmanli-devletinin-en-ozel-kaynaklari-elektronik-ortamda","status":"publish","type":"post","link":"https:\/\/www.bbyhaber.com\/bby\/2016\/01\/07\/osmanli-devletinin-en-ozel-kaynaklari-elektronik-ortamda","title":{"rendered":"Osmanl\u0131 Devleti&#8217;nin en \u00f6zel kaynaklar\u0131 elektronik ortamda"},"content":{"rendered":"<p style=\"text-align: justify;\"><img loading=\"lazy\" decoding=\"async\" class=\"alignleft\" src=\"http:\/\/i.sabah.com.tr\/sbh\/2016\/01\/06\/650x344\/1452084551180.jpg\" alt=\"\" width=\"323\" height=\"170\" \/>\u0130slam Tarih, Sanat ve K\u00fclt\u00fcr Ara\u015ft\u0131rma Merkezi (IRCICA) Genel Direkt\u00f6r\u00fc Halit Eren, ara\u015ft\u0131rmac\u0131lar\u0131n hizmetine sunduklar\u0131 Osmanl\u0131ca OCR&#8217;\u0131n d\u00fcnyada ilk kez IRCICA taraf\u0131ndan yap\u0131ld\u0131\u011f\u0131n\u0131 belirterek, &#8220;Osmanl\u0131ca bir metni art\u0131k \u00f6nce scan edip bilgisayara y\u00fckl\u00fcyorsunuz sonra Word dosyas\u0131na \u00e7evirip, bu metin \u00fczerinde ara\u015ft\u0131rma, tarama yapabiliyor, kelime kelime sorgulayabiliyorsunuz&#8221; dedi.<!--more--><\/p>\n<p style=\"text-align: justify;\">Tarihi Y\u0131ld\u0131z Saray\u0131&#8217;ndaki Silahhane binas\u0131nda hizmet veren IRCICA K\u00fct\u00fcphanesi&#8217;nde bug\u00fcnlerde d\u00fcnyada bir ilke daha imza at\u0131ld\u0131.<\/p>\n<p style=\"text-align: justify;\">Osmanl\u0131 Devleti&#8217;nin en \u00f6zel kaynaklar\u0131 elektronik ortamda d\u00fcnyaya a\u00e7\u0131lmas\u0131n\u0131 sa\u011flayan Osmanl\u0131ca Optical Character Recognition (OCR), T\u00fcrk\u00e7e anlam\u0131yla &#8220;Optik Karakter Tan\u0131mlama&#8221; projesi hakk\u0131nda AA muhabirine a\u00e7\u0131klamada bulunan IRCICA Genel Direkt\u00f6r\u00fc Halit Eren, k\u00fct\u00fcphanede bug\u00fcn 80 binin \u00fczerinde kitap, y\u00fcz binlerce belge, vesika, 70 binin \u00fczerinde foto\u011fraf ve 6 binin \u00fczerinde hat levhas\u0131 oldu\u011funu kaydetti.<\/p>\n<p style=\"text-align: justify;\"><strong>&#8220;Osmanl\u0131ca OCR d\u00fcnyada bir ilk&#8221;<\/strong><\/p>\n<p style=\"text-align: justify;\">Osmanl\u0131&#8217;n\u0131n bir y\u0131ll\u0131k olaylar\u0131 kay\u0131t alt\u0131na ald\u0131\u011f\u0131 salnameleri de say\u0131sal k\u00fct\u00fcphaneye y\u00fcklediklerini belirten Eren, ba\u015flatt\u0131klar\u0131 Osmanl\u0131ca OCR uygulamas\u0131 hakk\u0131nda \u015funlar\u0131 anlatt\u0131:<\/p>\n<p style=\"text-align: justify;\">&#8220;\u015eimdi bu say\u0131sal k\u00fct\u00fcphane \u00fczerinde yeni bir \u00e7al\u0131\u015fma ba\u015flatt\u0131k. Bu \u00e7al\u0131\u015fma be\u015f alt\u0131 y\u0131lda, bizim k\u00fct\u00fcphanecilerimizle yo\u011fun bir i\u015fbirli\u011fi i\u00e7erisinde \u00e7al\u0131\u015fan teknik bir ekip taraf\u0131ndan haz\u0131rland\u0131 ve Osmanl\u0131ca OCR&#8217;\u0131 geli\u015ftirdik.&#8221;<\/p>\n<p style=\"text-align: justify;\">Genel Direkt\u00f6r Eren, uygulaman\u0131n daha \u00f6nce latin harfler i\u00e7in yap\u0131ld\u0131\u011f\u0131na ve T\u00fcrk\u00e7e, \u0130ngilizce kitaplar i\u00e7in kullan\u0131ld\u0131\u011f\u0131na i\u015faret ederek, Osmanl\u0131ca harflerle, Osmanl\u0131ca metinler i\u00e7in d\u00fcnyada ilk kez IRCICA taraf\u0131ndan ger\u00e7ekle\u015ftirildi\u011fine vurgu yapt\u0131.<\/p>\n<p style=\"text-align: justify;\"><strong>&#8220;El yazmas\u0131 Osmanl\u0131ca metinlere de uygulanacak&#8221;<\/strong><\/p>\n<p style=\"text-align: justify;\">Genel Direkt\u00f6r Eren, k\u00fct\u00fcphanede ara\u015ft\u0131rmac\u0131lar\u0131n hizmetine sunulan Osmanl\u0131ca OCR&#8217;\u0131 daha da geli\u015ftirerek yayg\u0131nla\u015ft\u0131racaklar\u0131n\u0131 s\u00f6yleyerek, IRCICA&#8217;n\u0131n ileriye d\u00f6n\u00fck planlar\u0131 i\u00e7in, &#8220;Bundan sonraki hedefimiz de bunu Osmanl\u0131ca el yazmas\u0131 metinlere de uygulayabilmek, projemizi bu do\u011frultuda devam ettirece\u011fiz&#8221; bilgisini verdi.<\/p>\n<p style=\"text-align: justify;\">Kaynak: http:\/\/www.sabah.com.tr\/<\/p>\n","protected":false},"excerpt":{"rendered":"<p>\u0130slam Tarih, Sanat ve K\u00fclt\u00fcr Ara\u015ft\u0131rma Merkezi (IRCICA) Genel Direkt\u00f6r\u00fc Halit Eren, ara\u015ft\u0131rmac\u0131lar\u0131n hizmetine sunduklar\u0131 Osmanl\u0131ca OCR&#8217;\u0131n d\u00fcnyada ilk kez IRCICA taraf\u0131ndan yap\u0131ld\u0131\u011f\u0131n\u0131 belirterek, &#8220;Osmanl\u0131ca bir metni art\u0131k \u00f6nce scan edip bilgisayara y\u00fckl\u00fcyorsunuz sonra Word dosyas\u0131na \u00e7evirip, bu metin \u00fczerinde ara\u015ft\u0131rma, tarama yapabiliyor, kelime kelime sorgulayabiliyorsunuz&#8221; dedi.<\/p>\n","protected":false},"author":1,"featured_media":0,"comment_status":"open","ping_status":"open","sticky":false,"template":"","format":"standard","meta":{"footnotes":""},"categories":[1,1593],"tags":[228,96,818],"class_list":["post-18131","post","type-post","status-publish","format-standard","hentry","category-genel","category-osmanli-arsiv-sitesi","tag-osmanli-arsivi","tag-osmanlica-makale","tag-osmanlica-ocr"],"_links":{"self":[{"href":"https:\/\/www.bbyhaber.com\/bby\/wp-json\/wp\/v2\/posts\/18131"}],"collection":[{"href":"https:\/\/www.bbyhaber.com\/bby\/wp-json\/wp\/v2\/posts"}],"about":[{"href":"https:\/\/www.bbyhaber.com\/bby\/wp-json\/wp\/v2\/types\/post"}],"author":[{"embeddable":true,"href":"https:\/\/www.bbyhaber.com\/bby\/wp-json\/wp\/v2\/users\/1"}],"replies":[{"embeddable":true,"href":"https:\/\/www.bbyhaber.com\/bby\/wp-json\/wp\/v2\/comments?post=18131"}],"version-history":[{"count":0,"href":"https:\/\/www.bbyhaber.com\/bby\/wp-json\/wp\/v2\/posts\/18131\/revisions"}],"wp:attachment":[{"href":"https:\/\/www.bbyhaber.com\/bby\/wp-json\/wp\/v2\/media?parent=18131"}],"wp:term":[{"taxonomy":"category","embeddable":true,"href":"https:\/\/www.bbyhaber.com\/bby\/wp-json\/wp\/v2\/categories?post=18131"},{"taxonomy":"post_tag","embeddable":true,"href":"https:\/\/www.bbyhaber.com\/bby\/wp-json\/wp\/v2\/tags?post=18131"}],"curies":[{"name":"wp","href":"https:\/\/api.w.org\/{rel}","templated":true}]}}