{"id":18116,"date":"2016-01-06T18:37:26","date_gmt":"2016-01-06T16:37:26","guid":{"rendered":"http:\/\/www.bbyhaber.com\/bby\/?p=18116"},"modified":"2016-04-09T18:05:01","modified_gmt":"2016-04-09T15:05:01","slug":"ankoslink2016-uluslararasi-konferansi-7-9-nisan-2016-antalya","status":"publish","type":"post","link":"https:\/\/www.bbyhaber.com\/bby\/2016\/01\/06\/ankoslink2016-uluslararasi-konferansi-7-9-nisan-2016-antalya","title":{"rendered":"ANKOSLink2016 Uluslararas\u0131 Konferans\u0131, 7-9 Nisan 2016, Antalya"},"content":{"rendered":"<div style=\"text-align: justify;\">\n<p><img loading=\"lazy\" decoding=\"async\" class=\"alignleft\" src=\"http:\/\/www.bbyhaber.com\/bby\/wp-content\/uploads\/2015\/12\/ankoslink2016.jpg\" alt=\"\" width=\"289\" height=\"164\" \/>ANKOS, 2001 y\u0131l\u0131ndan itibaren k\u00fct\u00fcphaneciler, ara\u015ft\u0131rmac\u0131lar, \u00f6\u011frenciler, bilgi y\u00f6neticileri, e\u011fitimciler, ar\u015fivciler ve bu alanda faaliyet g\u00f6steren payda\u015flar\u0131n kat\u0131l\u0131m\u0131 ile ulusal ve uluslararas\u0131 toplant\u0131lar d\u00fczenlemektedir. Her y\u0131l d\u00fczenlenen ANKOS y\u0131ll\u0131k toplant\u0131lar\u0131 2013 y\u0131l\u0131ndan itibaren ANKOSLink ad\u0131yla b\u00f6lgesel bir konferans halini alm\u0131\u015ft\u0131r. 2015 y\u0131l\u0131nda \u201cMobil Gelecek: K\u00fct\u00fcphaneler ve Kaynaklar\u201d temas\u0131yla ger\u00e7ekle\u015ftirdi\u011fimiz ANKOSLink2015 konferans\u0131n\u0131, 2014 y\u0131l\u0131na oranla b\u00fcy\u00fcme ile 520\u2019den fazla ki\u015finin kat\u0131l\u0131m\u0131yla ger\u00e7ekle\u015fmi\u015ftir.<!--more--><\/p>\n<p>G\u00fcn\u00fcm\u00fczde, k\u00fct\u00fcphanelerin gelece\u011fi ya\u015fanmakta olan ve giderek ivme kazanan teknolojik geli\u015fmelere ve bilgi eko sistemine ba\u011fl\u0131 olarak her zamankinden \u00e7ok daha fazla tart\u0131\u015f\u0131lmaktad\u0131r. Niccol\u00f2 Machiavelli\u2019nin de belirtti\u011fi gibi \u201cher de\u011fi\u015fim daima ba\u015fka de\u011fi\u015fimlere ihtiya\u00e7 g\u00f6sterir\u201d. Bu kapsamda k\u00fct\u00fcphanelerin ve k\u00fct\u00fcphanecilerin de\u011fi\u015fime kar\u015f\u0131 direnmek, de\u011fi\u015fime ayak uydurmak ya da de\u011fi\u015fime y\u00f6n vermek konusunda alacaklar\u0131 kararlar k\u00fct\u00fcphanelerin gelece\u011fini \u015fekillendirecektir. Yeni bu bilgi eko sisteminde k\u00fct\u00fcphanelerin bina, b\u00fct\u00e7e, personel, kullan\u0131c\u0131, koleksiyon, teknoloji politikalar\u0131n\u0131 g\u00fcncellenmeli, akademik ileti\u015fim k\u00fct\u00fcpahanecili\u011fi, bibliometri, veri y\u00f6netimi gibi yeni roller konusunda k\u00fct\u00fcphaneciler proaktif yakla\u015f\u0131m sergilemelidir.<\/p>\n<p>Bu ba\u011flamda, <strong><span style=\"color: #0000ff;\">7-9 Nisan 2016<\/span><\/strong> tarihlerinde <strong><span style=\"color: #0000ff;\">Antalya Kremlin Palas Kongre Merkezi<\/span><\/strong>\u2019nde <span style=\"color: #0000ff;\"><strong>d\u00f6rd\u00fcnc\u00fcs\u00fcn\u00fc<\/strong><\/span> ger\u00e7ekle\u015ftirece\u011fimiz <strong><span style=\"color: #0000ff;\">ANKOSLink2016 Uluslararas\u0131 Konferans\u0131<\/span><\/strong>n\u0131n <strong>ana temas\u0131<\/strong> \u201c<strong><span style=\"color: #ff0000;\">K\u00fct\u00fcphanelerin Yeniden Yap\u0131land\u0131r\u0131lmas\u0131<\/span><\/strong>\u201d olarak belirlendi. E-kaynaklar ve y\u00f6netimi, k\u00fct\u00fcphane alanlar\u0131n\u0131n yeniden tan\u0131mlanmas\u0131, teknoloji kullan\u0131m\u0131, k\u00fct\u00fcphanecilerin yeni rolleri gibi bir \u00e7ok konuyu i\u00e7eren zengin bir program sizleri bekliyor.<\/p>\n<p>ANKOSLink2016 konferans\u0131, her y\u0131l oldu\u011fu gibi bu y\u0131l da davetli konu\u015fmac\u0131lar, k\u00fct\u00fcphaneciler, ara\u015ft\u0131rmac\u0131lar, \u00f6\u011frenciler, bilgi y\u00f6neticileri, e\u011fitimciler, ar\u015fivciler ve bu alanda faaliyet g\u00f6steren firmalar\u0131n destek ve kat\u0131l\u0131m\u0131 ile daha etkin hale gelecektir.<\/p>\n<p>Konferans\u0131n\u0131n t\u00fcm kat\u0131l\u0131mc\u0131lar i\u00e7in verimli olmas\u0131n\u0131 diliyor, bu organizasyonun ger\u00e7ekle\u015fmesi i\u00e7in emek veren, birlikte \u00e7al\u0131\u015fmaktan onur ve mutluluk duydu\u011fum ba\u015fta Y\u00f6netim Kurulu \u00fcyeleri olmak \u00fczere t\u00fcm ANKOS g\u00f6n\u00fcll\u00fclerine ve payda\u015flar\u0131m\u0131za en i\u00e7ten te\u015fekk\u00fcrlerimi sunuyorum.<\/p>\n<p>Daha \u00f6nce yap\u0131lan ANKOSLink toplant\u0131lar\u0131na kat\u0131l\u0131mlar\u0131n\u0131z ve destekleriniz i\u00e7in te\u015fekk\u00fcr eder, ANKOSLink2016 konferans\u0131na sizleri davet etmekten b\u00fcy\u00fck mutluluk duyar\u0131m.<\/p>\n<p><em>Sami \u00c7UKADAR<\/em><br \/>\n<em> ANKOS Ba\u015fkan\u0131<\/em><\/p>\n<div style=\"text-align: justify;\"><a href=\"http:\/\/my.ankoslink.org.tr\/tr\/newparticipant\" target=\"_blank\"><span style=\"color: #0000ff;\">Kay\u0131t i\u00e7in t\u0131klay\u0131n\u0131z<\/span><\/a><\/div>\n<\/div>\n","protected":false},"excerpt":{"rendered":"<p>ANKOS, 2001 y\u0131l\u0131ndan itibaren k\u00fct\u00fcphaneciler, ara\u015ft\u0131rmac\u0131lar, \u00f6\u011frenciler, bilgi y\u00f6neticileri, e\u011fitimciler, ar\u015fivciler ve bu alanda faaliyet g\u00f6steren payda\u015flar\u0131n kat\u0131l\u0131m\u0131 ile ulusal ve uluslararas\u0131 toplant\u0131lar d\u00fczenlemektedir. Her y\u0131l d\u00fczenlenen ANKOS y\u0131ll\u0131k toplant\u0131lar\u0131 2013 y\u0131l\u0131ndan itibaren ANKOSLink ad\u0131yla b\u00f6lgesel bir konferans halini alm\u0131\u015ft\u0131r. 2015 y\u0131l\u0131nda \u201cMobil Gelecek: K\u00fct\u00fcphaneler ve Kaynaklar\u201d temas\u0131yla ger\u00e7ekle\u015ftirdi\u011fimiz ANKOSLink2015 konferans\u0131n\u0131, 2014 y\u0131l\u0131na oranla b\u00fcy\u00fcme [&hellip;]<\/p>\n","protected":false},"author":1,"featured_media":0,"comment_status":"open","ping_status":"open","sticky":false,"template":"","format":"standard","meta":{"footnotes":""},"categories":[1537],"tags":[1395],"class_list":["post-18116","post","type-post","status-publish","format-standard","hentry","category-ankoslink","tag-bby-mesleki-etkinlikler-arsivi"],"_links":{"self":[{"href":"https:\/\/www.bbyhaber.com\/bby\/wp-json\/wp\/v2\/posts\/18116"}],"collection":[{"href":"https:\/\/www.bbyhaber.com\/bby\/wp-json\/wp\/v2\/posts"}],"about":[{"href":"https:\/\/www.bbyhaber.com\/bby\/wp-json\/wp\/v2\/types\/post"}],"author":[{"embeddable":true,"href":"https:\/\/www.bbyhaber.com\/bby\/wp-json\/wp\/v2\/users\/1"}],"replies":[{"embeddable":true,"href":"https:\/\/www.bbyhaber.com\/bby\/wp-json\/wp\/v2\/comments?post=18116"}],"version-history":[{"count":0,"href":"https:\/\/www.bbyhaber.com\/bby\/wp-json\/wp\/v2\/posts\/18116\/revisions"}],"wp:attachment":[{"href":"https:\/\/www.bbyhaber.com\/bby\/wp-json\/wp\/v2\/media?parent=18116"}],"wp:term":[{"taxonomy":"category","embeddable":true,"href":"https:\/\/www.bbyhaber.com\/bby\/wp-json\/wp\/v2\/categories?post=18116"},{"taxonomy":"post_tag","embeddable":true,"href":"https:\/\/www.bbyhaber.com\/bby\/wp-json\/wp\/v2\/tags?post=18116"}],"curies":[{"name":"wp","href":"https:\/\/api.w.org\/{rel}","templated":true}]}}