{"id":18110,"date":"2016-01-06T18:30:40","date_gmt":"2016-01-06T16:30:40","guid":{"rendered":"http:\/\/www.bbyhaber.com\/bby\/?p=18110"},"modified":"2016-01-06T18:32:57","modified_gmt":"2016-01-06T16:32:57","slug":"tkd-mugla-subesi-kuruldu","status":"publish","type":"post","link":"https:\/\/www.bbyhaber.com\/bby\/2016\/01\/06\/tkd-mugla-subesi-kuruldu","title":{"rendered":"TKD Mu\u011fla \u015eubesi kuruldu"},"content":{"rendered":"<p style=\"text-align: justify;\"><img loading=\"lazy\" decoding=\"async\" class=\"alignleft\" src=\"http:\/\/www.bbyhaber.com\/bby\/wp-content\/uploads\/2015\/12\/tkdmugla.jpg\" alt=\"\" width=\"220\" height=\"122\" \/>T\u00fcrk K\u00fct\u00fcphaneciler Derne\u011fi (TKD) Mu\u011fla \u015eubesi 05.01.2016 tarihinde kuruldu ve TKD Mu\u011fla \u015eubesi 05.01.201\u200b6\u200b tarihinde ilk ola\u011fan y\u00f6netim kurulu toplant\u0131s\u0131n\u0131 21 \u00fcyenin kat\u0131l\u0131m\u0131yla ger\u00e7ekle\u015ftirdi. TKD Mu\u011fla \u015eubesi kurucular\u0131n\u0131, kurucu y\u00f6netim kurulunu ve t\u00fcm \u015fube \u00fcyelerini kutluyor, mesleki camiam\u0131za hay\u0131rl\u0131 olmas\u0131n\u0131 diliyoruz.<!--more--><\/p>\n<p>TKD Mu\u011fla \u015eubesi Y\u00f6netim Kurulu ve g\u00f6rev da\u011f\u0131l\u0131m\u0131 a\u015fa\u011f\u0131daki gibidir.<\/p>\n<p>R\u00fcveyda G\u00fcler- Hoca Mustafa Efendi \u0130l Halk K\u00fct\u00fcphanesi, Ba\u015fkan<br \/>\nEmre Seven- Mu\u011fla S\u0131tk\u0131 Ko\u00e7man \u00dcniversitesi Mente\u015fe K\u00fct\u00fcphanesi-Sayman<br \/>\nElif \u0130\u015fel- Mu\u011fla S\u0131tk\u0131 Ko\u00e7man \u00dcniversitesi Mente\u015fe K\u00fct\u00fcphanesi- Yazman<br \/>\nHatice Ak\u00e7a Kaya- Mu\u011fla S\u0131tk\u0131 Ko\u00e7man \u00dcniversitesi Mente\u015fe K\u00fct\u00fcphanesi-\u00dcye<br \/>\nEnder \u00dcnl\u00fc- Mu\u011fla S\u0131tk\u0131 Ko\u00e7man \u00dcniversitesi Mente\u015fe K\u00fct\u00fcphanesi-\u00dcye<\/p>\n","protected":false},"excerpt":{"rendered":"<p>T\u00fcrk K\u00fct\u00fcphaneciler Derne\u011fi (TKD) Mu\u011fla \u015eubesi 05.01.2016 tarihinde kuruldu ve TKD Mu\u011fla \u015eubesi 05.01.201\u200b6\u200b tarihinde ilk ola\u011fan y\u00f6netim kurulu toplant\u0131s\u0131n\u0131 21 \u00fcyenin kat\u0131l\u0131m\u0131yla ger\u00e7ekle\u015ftirdi. TKD Mu\u011fla \u015eubesi kurucular\u0131n\u0131, kurucu y\u00f6netim kurulunu ve t\u00fcm \u015fube \u00fcyelerini kutluyor, mesleki camiam\u0131za hay\u0131rl\u0131 olmas\u0131n\u0131 diliyoruz.<\/p>\n","protected":false},"author":1,"featured_media":0,"comment_status":"open","ping_status":"open","sticky":false,"template":"","format":"standard","meta":{"footnotes":""},"categories":[1],"tags":[1431],"class_list":["post-18110","post","type-post","status-publish","format-standard","hentry","category-genel","tag-tkd-mugla"],"_links":{"self":[{"href":"https:\/\/www.bbyhaber.com\/bby\/wp-json\/wp\/v2\/posts\/18110"}],"collection":[{"href":"https:\/\/www.bbyhaber.com\/bby\/wp-json\/wp\/v2\/posts"}],"about":[{"href":"https:\/\/www.bbyhaber.com\/bby\/wp-json\/wp\/v2\/types\/post"}],"author":[{"embeddable":true,"href":"https:\/\/www.bbyhaber.com\/bby\/wp-json\/wp\/v2\/users\/1"}],"replies":[{"embeddable":true,"href":"https:\/\/www.bbyhaber.com\/bby\/wp-json\/wp\/v2\/comments?post=18110"}],"version-history":[{"count":0,"href":"https:\/\/www.bbyhaber.com\/bby\/wp-json\/wp\/v2\/posts\/18110\/revisions"}],"wp:attachment":[{"href":"https:\/\/www.bbyhaber.com\/bby\/wp-json\/wp\/v2\/media?parent=18110"}],"wp:term":[{"taxonomy":"category","embeddable":true,"href":"https:\/\/www.bbyhaber.com\/bby\/wp-json\/wp\/v2\/categories?post=18110"},{"taxonomy":"post_tag","embeddable":true,"href":"https:\/\/www.bbyhaber.com\/bby\/wp-json\/wp\/v2\/tags?post=18110"}],"curies":[{"name":"wp","href":"https:\/\/api.w.org\/{rel}","templated":true}]}}