{"id":1810,"date":"2011-12-19T11:23:36","date_gmt":"2011-12-19T11:23:36","guid":{"rendered":"http:\/\/www.bbyhaber.com\/bby\/?p=1810"},"modified":"2012-02-19T08:46:59","modified_gmt":"2012-02-19T08:46:59","slug":"ramazan-dede-bilgievinden-her-eve-bir-kutuphane","status":"publish","type":"post","link":"https:\/\/www.bbyhaber.com\/bby\/2011\/12\/19\/ramazan-dede-bilgievinden-her-eve-bir-kutuphane","title":{"rendered":"Ramazan Dede Bilgievi&#8217;nden her eve bir k\u00fct\u00fcphane"},"content":{"rendered":"<div id=\"newsD\" style=\"text-align: justify;\">Bolu&#8217;nun Gerede Belediyesi, Ramazan Dede Bilgievi \u00f6\u011frencilerine kitap okuma al\u0131\u015fkanl\u0131\u011f\u0131n\u0131 ve sevgisini \u00e7ocuk ya\u015fta kazand\u0131rmak i\u00e7in bir proje ba\u015flatt\u0131. Projeye g\u00f6re isteyen ailelerin evlerine Ramazan Dede Bilgievi K\u00fct\u00fcphanesi kurulacak ve \u00f6\u011frenciye bir de kumbara hediye edilecek. \u00d6\u011frenci, kumbaras\u0131nda para biriktirip kitap alarak k\u00fct\u00fcphanesini zenginle\u015ftirecek, ayn\u0131 zamanda bu proje ile tasarruf etmeyi \u00f6\u011frenecek.<\/div>\n<div style=\"text-align: justify;\">Proje hakk\u0131nda bilgi veren Ramazan Dede Bilgievi M\u00fcd\u00fcr\u00fc Mevl\u00fct G\u00fcm\u00fc\u015f, &#8216;Okul evde ba\u015flar\u2019 diyerek anne ve babalara \u015f\u00f6yle seslendi: &#8220;Her evde bir mutfak oldu\u011fu gibi k\u00fct\u00fcphane de olmal\u0131. Mide yemek ile doyar. Ak\u0131l, kalp ve beyin de kitap okuyarak doyar ve insan b\u00f6yle olgunla\u015f\u0131r. Projeye g\u00f6re bir y\u0131lda \u00f6\u011frencimize ortalama 100 kitap okutturmay\u0131 hedefliyoruz. \u00dcniversite hayat\u0131na kadar 800-1000 kitap okuyan bir \u00f6\u011frencinin kaliteli bir \u00fcniversite ve fak\u00fclteyi zorlanmadan kazanaca\u011f\u0131n\u0131 umuyoruz.&#8221; Proje \u00e7al\u0131\u015fmas\u0131n\u0131n il\u00e7edeki t\u00fcm ailelere ve \u00f6\u011frencilere a\u00e7\u0131k oldu\u011funu belirten Ramazan Dede Bilgievi M\u00fcd\u00fcr\u00fc Mevl\u00fct G\u00fcm\u00fc\u015f, projeye kat\u0131lmak isteyenlerin bilgievine m\u00fcracaat etmeleri gerekti\u011fini s\u00f6yledi.<\/div>\n<div style=\"text-align: justify;\"><strong>Kaynak:<\/strong> http:\/\/www.haberyurdum.com\/<\/div>\n","protected":false},"excerpt":{"rendered":"<p>Bolu&#8217;nun Gerede Belediyesi, Ramazan Dede Bilgievi \u00f6\u011frencilerine kitap okuma al\u0131\u015fkanl\u0131\u011f\u0131n\u0131 ve sevgisini \u00e7ocuk ya\u015fta kazand\u0131rmak i\u00e7in bir proje ba\u015flatt\u0131. Projeye g\u00f6re isteyen ailelerin evlerine Ramazan Dede Bilgievi K\u00fct\u00fcphanesi kurulacak ve \u00f6\u011frenciye bir de kumbara hediye edilecek. \u00d6\u011frenci, kumbaras\u0131nda para biriktirip kitap alarak k\u00fct\u00fcphanesini zenginle\u015ftirecek, ayn\u0131 zamanda bu proje ile tasarruf etmeyi \u00f6\u011frenecek. Proje hakk\u0131nda bilgi [&hellip;]<\/p>\n","protected":false},"author":1,"featured_media":0,"comment_status":"open","ping_status":"open","sticky":false,"template":"","format":"standard","meta":{"footnotes":""},"categories":[1,1495,1590],"tags":[208],"class_list":["post-1810","post","type-post","status-publish","format-standard","hentry","category-genel","category-kitap-okuma-aliskanligi","category-okuma-kulturu","tag-bilgi-evi"],"_links":{"self":[{"href":"https:\/\/www.bbyhaber.com\/bby\/wp-json\/wp\/v2\/posts\/1810"}],"collection":[{"href":"https:\/\/www.bbyhaber.com\/bby\/wp-json\/wp\/v2\/posts"}],"about":[{"href":"https:\/\/www.bbyhaber.com\/bby\/wp-json\/wp\/v2\/types\/post"}],"author":[{"embeddable":true,"href":"https:\/\/www.bbyhaber.com\/bby\/wp-json\/wp\/v2\/users\/1"}],"replies":[{"embeddable":true,"href":"https:\/\/www.bbyhaber.com\/bby\/wp-json\/wp\/v2\/comments?post=1810"}],"version-history":[{"count":0,"href":"https:\/\/www.bbyhaber.com\/bby\/wp-json\/wp\/v2\/posts\/1810\/revisions"}],"wp:attachment":[{"href":"https:\/\/www.bbyhaber.com\/bby\/wp-json\/wp\/v2\/media?parent=1810"}],"wp:term":[{"taxonomy":"category","embeddable":true,"href":"https:\/\/www.bbyhaber.com\/bby\/wp-json\/wp\/v2\/categories?post=1810"},{"taxonomy":"post_tag","embeddable":true,"href":"https:\/\/www.bbyhaber.com\/bby\/wp-json\/wp\/v2\/tags?post=1810"}],"curies":[{"name":"wp","href":"https:\/\/api.w.org\/{rel}","templated":true}]}}