{"id":18096,"date":"2016-01-04T19:53:44","date_gmt":"2016-01-04T17:53:44","guid":{"rendered":"http:\/\/www.bbyhaber.com\/bby\/?p=18096"},"modified":"2016-01-28T13:53:57","modified_gmt":"2016-01-28T11:53:57","slug":"ogretim-uyesi-yetistirme-programi-oyp-bby-kadrolari-aciklandi-son-basvuru-15-ocak-2016","status":"publish","type":"post","link":"https:\/\/www.bbyhaber.com\/bby\/2016\/01\/04\/ogretim-uyesi-yetistirme-programi-oyp-bby-kadrolari-aciklandi-son-basvuru-15-ocak-2016","title":{"rendered":"\u00d6\u011fretim \u00dcyesi Yeti\u015ftirme Program\u0131 (\u00d6YP) BBY kadrolar\u0131 a\u00e7\u0131kland\u0131-Son Ba\u015fvuru-15 Ocak 2016"},"content":{"rendered":"<p style=\"text-align: justify;\"><img loading=\"lazy\" decoding=\"async\" class=\"alignleft\" src=\"http:\/\/www.bbyhaber.com\/bby\/wp-content\/uploads\/dosyalar\/oyp\/resimler\/bby-oyp.jpg\" alt=\"\" width=\"100\" height=\"69\" \/>\u00d6\u011fretim \u00dcyesi Yeti\u015ftirme Program\u0131 (\u00d6YP) kadrolar\u0131 a\u00e7\u0131kland\u0131. <span style=\"color: #0000ff;\">BBY b\u00f6l\u00fcm\u00fcne a\u00e7\u0131lan ARA\u015eTIRMA G\u00d6REVL\u0130S\u0130 kadrosu toplam 3<\/span>&#8216;d\u00fcr; bunlar a\u015fa\u011f\u0131daki tabloda verilmi\u015ftir.<\/p>\n<p style=\"text-align: justify;\">&#8220;\u00d6\u011fretim \u00dcyesi Yeti\u015ftirme Program\u0131na \u0130li\u015fkin Usul Ve Esaslar&#8221; uyar\u0131nca, Y\u00fcksek\u00f6\u011fretim Kurumlar\u0131na Alan s\u0131nav\u0131 yap\u0131lan \u00d6\u011fretim \u00dcyesi Yeti\u015ftirme Program\u0131 (\u00d6YP) ara\u015ft\u0131rma g\u00f6revlisi kadrolar\u0131 d\u0131\u015f\u0131nda merkezi yerle\u015ftirme ile yap\u0131lacak \u00d6YP ara\u015ft\u0131rma g\u00f6revlisi kadrolar\u0131na atama yap\u0131lacakt\u0131r. Ba\u015fvuru yap\u0131labilmesi i\u00e7in adaylar\u0131n, 31.07.2008 tarihli Resmi gazetede yay\u0131mlanan &#8220;\u00d6\u011fretim \u00dcyesi D\u0131\u015f\u0131ndaki \u00d6\u011fretim Eleman\u0131 Kadrolar\u0131na Naklen veya A\u00e7\u0131ktan Yap\u0131lacak Atamalarda Uygulanacak Merkezi s\u0131nav \u0130le Giri\u015f S\u0131navlar\u0131na \u0130li\u015fkin Usul ve Esaslar Hakk\u0131nda Y\u00f6netmelik&#8221;te belirtilen \u015fartlar\u0131 sa\u011fl\u0131yor olmas\u0131 gerekmektedir.<!--more--> \u00d6\u011fretim \u00dcyesi Yeti\u015ftirme Program\u0131 kapsam\u0131nda, ara\u015ft\u0131rma g\u00f6revlisi kadrolar\u0131na ba\u015fvuran adaylar\u0131n,<span style=\"color: #ff0000;\"><strong><em> yerle\u015ftirme i\u015flemleri lisans genel not ortalamalar\u0131n\u0131n %35\u2019i ile Akademik Personel ve Lisans\u00fcst\u00fc E\u011fitimi Giri\u015f S\u0131nav\u0131nda (ALES) ilgili alanda al\u0131nan puanlar\u0131n\u0131n %50\u2019\u0131 ve varsa yabanc\u0131 dil puanlar\u0131n\u0131n %15\u2019i dikkate al\u0131narak<\/em><\/strong> Ba\u015fkanl\u0131\u011f\u0131m\u0131zca <strong><em>merkezi sistemle<\/em><\/strong><\/span> ger\u00e7ekle\u015ftirilecektir.<\/p>\n<p><strong>30\/12\/2015 tarihinde ilan edilen \u00d6YP ara\u015ft\u0131rma g\u00f6revlisi kadrolar\u0131na tercih i\u015flemleri <span style=\"color: #ff0000;\">04\/01\/2016 (Saat:14:00) \u2013 15\/01\/2016<\/span> (Saat:17:00) tarihleri aras\u0131nda Ba\u015fkanl\u0131\u011f\u0131m\u0131z resmi internet sitesi \u00fczerinden yap\u0131lacakt\u0131r.<\/strong><\/p>\n<p>Genel \u015eartlar i\u00e7in\u00a0<a href=\"http:\/\/www.yok.gov.tr\/documents\/10279\/20936798\/3_GenelSartlar_aralik_ays.pdf\" target=\"_blank\"><span style=\"text-decoration: underline;\"><strong>t\u0131klay\u0131n\u0131z<\/strong><\/span><\/a>.<\/p>\n<p>A\u00e7\u0131klamalar i\u00e7in\u00a0<span style=\"text-decoration: underline;\"><strong><a href=\"http:\/\/www.yok.gov.tr\/documents\/10279\/20936798\/2_Aciklamlar_Oyp_2015.pdf\/\" target=\"_blank\">t\u0131klay\u0131n\u0131z<\/a>.<\/strong><\/span><\/p>\n<p>Tercih i\u015flemleri i\u00e7in\u00a0<a href=\"https:\/\/yoksis.yok.gov.tr\/OYPUYG\/\" target=\"_blank\"><span style=\"text-decoration: underline;\"><strong>t\u0131klay\u0131n\u0131z<\/strong><\/span><\/a>.<\/p>\n<table style=\"width: 500px;\" border=\"1\" cellspacing=\"1\" cellpadding=\"1\">\n<tbody>\n<tr>\n<td>\u00dcniversite\/Fak\u00fclte\/<br \/>\nB\u00f6l\u00fcm\/Anabilim Dal\u0131<\/td>\n<td>Kadro Tipi<\/td>\n<td>Kadro Say\u0131s\u0131<\/td>\n<td>\u00d6zel \u015eartlar<\/td>\n<td>Son Ba\u015fvuru<br \/>\nTarihi<\/td>\n<\/tr>\n<tr>\n<td><a href=\"https:\/\/yoksis.yok.gov.tr\/oypilansayfa\/?sessionid=47369\" target=\"_blank\">HACETTEPE \u00dcN\u0130VERS\u0130TES\u0130&#8212;&gt;EDEB\u0130YAT FAK\u00dcLTES\u0130&#8212;&gt;B\u0130LG\u0130 VE BELGE Y\u00d6NET\u0130M\u0130 B\u00d6L\u00dcM\u00dc<\/a><\/td>\n<td>ARA\u015eTIRMA G\u00d6REVL\u0130S\u0130<\/td>\n<td>1<\/td>\n<td>B\u0130LG\u0130 VE BELGE Y\u00d6NET\u0130M\u0130 B\u00d6L\u00dcM\u00dc L\u0130SANS MEZUNU OLMAK .<\/td>\n<td>15 Ocak 2016<\/td>\n<\/tr>\n<tr>\n<td><a href=\"https:\/\/yoksis.yok.gov.tr\/oypilansayfa\/?sessionid=47862\" target=\"_blank\">YILDIRIM BEYAZIT \u00dcN\u0130VERS\u0130TES\u0130&#8212;&gt;\u0130NSAN VE TOPLUM B\u0130L\u0130MLER\u0130 FAK\u00dcLTES\u0130&#8212;&gt;B\u0130LG\u0130 VE BELGE Y\u00d6NET\u0130M\u0130 B\u00d6L\u00dcM\u00dc<\/a><\/td>\n<td>ARA\u015eTIRMA G\u00d6REVL\u0130S\u0130<\/td>\n<td>1<\/td>\n<td>B\u0130LG\u0130 VE BELGE Y\u00d6NET\u0130M\u0130 B\u00d6L\u00dcM\u00dc L\u0130SANS MEZUNU OLMAK .<\/td>\n<td>15 Ocak 2016<\/td>\n<\/tr>\n<tr>\n<td><a href=\"https:\/\/yoksis.yok.gov.tr\/oypilansayfa\/?sessionid=47863\" target=\"_blank\">YILDIRIM BEYAZIT \u00dcN\u0130VERS\u0130TES\u0130&#8212;&gt;\u0130NSAN VE TOPLUM B\u0130L\u0130MLER\u0130 FAK\u00dcLTES\u0130&#8212;&gt;B\u0130LG\u0130 VE BELGE Y\u00d6NET\u0130M\u0130 B\u00d6L\u00dcM\u00dc<\/a><\/td>\n<td>ARA\u015eTIRMA G\u00d6REVL\u0130S\u0130<\/td>\n<td>1<\/td>\n<td>B\u0130LG\u0130 VE BELGE Y\u00d6NET\u0130M\u0130 B\u00d6L\u00dcM\u00dc L\u0130SANS MEZUNU OLMAK .<\/td>\n<td>15 Ocak 2016<\/td>\n<\/tr>\n<\/tbody>\n<\/table>\n","protected":false},"excerpt":{"rendered":"<p>\u00d6\u011fretim \u00dcyesi Yeti\u015ftirme Program\u0131 (\u00d6YP) kadrolar\u0131 a\u00e7\u0131kland\u0131. BBY b\u00f6l\u00fcm\u00fcne a\u00e7\u0131lan ARA\u015eTIRMA G\u00d6REVL\u0130S\u0130 kadrosu toplam 3&#8216;d\u00fcr; bunlar a\u015fa\u011f\u0131daki tabloda verilmi\u015ftir. &#8220;\u00d6\u011fretim \u00dcyesi Yeti\u015ftirme Program\u0131na \u0130li\u015fkin Usul Ve Esaslar&#8221; uyar\u0131nca, Y\u00fcksek\u00f6\u011fretim Kurumlar\u0131na Alan s\u0131nav\u0131 yap\u0131lan \u00d6\u011fretim \u00dcyesi Yeti\u015ftirme Program\u0131 (\u00d6YP) ara\u015ft\u0131rma g\u00f6revlisi kadrolar\u0131 d\u0131\u015f\u0131nda merkezi yerle\u015ftirme ile yap\u0131lacak \u00d6YP ara\u015ft\u0131rma g\u00f6revlisi kadrolar\u0131na atama yap\u0131lacakt\u0131r. Ba\u015fvuru yap\u0131labilmesi i\u00e7in [&hellip;]<\/p>\n","protected":false},"author":1,"featured_media":0,"comment_status":"open","ping_status":"open","sticky":false,"template":"","format":"standard","meta":{"footnotes":""},"categories":[1547],"tags":[1397],"class_list":["post-18096","post","type-post","status-publish","format-standard","hentry","category-bby-oyp","tag-bby-oyp-3"],"_links":{"self":[{"href":"https:\/\/www.bbyhaber.com\/bby\/wp-json\/wp\/v2\/posts\/18096"}],"collection":[{"href":"https:\/\/www.bbyhaber.com\/bby\/wp-json\/wp\/v2\/posts"}],"about":[{"href":"https:\/\/www.bbyhaber.com\/bby\/wp-json\/wp\/v2\/types\/post"}],"author":[{"embeddable":true,"href":"https:\/\/www.bbyhaber.com\/bby\/wp-json\/wp\/v2\/users\/1"}],"replies":[{"embeddable":true,"href":"https:\/\/www.bbyhaber.com\/bby\/wp-json\/wp\/v2\/comments?post=18096"}],"version-history":[{"count":0,"href":"https:\/\/www.bbyhaber.com\/bby\/wp-json\/wp\/v2\/posts\/18096\/revisions"}],"wp:attachment":[{"href":"https:\/\/www.bbyhaber.com\/bby\/wp-json\/wp\/v2\/media?parent=18096"}],"wp:term":[{"taxonomy":"category","embeddable":true,"href":"https:\/\/www.bbyhaber.com\/bby\/wp-json\/wp\/v2\/categories?post=18096"},{"taxonomy":"post_tag","embeddable":true,"href":"https:\/\/www.bbyhaber.com\/bby\/wp-json\/wp\/v2\/tags?post=18096"}],"curies":[{"name":"wp","href":"https:\/\/api.w.org\/{rel}","templated":true}]}}