{"id":1805,"date":"2011-12-18T20:14:47","date_gmt":"2011-12-18T17:14:47","guid":{"rendered":"http:\/\/www.bbyhaber.com\/bby\/?p=1805"},"modified":"2013-01-14T13:20:57","modified_gmt":"2013-01-14T11:20:57","slug":"isyan-atesi-misir-tarihini-kul-etti","status":"publish","type":"post","link":"https:\/\/www.bbyhaber.com\/bby\/2011\/12\/18\/isyan-atesi-misir-tarihini-kul-etti","title":{"rendered":"\u0130syan ate\u015fi M\u0131s\u0131r tarihini k\u00fcl etti"},"content":{"rendered":"<p style=\"text-align: justify;\">Bilimsel Ara\u015ft\u0131rma Enstit\u00fcs\u00fc, askeri polisin muhaliflere m\u00fcdahalesi s\u0131ras\u0131nda protestocular taraf\u0131ndan at\u0131lan molotofkokteyli ile yand\u0131. Olayda onlarca eski el yazmas\u0131 eser, belge ve tarihi haritan\u0131n kullan\u0131lamaz bi\u00e7imde yand\u0131.<!--more--><\/p>\n<p style=\"text-align: justify;\">Devlet televizyonuna konu\u015fan bir yetkili, 213 y\u0131l \u00f6nce kurulan enstit\u00fcde \u00e7\u0131kan yang\u0131nda, paha bi\u00e7ilmez el yazmas\u0131 eserler ile birlikte baz\u0131 tarihi belge ve haritalar\u0131n yanarak k\u00fcl oldu\u011funu s\u00f6yledi. Yetkili, yanan el yazmas\u0131 eser, belge ve haritalar\u0131n i\u00e7eri\u011fine ve say\u0131s\u0131na ili\u015fkin bir bilgi vermedi. M\u0131s\u0131r Bakanlar Kurulu ise yapt\u0131\u011f\u0131 yaz\u0131l\u0131 a\u00e7\u0131klamada, enstit\u00fcye d\u00fczenlenen molotofkokteyli sald\u0131r\u0131s\u0131n\u0131 k\u0131nad\u0131.<\/p>\n<p style=\"text-align: justify;\">A\u00e7\u0131klamada, &#8221;M\u0131s\u0131r halk\u0131ndan baz\u0131 ki\u015filerin yine M\u0131s\u0131r&#8217;a ait olan tarihi bir miras\u0131 yok etmesini \u00fcz\u00fcnt\u00fc ile kar\u015f\u0131l\u0131yoruz&#8221; denildi. M\u0131s\u0131r&#8217;\u0131n ba\u015fkenti Kahire&#8217;de 19 Kas\u0131m tarihinden itibaren sivil y\u00f6netim iste\u011fi ile ba\u015fbakanl\u0131k binas\u0131 \u00f6n\u00fcnde oturma eylemi yapan g\u00f6stericilere ge\u00e7en cuma g\u00fcn\u00fc askerler taraf\u0131ndan m\u00fcdahale edilmi\u015f ve \u00e7\u0131kan \u00e7at\u0131\u015fmalarda 10 ki\u015fi hayat\u0131n\u0131 kaybetmi\u015fti.<\/p>\n<p style=\"text-align: justify;\">Askeri polisin g\u00f6stericilere sert m\u00fcdahalesine, baz\u0131 protestocular kamu binalar\u0131na molotofkokteyli atarak kar\u015f\u0131l\u0131k vermi\u015f olaylar s\u0131ras\u0131nda Kasr-\u0131 El Ayni Caddesi \u00fczerinde bulunan Bilimsel Ara\u015ft\u0131rma Merkezi ile bu merkeze ba\u011fl\u0131 Co\u011frafya Ara\u015ft\u0131rmalar\u0131 B\u00f6l\u00fcm\u00fc tamamen yanm\u0131\u015ft\u0131.<\/p>\n<p style=\"text-align: justify;\">Kaynak: http:\/\/www.ihlassondakika.com<\/p>\n","protected":false},"excerpt":{"rendered":"<p>Bilimsel Ara\u015ft\u0131rma Enstit\u00fcs\u00fc, askeri polisin muhaliflere m\u00fcdahalesi s\u0131ras\u0131nda protestocular taraf\u0131ndan at\u0131lan molotofkokteyli ile yand\u0131. Olayda onlarca eski el yazmas\u0131 eser, belge ve tarihi haritan\u0131n kullan\u0131lamaz bi\u00e7imde yand\u0131.<\/p>\n","protected":false},"author":1,"featured_media":0,"comment_status":"open","ping_status":"open","sticky":false,"template":"","format":"standard","meta":{"footnotes":""},"categories":[1500,1509],"tags":[1096,438,1410,1441],"class_list":["post-1805","post","type-post","status-publish","format-standard","hentry","category-nadir-eserler","category-yazma-eserler","tag-arsivcilik","tag-el-yazmalari","tag-uluslararasi-kutuphane-haberleri","tag-yazma-eser-kutuphaneleri"],"_links":{"self":[{"href":"https:\/\/www.bbyhaber.com\/bby\/wp-json\/wp\/v2\/posts\/1805"}],"collection":[{"href":"https:\/\/www.bbyhaber.com\/bby\/wp-json\/wp\/v2\/posts"}],"about":[{"href":"https:\/\/www.bbyhaber.com\/bby\/wp-json\/wp\/v2\/types\/post"}],"author":[{"embeddable":true,"href":"https:\/\/www.bbyhaber.com\/bby\/wp-json\/wp\/v2\/users\/1"}],"replies":[{"embeddable":true,"href":"https:\/\/www.bbyhaber.com\/bby\/wp-json\/wp\/v2\/comments?post=1805"}],"version-history":[{"count":0,"href":"https:\/\/www.bbyhaber.com\/bby\/wp-json\/wp\/v2\/posts\/1805\/revisions"}],"wp:attachment":[{"href":"https:\/\/www.bbyhaber.com\/bby\/wp-json\/wp\/v2\/media?parent=1805"}],"wp:term":[{"taxonomy":"category","embeddable":true,"href":"https:\/\/www.bbyhaber.com\/bby\/wp-json\/wp\/v2\/categories?post=1805"},{"taxonomy":"post_tag","embeddable":true,"href":"https:\/\/www.bbyhaber.com\/bby\/wp-json\/wp\/v2\/tags?post=1805"}],"curies":[{"name":"wp","href":"https:\/\/api.w.org\/{rel}","templated":true}]}}