{"id":18021,"date":"2015-12-22T16:19:16","date_gmt":"2015-12-22T14:19:16","guid":{"rendered":"http:\/\/www.bbyhaber.com\/bby\/?p=18021"},"modified":"2016-06-20T17:38:05","modified_gmt":"2016-06-20T14:38:05","slug":"300un-uzerinde-kutuphaneci-alinacak","status":"publish","type":"post","link":"https:\/\/www.bbyhaber.com\/bby\/2015\/12\/22\/300un-uzerinde-kutuphaneci-alinacak","title":{"rendered":"300&#8217;\u00fcn \u00fczerinde k\u00fct\u00fcphaneci, arkeolog ve sanat tarih\u00e7isi alaca\u011f\u0131z"},"content":{"rendered":"<p style=\"text-align: justify;\"><img loading=\"lazy\" decoding=\"async\" class=\"alignleft\" src=\"http:\/\/bbyhaber.com\/bby\/wp-content\/uploads\/2015\/12\/ktbakani.jpg\" alt=\"\" width=\"272\" height=\"169\" \/>K\u00fclt\u00fcr Bakan\u0131 Mahir \u00dcnal, Maliye Bakan\u0131m\u0131zla g\u00f6r\u00fc\u015ft\u00fck. <strong>300&#8217;\u00fcn \u00fczerinde k\u00fct\u00fcphaneci, arkeolog ve sanat tarih\u00e7isi alaca\u011f\u0131z dedi<\/strong>.\u00a0K\u00fclt\u00fcr ve Turizm Bakan\u0131 Mahir \u00dcnal, Milli E\u011fitim Bakanl\u0131\u011f\u0131 ile m\u00fcze, k\u00fct\u00fcphane ve sinemaya ili\u015fkin 3 protokol imzalayacaklar\u0131n\u0131 belirterek, &#8220;\u00d6\u011fretmenlerimize m\u00fcze, k\u00fct\u00fcphane konusunda e\u011fitim verece\u011fiz. Bir de illerdeki k\u00fclt\u00fcr merkezlerimizde ortaokul ve lise \u00f6\u011frencilerimizi sinemayla bulu\u015fturaca\u011f\u0131z. Belli film etkinlikleri ger\u00e7ekle\u015ftirmeyi planl\u0131yoruz&#8221; dedi. <span style=\"color: #ff0000;\"><strong><em>(burada \u015funu belirtmekte yarar var; \u00f6\u011fretmenlere k\u00fct\u00fcphanelerin y\u00f6netimi hakk\u0131nda bilgi verilmesine, e\u011fitim verilmesine gerek yok, \u00e7\u00fcnk\u00fc bu e\u011fitimi alan Bilgi ve Belge Y\u00f6netimi Mezunlar\u0131\u00a0<\/em><\/strong><strong><em>var iken b\u00f6yle bir uygulamaya gerek yok, buralarda \u00e7al\u0131\u015ft\u0131r\u0131lmas\u0131 gereken ki\u015filer bizleriz, ya\u015fayan k\u00fct\u00fcphane ancak mesleki e\u011fitim alan bizlerle olur!!! \u00d6\u011fretmenler kendi alanlar\u0131na hizmet vermeli bizler ise k\u00fct\u00fcphanelere can vermeliyiz, ba\u015fka t\u00fcrl\u00fc olmas\u0131 imkans\u0131z@bbyhaber)<\/em><\/strong><\/span><\/p>\n<p style=\"text-align: justify;\"><!--more--><\/p>\n<p style=\"text-align: justify;\">Anadolu Ajans\u0131 (AA) Edit\u00f6r Masas\u0131&#8217;na konuk olan \u00dcnal, g\u00fcndeme ili\u015fkin a\u00e7\u0131klamalarda bulunarak, sorular\u0131 yan\u0131tlad\u0131.<\/p>\n<p style=\"text-align: justify;\">Diyarbak\u0131r B\u00fcy\u00fck\u015fehir Belediyesi Ba\u015fkan\u0131 G\u00fclten K\u0131\u015fanak&#8217;\u0131n, kendisiyle yapt\u0131\u011f\u0131 bir telefon g\u00f6r\u00fc\u015fmesinin i\u00e7eri\u011fine ili\u015fkin bas\u0131nda \u00e7\u0131kan a\u00e7\u0131klamalar\u0131n\u0131n hat\u0131rlat\u0131lmas\u0131 \u00fczerine \u00dcnal, \u0130zmir&#8217;deki fuarda Diyarbak\u0131r stand\u0131na gitti\u011fini an\u0131msatt\u0131.<\/p>\n<p style=\"text-align: justify;\">Bu stantta Diyarbak\u0131r&#8217;daki k\u00fclt\u00fcrel miras\u0131n kendileri i\u00e7in ne kadar de\u011ferli oldu\u011funu, bu konudaki hassasiyetini anlatt\u0131\u011f\u0131n\u0131, ayr\u0131ca D\u00f6rt Ayakl\u0131 Minare, Kur\u015funlu Camisi ve Pa\u015fa Hamam\u0131 ile ilgili a\u00e7\u0131klamalarda bulundu\u011funu hat\u0131rlatan \u00dcnal, \u015f\u00f6yle devam etti:<\/p>\n<p style=\"text-align: justify;\">&#8220;Ertesi g\u00fcn, do\u011frudan telefonumdan Diyarbak\u0131r B\u00fcy\u00fck\u015fehir Belediye Ba\u015fkan\u0131 beni arad\u0131 ve aram\u0131zda \u00f6yle ifade edildi\u011fi gibi de\u011fil son derece kibar bir \u015fekilde, bu durumdan duydu\u011fu s\u0131k\u0131nt\u0131y\u0131 kendisi de dile getirdi. Bu durumdan belediye ba\u015fkan\u0131 olarak muzdarip oldu\u011funu ifade etti. Ben de kendisine, &#8216;Bu konuda inisiyatif kullan\u0131n. Diyarbak\u0131r&#8217;\u0131 ter\u00f6rize edenlere, hendekleri a\u00e7anlara, Diyarbak\u0131r&#8217;\u0131 ve \u00fclkeyi bir \u015fiddet sarmal\u0131na sokmak isteyenlere kar\u015f\u0131 bir inisiyatif kullan\u0131n&#8217; dedim. Biz tabii ki oradaki vatanda\u015flar\u0131m\u0131z\u0131n g\u00fcvenli\u011fini sa\u011flamak i\u00e7in gerekli tedbirleri alaca\u011f\u0131z. Ama dedim ki &#8216;Biz Bakanl\u0131k olarak bir taraftan da hem \u0130\u00e7i\u015fleri Bakan\u0131 hem ilgili m\u00fclki idari amirlerle g\u00f6r\u00fc\u015ferek oradaki k\u00fclt\u00fcrel miras\u0131n korunmas\u0131 i\u00e7in gerekli hassasiyeti g\u00f6steriyoruz.&#8217; Oradaki k\u00fclt\u00fcr m\u00fcd\u00fcrlerimizle, m\u00fcze m\u00fcd\u00fcrlerimizle ve o illerdeki koruma kurullar\u0131m\u0131zla s\u00fcrekli temas halinde oldu\u011fumuzu ve meseleyi yak\u0131ndan takip etti\u011fimizi kendisine ifade ettim.&#8221;<\/p>\n<p style=\"text-align: justify;\">Bakan \u00dcnal, Ba\u015fbakan Ahmet Davuto\u011flu&#8217;nun reform paketini a\u00e7\u0131klarken, &#8220;K\u00fclt\u00fcre \u00e7ok b\u00fcy\u00fck \u00f6nem veriyoruz ve ayr\u0131ca k\u00fclt\u00fcr paketi a\u00e7\u0131klayaca\u011f\u0131z&#8221; ifadesini kulland\u0131\u011f\u0131n\u0131 hat\u0131rlatarak, K\u00fclt\u00fcr ve Turizm Bakanl\u0131\u011f\u0131 olarak bu konuda bir \u00e7al\u0131\u015fma y\u00fcr\u00fctt\u00fcklerini a\u00e7\u0131klad\u0131.<\/p>\n<p style=\"text-align: justify;\">\u00d6n\u00fcm\u00fczdeki g\u00fcnlerde Ba\u015fbakan Davuto\u011flu ile bir araya geleceklerini ve pakete son \u015feklini vereceklerini bildiren \u00dcnal, &#8220;Ocak ay\u0131 i\u00e7erisinde in\u015fallah&#8221; dedi.<\/p>\n<p style=\"text-align: justify;\">K\u00fclt\u00fcr ve Turizm Bakanl\u0131\u011f\u0131n\u0131n hem k\u00fclt\u00fcrel alanda hem de turizm alan\u0131nda yap\u0131sal tedbirler almas\u0131 gerekti\u011fine i\u015faret eden \u00dcnal, turizmde sorunlar\u0131 telafi edici \u00f6nlemleri konu\u015ftuklar\u0131n\u0131 ancak gerek yap\u0131sal gerekse T\u00fcrkiye&#8217;nin tan\u0131t\u0131m\u0131yla ilgili tedbirler alma zorunlulu\u011fu bulundu\u011funu vurgulad\u0131.<\/p>\n<p style=\"text-align: justify;\">Bakan \u00dcnal, k\u00fclt\u00fcr alan\u0131nda gelecek y\u0131la ait \u00f6ncelikli hedeflerinin sorulmas\u0131 \u00fczerine, T\u00fcrkiye&#8217;de k\u00fclt\u00fcr ve sanat konu\u015fulmaya ba\u015fland\u0131\u011f\u0131nda bunlar \u00fczerinden belli gerilim hatlar\u0131n\u0131n olu\u015fturuldu\u011funu s\u00f6yledi.<\/p>\n<p style=\"text-align: justify;\">&#8220;T\u00dcSAK \u00fczerinden, AKM \u00fczerinden bir gerilim hatt\u0131 ve bu gerilim hatt\u0131na tak\u0131ld\u0131\u011f\u0131n\u0131z anda k\u00fclt\u00fcr ve sanat\u0131 konu\u015famaz hale geliyorsunuz&#8221; ifadesini kullanan \u00dcnal, bu nedenle \u00f6ncelikli olarak k\u00fclt\u00fcr\u00fcn ve sanat\u0131n bu gerilim \u00e7er\u00e7evesinde konu\u015fulmamas\u0131 gerekti\u011fini vurgulad\u0131.<\/p>\n<p style=\"text-align: justify;\">K\u00fclt\u00fcr paketi \u00fczerinden gelecek 4 y\u0131l\u0131n eylem plan\u0131n\u0131 ortaya koymay\u0131 hedeflediklerini belirten \u00dcnal, bu belirlenirken, k\u00fct\u00fcr ve sanat camias\u0131n\u0131n \u00f6nemli payda\u015flar\u0131yla g\u00f6r\u00fc\u015fmeye ba\u015flad\u0131klar\u0131n\u0131 s\u00f6yledi.<\/p>\n<p style=\"text-align: justify;\">&#8211; &#8220;\u015eehir \u00fczerinden k\u00fclt\u00fcr\u00fc somutla\u015ft\u0131raca\u011f\u0131z&#8221;<\/p>\n<p style=\"text-align: justify;\">Eylem plan\u0131nda g\u00f6n\u00fcll\u00fc olarak ya da projeyle kim g\u00f6rev almak istiyorsa bu s\u00fcreci gerilim hatt\u0131na tak\u0131lmadan beraberce s\u00fcrd\u00fcrmek istediklerini ifade eden \u00dcnal, \u015f\u00f6yle konu\u015ftu:<\/p>\n<p style=\"text-align: justify;\">&#8220;K\u00fclt\u00fcr ve sanat politikalar\u0131n\u0131 \u015fehir \u00fczerinden somutla\u015ft\u0131rmak istiyoruz. \u015eehirde ya\u015fayan insan\u0131n ya\u015fam bi\u00e7imine &#8216;k\u00fclt\u00fcr&#8217; diyoruz. Bu k\u00fclt\u00fcr\u00fcn i\u00e7eri\u011fine bakt\u0131\u011f\u0131m\u0131zda sanat, sinema, tiyatro, konser ne kadar yer al\u0131yor? Mimari olarak da her anlamda bu k\u00fclt\u00fcr\u00fcn kimli\u011fi var. K\u00fclt\u00fcr politikalar\u0131m\u0131z\u0131 \u015fehir \u00fczerinden somutla\u015ft\u0131rmak ve \u00f6ncelikli olarak k\u00fclt\u00fcrel miras\u0131 hem korumak hem de k\u00fclt\u00fcrel miras\u0131n birinci a\u015famada bir envanterini \u00e7\u0131karmak. Bu, b\u00fcy\u00fck oranda tamamlam\u0131\u015f durumda. Yani yazma eserlerden tutun da k\u00fct\u00fcphanecili\u011fe, oradan \u00f6ren yerlerinde belli mimari eserlerin korunmas\u0131na var\u0131ncaya kadar.&#8221;<\/p>\n<p style=\"text-align: justify;\">Her \u015fehrin bir haf\u0131zas\u0131n\u0131n oldu\u011funu, ard\u0131ndan ikinci derecede &#8220;\u015fehirlerin kimli\u011fi&#8221; konusunun bulundu\u011funu kaydeden \u00dcnal, Edirne&#8217;yi \u00f6rnek g\u00f6stererek, &#8220;Serhat \u015fehri&#8221;, &#8220;Selimiye Camisi&#8221; gibi kavramlar\u0131n bu \u015fehir i\u00e7in bir kimlik oldu\u011funu anlatt\u0131.<\/p>\n<p style=\"text-align: justify;\">K\u00fclt\u00fcr kavram\u0131yla bir ya\u015fam bi\u00e7iminin estetize edilmesinin anlat\u0131ld\u0131\u011f\u0131n\u0131 dile getiren \u00dcnal, &#8220;Bu \u00e7er\u00e7evede bakt\u0131\u011f\u0131m\u0131zda \u015fehir \u00fczerinden k\u00fclt\u00fcr\u00fc somutla\u015ft\u0131raca\u011f\u0131z&#8221; dedi.<\/p>\n<p style=\"text-align: justify;\">&#8211; &#8220;<strong>Her \u015fehirde, ya\u015fayan k\u00fct\u00fcphaneler ve m\u00fczeler<\/strong>&#8220;<\/p>\n<p style=\"text-align: justify;\">Bu kapsamda m\u00fcze ve k\u00fct\u00fcphanenin iki temel sac aya\u011f\u0131n\u0131 olu\u015fturaca\u011f\u0131n\u0131 s\u00f6yleyen \u00dcnal, her \u015fehirde, ya\u015fayan k\u00fct\u00fcphaneler ve ya\u015fayan m\u00fczeler olu\u015fturmay\u0131 ama\u00e7lad\u0131klar\u0131n\u0131 vurgulad\u0131. M\u00fcze ve k\u00fct\u00fcphanelerin o \u015fehirdeki ortaokul ve lise \u00f6\u011frencilerine d\u00f6n\u00fck olmas\u0131n\u0131 birinci \u00f6ncelik olarak belirlediklerini dile getiren \u00dcnal, &#8220;\u00d6nce \u00e7ocuk do\u011fdu\u011fu \u015fehri tan\u0131mal\u0131, sokaklar\u0131n\u0131, k\u00fclt\u00fcr\u00fcn\u00fc, kimli\u011fini tatmal\u0131, ya\u015famal\u0131, o \u015fehrin haf\u0131zas\u0131n\u0131 bir aidiyet haline getirmeli&#8221; diye konu\u015ftu.<\/p>\n<p style=\"text-align: justify;\">Kahramanmara\u015f&#8217;ta do\u011fdu\u011funu dile getiren \u00dcnal, &#8220;Hepimiz \u0130stanbul&#8217;a a\u015f\u0131k gen\u00e7ler olarak b\u00fcy\u00fcd\u00fck. Ama \u0130stanbul&#8217;a a\u015f\u0131k gen\u00e7ler olarak b\u00fcy\u00fcmemiz bizi \u00f6tekile\u015ftirdi, bizi ta\u015fral\u0131 haline getirdi. Oysa Urfa&#8217;da, Diyarbak\u0131r&#8217;da, Kahramanmara\u015f&#8217;ta, Edirne&#8217;de do\u011fan, ba\u015fka \u015fehirlerde do\u011fan \u00e7ocuklar, \u0130stanbul&#8217;u sevmeliydiler ama en az \u0130stanbul kadar do\u011fduklar\u0131 \u015fehrin kimli\u011fine, k\u00fclt\u00fcr\u00fcne ve haf\u0131zas\u0131na da sahip olmalar\u0131 gerekirdi&#8221; de\u011ferlendirmesini yapt\u0131.<\/p>\n<p style=\"text-align: justify;\">&#8211; Milli E\u011fitim Bakanl\u0131\u011f\u0131 ile \u00fc\u00e7 protokol imzalanacak<\/p>\n<p style=\"text-align: justify;\">Milli E\u011fitim Bakanl\u0131\u011f\u0131 ile \u00fc\u00e7 protokol imzalayacaklar\u0131n\u0131 bildiren \u00dcnal, protokollere ili\u015fkin, &#8220;M\u00fcze, k\u00fct\u00fcphane ve sinema&#8230; \u00d6\u011fretmenlerimize m\u00fcze ve k\u00fct\u00fcphane konusunda e\u011fitim verece\u011fiz. \u0130llerdeki k\u00fclt\u00fcr merkezlerimizde ortaokul ve lise \u00f6\u011frencilerimizi sinemayla bulu\u015fturaca\u011f\u0131z. Belli film etkinlikleri ger\u00e7ekle\u015ftirmeyi planl\u0131yoruz&#8221; bilgisini payla\u015ft\u0131.<\/p>\n<p style=\"text-align: justify;\">\u00dcnal, \u015fu an 80 bin tane restorasyona muhta\u00e7 yazma eserin bulundu\u011funu, bunlardan 25 bininin acil restorasyon ihtiyac\u0131 oldu\u011funu belirtti. T\u00fcrkiye&#8217;de 100 ki\u015finin, ka\u011f\u0131t restorasyonu yapabildi\u011fini dikkati \u00e7eken \u00dcnal, bu say\u0131y\u0131 artt\u0131rmak gerekti\u011fini s\u00f6yledi.<\/p>\n<p style=\"text-align: justify;\">&#8211; &#8220;K\u00fct\u00fcphaneci, arkeolog, sanat tarih\u00e7isi al\u0131nacak&#8221;<\/p>\n<p style=\"text-align: justify;\">\u00dcnal, &#8220;K\u00fct\u00fcphanesiz il\u00e7emiz kalmas\u0131n&#8221; kampanyas\u0131 ba\u015flatacaklar\u0131n\u0131 bildirerek, &#8220;Maliye Bakan\u0131m\u0131zla g\u00f6r\u00fc\u015ft\u00fck. 300&#8217;\u00fcn \u00fczerinde k\u00fct\u00fcphaneci, ayn\u0131 \u015fekilde arkeolog, ayn\u0131 \u015fekilde sanat tarih\u00e7isi alaca\u011f\u0131z&#8221; diye konu\u015ftu.<\/p>\n<p style=\"text-align: justify;\">Yazma eserlerin t\u0131pk\u0131 bas\u0131mlar\u0131n\u0131 da yapt\u0131klar\u0131n\u0131, yani yazma eserleri entelekt\u00fcellerle ve akademisyenlerle bulu\u015fturduklar\u0131n\u0131 aktaran \u00dcnal, haf\u0131za in\u015fa edilmedi\u011finde bir kimlikten, kimlik olmad\u0131\u011f\u0131nda ise bir k\u00fclt\u00fcrden bahsedilemeyece\u011fini ifade etti.<\/p>\n<p style=\"text-align: justify;\">Bu kimli\u011fi, bir etnik kimlik ya da bir inan\u00e7 grubunun kimli\u011fi olarak d\u00fc\u015f\u00fcnmemek gerekti\u011fini vurgulayan \u00dcnal, &#8220;Haf\u0131zas\u0131 olmayan bir insan\u0131n kimli\u011finden bahsedebilir miyiz? Kimlik krizi ya\u015fayan bir insan\u0131n k\u00fclt\u00fcrel hayat\u0131ndan bahsedebilir miyiz&#8221; ifadelerini kulland\u0131.<\/p>\n<p style=\"text-align: justify;\">Bakan \u00dcnal, a\u00e7\u0131klanacak pakette k\u00fct\u00fcphane, m\u00fcze, sinema, tiyatro ve sahne sanatlar\u0131n\u0131n \u00f6ncelikli yeri olaca\u011f\u0131n\u0131 s\u00f6yledi.<\/p>\n<p style=\"text-align: justify;\">&#8211; Gen\u00e7lere sanat alan\u0131nda te\u015fvik<\/p>\n<p style=\"text-align: justify;\">H\u00fck\u00fcmet program\u0131ndaki GEN\u00c7DES Projesi hakk\u0131nda bilgi veren Bakan \u00dcnal, &#8220;Bir\u00e7ok alanda destek veriyoruz ama k\u00fclt\u00fcrel alanda \u015fimdi destekleri ve te\u015fvikleri daha da artt\u0131raca\u011f\u0131z. K\u00fclt\u00fcrel alanda hem k\u0131sa film hem tiyatro hem sahne hem g\u00f6rsel sanatlarda in\u015fallah \u00f6n\u00fcm\u00fczdeki d\u00f6nem gen\u00e7lerimize proje bazl\u0131 \u00e7ok ciddi mali destekler de sunaca\u011f\u0131z. \u00c7ok temel bir \u015fey vard\u0131r. \u0130lgi neredeyse enerji oradad\u0131r. Bir yerde ilgi olu\u015fturman\u0131z i\u00e7in oraya bir miktar enerji de transfer etmeniz gerekiyor. O y\u00fczden gen\u00e7lere d\u00f6n\u00fck \u00e7ok ciddi k\u00fclt\u00fcrel te\u015fvik ve desteklerimiz olacak&#8221; de\u011ferlendirmesinde bulundu.<\/p>\n<p style=\"text-align: justify;\">Kahramanmara\u015f&#8217;ta \u00e7ekimleri yap\u0131lan Yedi G\u00fczel Adam dizisi ile Cahit Zarifo\u011flu&#8217;nun evinin m\u00fcze yap\u0131lmas\u0131na ili\u015fkin \u00e7al\u0131\u015fmalar hakk\u0131nda bilgi veren \u00dcnal, \u015f\u00f6yle konu\u015ftu:<\/p>\n<p style=\"text-align: justify;\">&#8220;Sadece Zarifo\u011flu de\u011fil. Nuri Pakdil, Cahit Zarifo\u011flu, Erdem Bayaz\u0131t. 2011&#8217;de Kahramanmara\u015f&#8217;a giti\u011fimde ilk d\u00fc\u015f\u00fcnd\u00fc\u011f\u00fcm \u015fey \u015fuydu. Biber ve dondurma da Kahramanmara\u015f ile an\u0131lan \u00f6nemli \u00fcr\u00fcnler ama biz sadece Kahramanmara\u015f&#8217;\u0131 biber ve dondurma ile de\u011fil kendi haf\u0131zas\u0131nda var olan R\u0131dvan Hoca, Ali Sezai Efendi, Aslan Bey, TBMM kurulmadan 12 \u015eubat&#8217;ta Frans\u0131z&#8217;\u0131 kendi i\u00e7erisinden atan o \u0130stiklal M\u00fccadelesi, madalyas\u0131 ile&#8230; 7 G\u00fczel Adam ile, Erdem Beyaz\u0131t ile Cahit Zarifo\u011flu ile Nuri Pakdil ile&#8230; Bunun i\u00e7in ne yapabiliriz diye d\u00fc\u015f\u00fcnd\u00fck. 7 G\u00fczel Adam dizisi o zaman ortaya \u00e7\u0131kt\u0131. \u00c7ok da g\u00fczel oldu. Halen insanlar dizinin \u00e7ekiminin yap\u0131ld\u0131\u011f\u0131 okula gelip geziyorlar, oradaki o me\u015fhur pastahaneye gidiyorlar. Dizide ayn\u0131 zamanda &#8216;kara lise&#8217; olarak bilinen liseyi Edebiyat M\u00fczesi haline d\u00f6n\u00fc\u015ft\u00fcr\u00fcyoruz.&#8221;<\/p>\n<p style=\"text-align: justify;\">&#8211; &#8220;K\u00fct\u00fcphaneleri ya\u015fayan k\u00fct\u00fcphaneler olarak d\u00fc\u015f\u00fcn\u00fcyoruz&#8221;<\/p>\n<p style=\"text-align: justify;\">K\u00fclt\u00fcr politikalar\u0131n\u0131 \u015fehir \u00fczerinden somutla\u015ft\u0131racaklar\u0131n\u0131, Edirne, Kars, \u0130stanbul, \u015eanl\u0131urfa, Elaz\u0131\u011f, Harput, Mardin ve Diyarbak\u0131r&#8217;\u0131n bu anlamda \u00f6zel ilgi g\u00f6sterecekleri kentler oldu\u011funu anlatan \u00dcnal, \u00c7evre ve \u015eehircilik ile Milli E\u011fitim Bakanl\u0131klar\u0131 ve b\u00fcy\u00fck\u015fehir belediyeleri ile bir \u00e7al\u0131\u015fma ba\u015flatacaklar\u0131n\u0131 kaydetti.<\/p>\n<p style=\"text-align: justify;\">Ankara B\u00fcy\u00fck\u015fehir Belediyesinin kentsel d\u00f6n\u00fc\u015f\u00fcm \u00e7al\u0131\u015fmas\u0131 d\u00fc\u015f\u00fcnd\u00fc\u011f\u00fcn\u00fc dile getiren \u00dcnal, &#8220;Melih Bey ile g\u00f6r\u00fc\u015fece\u011fiz. Mesela Melih Bey, Hac\u0131bayram&#8217;\u0131n kar\u015f\u0131s\u0131na eski Ankara evlerinin oldu\u011fu bir b\u00f6l\u00fcm d\u00fc\u015f\u00fcn\u00fcyor. \u0130lgili bakanl\u0131klar ve Ankara B\u00fcy\u00fck\u015fehir Belediyesi ile Ankara&#8217;n\u0131n sur i\u00e7ini, eski Ankara&#8217;y\u0131 haf\u0131zas\u0131yla, ruhuyla ve kimli\u011fiyle aya\u011fa kald\u0131rmam\u0131z gerekiyor. Bundan sonra gelen nesillere \u00f6nce o \u015fehri g\u00f6stermemiz gerekiyor ki onlar\u0131n bir haf\u0131zas\u0131 olsun, onlar\u0131n kente bir aidiyeti olu\u015fsun&#8221; diye konu\u015ftu.<\/p>\n<p style=\"text-align: justify;\">\u00dcnal, Bakanl\u0131k olarak \u00e7ocuk k\u00fct\u00fcphanelerinin, \u00f6zel \u00e7al\u0131\u015fma alanlar\u0131 i\u00e7erisinde oldu\u011funu vurgulad\u0131. \u00dcnal, \u015funlar\u0131 kaydetti:<\/p>\n<p style=\"text-align: justify;\">&#8220;\u00c7ocuklar kre\u015flerde, anaokullar\u0131nda bir \u015feyler yapmaya \u00e7al\u0131\u015f\u0131yorlar ama biz illerde bir uygulama olarak \u015fu anda onun mimari tasar\u0131m\u0131 i\u00e7in de bir \u00e7al\u0131\u015fma ba\u015flatt\u0131k. Biz k\u00fct\u00fcphaneleri de ya\u015fayan k\u00fct\u00fcphaneler olarak d\u00fc\u015f\u00fcn\u00fcyoruz. Yeni bir tasar\u0131m. Sadece okuyucunun kitapla bulu\u015ftu\u011fu de\u011fil ayn\u0131 zamanda okuyucunun yazarla bulu\u015ftu\u011fu, ayn\u0131 zamanda okuyucunun sosyalle\u015fme imkan\u0131n\u0131n olaca\u011f\u0131, &#8216;kitap kafe&#8217; tarz\u0131nda mekanlar\u0131n oldu\u011fu bir alan. Uzun zamandan bu yana bir k\u00fclt\u00fcr merkezi konseptimiz vard\u0131. K\u00fclt\u00fcr merkezi konseptini \u015fimdi biraz daha geri \u00e7ekip, daha \u00e7ok ya\u015fayan k\u00fct\u00fcphaneler ve ya\u015fayan m\u00fczeler. M\u00fcze mant\u0131\u011f\u0131m\u0131zda daha \u00e7ok \u015fehir m\u00fczesi. O \u015fehrin tarihini, k\u00fclt\u00fcr\u00fcn\u00fc, \u015fahsiyetlerini, miras\u0131n\u0131 ortaokul ve lise \u00f6\u011frencilerinin \u00f6\u011fretmenleriyle birlikte giderek \u00f6z\u00fcmseyecekleri mekanlar haline getirmeyi planl\u0131yoruz. \u015eehirlerin kimliklerini, k\u00fclt\u00fcrlerini ve haf\u0131zalar\u0131n\u0131, ruhlar\u0131n\u0131 in\u015fa edersek zaten o k\u00fclt\u00fcr\u00fc ve medeniyeti in\u015fa etmi\u015f olaca\u011f\u0131z.&#8221;<\/p>\n<p style=\"text-align: justify;\">Bu arada, AA Y\u00f6netim Kurulu Ba\u015fkan\u0131 ve Genel M\u00fcd\u00fcr\u00fc \u015eenol Kazanc\u0131, Bakan \u00dcnal&#8217;a ilk kez milletvekili se\u00e7ildi\u011fi 2011&#8217;de, TBMM&#8217;de d\u00fczenlenen yemin t\u00f6reni s\u0131ras\u0131nda \u00e7ekilen foto\u011fraf\u0131n\u0131 hediye etti.<\/p>\n<p style=\"text-align: justify;\">Kaynak:<a href=\"http:\/\/www.memurlar.net\/\" target=\"_blank\">http:\/\/www.memurlar.net\/<\/a><\/p>\n","protected":false},"excerpt":{"rendered":"<p>K\u00fclt\u00fcr Bakan\u0131 Mahir \u00dcnal, Maliye Bakan\u0131m\u0131zla g\u00f6r\u00fc\u015ft\u00fck. 300&#8217;\u00fcn \u00fczerinde k\u00fct\u00fcphaneci, arkeolog ve sanat tarih\u00e7isi alaca\u011f\u0131z dedi.\u00a0K\u00fclt\u00fcr ve Turizm Bakan\u0131 Mahir \u00dcnal, Milli E\u011fitim Bakanl\u0131\u011f\u0131 ile m\u00fcze, k\u00fct\u00fcphane ve sinemaya ili\u015fkin 3 protokol imzalayacaklar\u0131n\u0131 belirterek, &#8220;\u00d6\u011fretmenlerimize m\u00fcze, k\u00fct\u00fcphane konusunda e\u011fitim verece\u011fiz. Bir de illerdeki k\u00fclt\u00fcr merkezlerimizde ortaokul ve lise \u00f6\u011frencilerimizi sinemayla bulu\u015fturaca\u011f\u0131z. Belli film etkinlikleri ger\u00e7ekle\u015ftirmeyi [&hellip;]<\/p>\n","protected":false},"author":1,"featured_media":0,"comment_status":"open","ping_status":"open","sticky":false,"template":"","format":"standard","meta":{"footnotes":""},"categories":[1513,31,1],"tags":[],"class_list":["post-18021","post","type-post","status-publish","format-standard","hentry","category-2016-1-bby-kpss-kadrolari","category-bbykpss","category-genel"],"_links":{"self":[{"href":"https:\/\/www.bbyhaber.com\/bby\/wp-json\/wp\/v2\/posts\/18021"}],"collection":[{"href":"https:\/\/www.bbyhaber.com\/bby\/wp-json\/wp\/v2\/posts"}],"about":[{"href":"https:\/\/www.bbyhaber.com\/bby\/wp-json\/wp\/v2\/types\/post"}],"author":[{"embeddable":true,"href":"https:\/\/www.bbyhaber.com\/bby\/wp-json\/wp\/v2\/users\/1"}],"replies":[{"embeddable":true,"href":"https:\/\/www.bbyhaber.com\/bby\/wp-json\/wp\/v2\/comments?post=18021"}],"version-history":[{"count":0,"href":"https:\/\/www.bbyhaber.com\/bby\/wp-json\/wp\/v2\/posts\/18021\/revisions"}],"wp:attachment":[{"href":"https:\/\/www.bbyhaber.com\/bby\/wp-json\/wp\/v2\/media?parent=18021"}],"wp:term":[{"taxonomy":"category","embeddable":true,"href":"https:\/\/www.bbyhaber.com\/bby\/wp-json\/wp\/v2\/categories?post=18021"},{"taxonomy":"post_tag","embeddable":true,"href":"https:\/\/www.bbyhaber.com\/bby\/wp-json\/wp\/v2\/tags?post=18021"}],"curies":[{"name":"wp","href":"https:\/\/api.w.org\/{rel}","templated":true}]}}