{"id":18006,"date":"2015-12-19T01:16:17","date_gmt":"2015-12-18T23:16:17","guid":{"rendered":"http:\/\/www.bbyhaber.com\/bby\/?p=18006"},"modified":"2015-12-19T01:26:35","modified_gmt":"2015-12-18T23:26:35","slug":"sanatta-uzman-5-kutuphane","status":"publish","type":"post","link":"https:\/\/www.bbyhaber.com\/bby\/2015\/12\/19\/sanatta-uzman-5-kutuphane","title":{"rendered":"Sanatta uzman 5 k\u00fct\u00fcphane"},"content":{"rendered":"<h3>\u0130nsana \u00e7al\u0131\u015fma iste\u011fe veren, sanat a\u011f\u0131rl\u0131kl\u0131 kaynaklar bulunan 5 k\u00fct\u00fcphaneyi s\u0131ralayal\u0131m:\u00a0<strong>\u2192<\/strong>\u00a0SALT Ara\u015ft\u0131rma\u00a0<strong>\u2192<\/strong>\u00a0\u0130stanbul Modern K\u00fct\u00fcphane\u00a0<strong>\u2192<\/strong>\u00a0Akbank Sanat K\u00fct\u00fcphanesi\u00a0<strong>\u2192<\/strong>\u00a0Vitali Hakko Kreatif End\u00fcstriler K\u00fct\u00fcphanesi\u00a0<strong>\u2192<\/strong>Caddebostan Butik Sanat K\u00fct\u00fcphanesi<\/h3>\n<p><!--more--><\/p>\n<p><a href=\"http:\/\/www.listemis.com\/wp-content\/uploads\/2012\/03\/salt1.jpg\"><img loading=\"lazy\" decoding=\"async\" title=\"salt\" src=\"http:\/\/www.listemis.com\/wp-content\/uploads\/2012\/03\/salt1-300x199.jpg\" alt=\"\" width=\"300\" height=\"199\" \/><\/a>\u00a0<a href=\"http:\/\/www.listemis.com\/wp-content\/uploads\/2012\/03\/salt2.jpg\"><img loading=\"lazy\" decoding=\"async\" title=\"salt\" src=\"http:\/\/www.listemis.com\/wp-content\/uploads\/2012\/03\/salt2-300x254.jpg\" alt=\"\" width=\"240\" height=\"199\" \/><\/a><\/p>\n<p><strong>SALT Ara\u015ft\u0131rma<\/strong><\/p>\n<p>Sanat, mimarl\u0131k, tasar\u0131m, \u015fehircilik, sosyal ve ekonomik tarih konular\u0131nda kapsaml\u0131 bir yay\u0131n koleksiyonuna sahip. Salt Galata\u00a0binas\u0131n\u0131n orta avlusu ve ara kat\u0131ndaki 650 metrekarelik bir alana yay\u0131l\u0131yor.<\/p>\n<p>Dijitalle\u015ftirilmi\u015f t\u00fcm\u00a0<a href=\"http:\/\/saltonline.org\/tr\/#!\/tr\/190\/salt-arastirma-arsivleri_break\/\" target=\"_blank\">ar\u015fiv koleksiyonlar\u0131<\/a>na online katalogdan eri\u015fim m\u00fcmk\u00fcn. Ayr\u0131ca g\u00fcncel sanat ar\u015fivi fiziksel olarak eri\u015fime a\u00e7\u0131k. Nadir kitaplar talep kar\u015f\u0131l\u0131\u011f\u0131nda ara\u015ft\u0131rmaya a\u00e7\u0131l\u0131yor.<\/p>\n<p>Pazar ve pazartesi hari\u00e7 a\u00e7\u0131k. \u00c7al\u0131\u015fmas\u0131 \u00e7ok keyifli; t\u00fcm g\u00fcn\u00fcn\u00fcz\u00fc rahatl\u0131kla ge\u00e7irebilirsiniz.<\/p>\n<p><strong>Adres:<\/strong>\u00a0Bankalar Caddesi, No: 11,\u00a0<a href=\"http:\/\/www.listemis.com\/karakoy-6-sanat-mekani\/\" target=\"_blank\">Karak\u00f6y<\/a><\/p>\n<p><strong>Tel:<\/strong>\u00a0(0212) 334 22 00<\/p>\n<p>&nbsp;<\/p>\n<p><a href=\"http:\/\/www.listemis.com\/wp-content\/uploads\/2012\/03\/istanbul-modern3.jpg\"><img loading=\"lazy\" decoding=\"async\" title=\"istanbul modern\" src=\"http:\/\/www.listemis.com\/wp-content\/uploads\/2012\/03\/istanbul-modern3-300x254.jpg\" alt=\"\" width=\"240\" height=\"203\" \/><\/a>\u00a0<a href=\"http:\/\/www.listemis.com\/wp-content\/uploads\/2012\/03\/istanbul-modern.jpg\"><img loading=\"lazy\" decoding=\"async\" title=\"istanbul modern\" src=\"http:\/\/www.listemis.com\/wp-content\/uploads\/2012\/03\/istanbul-modern-300x217.jpg\" alt=\"\" width=\"295\" height=\"203\" \/><\/a><\/p>\n<p><strong>\u0130stanbul Modern K\u00fct\u00fcphane<\/strong><\/p>\n<p>8 bin kitap yer alan k\u00fct\u00fcphanenin uzmanl\u0131k alanlar\u0131: M\u00fcze, galeri ve \u00f6zel sanat koleksiyonlar\u0131 kataloglar\u0131, T\u00fcrk sanat tarihi ve T\u00fcrk sanat\u00e7\u0131lar\u0131, sanatla ilgili kuramsal yay\u0131nlar, sanat ak\u0131mlar\u0131, foto\u011fraf sanat\u0131 ve foto\u011fraf sanat\u00e7\u0131lar\u0131, m\u00fczecilik bilimi. Ayr\u0131ca 32 tane yerli ve yabanc\u0131 dergi aboneli\u011fi var. 202 \u00fclkeden\u00a049 bin m\u00fcze ve\u00a0143 binin \u00fczerinde sanat\u00e7\u0131, galeri, yay\u0131nc\u0131 hakk\u0131nda bilgi edinebilece\u011finiz International Directory of Arts &amp; Museums of the World CD-ROM veritaban\u0131 da kullan\u0131ma a\u00e7\u0131k.<\/p>\n<p>Pazartesi hari\u00e7 her g\u00fcn hizmet veriyor.<\/p>\n<p><strong>Adres:<\/strong>\u00a0Meclis-i Mebusan Caddesi, Liman \u0130\u015fletmeleri Sahas\u0131, Antrepo No: 4 Karak\u00f6y<\/p>\n<p><strong>Tel:<\/strong>\u00a0(0212) 334 73 18<\/p>\n<p>&nbsp;<\/p>\n<p><a href=\"http:\/\/www.listemis.com\/wp-content\/uploads\/2012\/03\/akbank-sanat.jpg\"><img loading=\"lazy\" decoding=\"async\" title=\"akbank sanat\" src=\"http:\/\/www.listemis.com\/wp-content\/uploads\/2012\/03\/akbank-sanat-300x228.jpg\" alt=\"\" width=\"270\" height=\"205\" \/><\/a>\u00a0<a href=\"http:\/\/www.listemis.com\/wp-content\/uploads\/2012\/03\/akbank.jpg\"><img loading=\"lazy\" decoding=\"async\" title=\"akbank\" src=\"http:\/\/www.listemis.com\/wp-content\/uploads\/2012\/03\/akbank-300x218.jpg\" alt=\"\" width=\"287\" height=\"205\" \/><\/a><\/p>\n<p><strong>Akbank Sanat K\u00fct\u00fcphanesi<\/strong><\/p>\n<p>Akbank Sanat\u2019\u0131n d\u00f6rd\u00fcnc\u00fc kat\u0131nda yer alan \u00e7a\u011fda\u015f sanat k\u00fct\u00fcphanesi. Bug\u00fcne kadar yay\u0131mlanm\u0131\u015f olan Akbank Yay\u0131nlar\u0131\u2019n\u0131n yan\u0131 s\u0131ra, sanat tarihi, sinema, tiyatro, resim, foto\u011fraf, mimari, m\u00fczik, sosyoloji, felsefe gibi alanlarda referans niteli\u011fi ta\u015f\u0131yan yerli ve yabanc\u0131 kitaplar yer al\u0131yor. Ayr\u0131ca, 2 bine yak\u0131n CD\u2019den olu\u015fan bir ar\u015five sahip. Ba\u015fta klasik m\u00fczik olmak \u00fczere, caz ve film m\u00fcziklerinden \u00f6rneklerin yer ald\u0131\u011f\u0131 M\u00fczik Dinleme Odas\u0131\u2019nda ayn\u0131 anda dokuz ki\u015fi istedi\u011fi CD\u2019yi dinleyebiliyor.<\/p>\n<p>Sal\u0131-cumartesi aras\u0131nda a\u00e7\u0131k.<\/p>\n<p><strong>Adres:<\/strong>\u00a0\u0130stiklal Caddesi, No: 8 Beyo\u011flu<strong>\u00a0<\/strong><\/p>\n<p><strong>Tel:<\/strong>\u00a0(0212) 252 35 00<\/p>\n<p>&nbsp;<\/p>\n<p><a href=\"http:\/\/www.listemis.com\/wp-content\/uploads\/2012\/03\/vitali-hakko.jpg\"><img loading=\"lazy\" decoding=\"async\" title=\"vitali hakko\" src=\"http:\/\/www.listemis.com\/wp-content\/uploads\/2012\/03\/vitali-hakko-300x213.jpg\" alt=\"\" width=\"300\" height=\"213\" \/><\/a>\u00a0<a href=\"http:\/\/www.listemis.com\/wp-content\/uploads\/2012\/03\/vitali-hakko2.jpg\"><img loading=\"lazy\" decoding=\"async\" title=\"vitali hakko k\u00fct\u00fcphane\" src=\"http:\/\/www.listemis.com\/wp-content\/uploads\/2012\/03\/vitali-hakko2-300x238.jpg\" alt=\"\" width=\"270\" height=\"213\" \/><\/a><\/p>\n<p><strong>Vitali Hakko Kreatif End\u00fcstriler K\u00fct\u00fcphanesi<\/strong><\/p>\n<p>Moda, mimari, resim, foto\u011fraf, heykel, sinema ve grafik tasar\u0131mla ilgili kaynaklar yer al\u0131yor. Sanat kitaplar\u0131 a\u011f\u0131rl\u0131kl\u0131. K\u00fct\u00fcphanedeki bilgisayarlardan\u00a0<a href=\"http:\/\/kutuphane.vakko.com.tr\/\" target=\"_blank\">arama<\/a>\u00a0yapmak m\u00fcmk\u00fcn. K\u00fct\u00fcphanenin i\u00e7inde bulundu\u011fu bina (Vakko Moda Merkezi) Wallpaper dergisi taraf\u0131ndan 2011\u2019in En \u0130yi \u00c7al\u0131\u015fma Alan\u0131 se\u00e7ilmi\u015fti. K\u0131sacas\u0131 \u00e7al\u0131\u015fmas\u0131 olduk\u00e7a zevkli bir mekan.<\/p>\n<p>Pazartesi-cuma aras\u0131 aray\u0131p randevu alarak gitmek gerekiyor.<\/p>\n<p><strong>Adres:<\/strong>\u00a0Ku\u015fbak\u0131\u015f\u0131 Caddesi, No: 35 Nakka\u015ftepe<\/p>\n<p><strong>Tel:<\/strong>(0216) 554 08 54<\/p>\n<p>&nbsp;<\/p>\n<p><a href=\"http:\/\/www.listemis.com\/wp-content\/uploads\/2012\/03\/ckm1.jpg\"><img loading=\"lazy\" decoding=\"async\" title=\"ckm k\u00fct\u00fcphane\" src=\"http:\/\/www.listemis.com\/wp-content\/uploads\/2012\/03\/ckm1.jpg\" alt=\"\" width=\"265\" height=\"164\" \/><\/a><a href=\"http:\/\/www.listemis.com\/wp-content\/uploads\/2012\/03\/ckm2.jpg\">\u00a0<img loading=\"lazy\" decoding=\"async\" title=\"ckm\" src=\"http:\/\/www.listemis.com\/wp-content\/uploads\/2012\/03\/ckm2.jpg\" alt=\"\" width=\"220\" height=\"164\" \/><\/a><\/p>\n<p><strong>Caddebostan Butik Sanat K\u00fct\u00fcphanesi<\/strong><\/p>\n<p>Kad\u0131k\u00f6y Belediyesi\u2019nin Caddebostan K\u00fclt\u00fcr Merkezi i\u00e7inde a\u00e7t\u0131\u011f\u0131 k\u00fct\u00fcphanede, resim, heykel, sanat tarihi, foto\u011fraf, geleneksel T\u00fcrk sanatlar\u0131 a\u011f\u0131rl\u0131kl\u0131 yay\u0131nlar yer al\u0131yor. A\u00e7\u0131k raf sistemiyle \u00e7al\u0131\u015f\u0131yor. \u00c7ok modern bir ortam\u0131 oldu\u011fu s\u00f6ylenemez ama rahatl\u0131kla oturup okuyabilece\u011finiz yumu\u015fak koltuklar\u0131 var.<\/p>\n<p>Pazartesi hari\u00e7 her g\u00fcn a\u00e7\u0131k.<\/p>\n<p><strong>Adres:<\/strong>Ba\u011fdat Caddesi, Haldun Taner Sokak, No: 11 Caddebostan<\/p>\n<p><strong>Tel:<\/strong>\u00a0(0216) 467 36 00<\/p>\n<p>&nbsp;<\/p>\n<p>Kaynak:\u00a0http:\/\/www.listemis.com<\/p>\n","protected":false},"excerpt":{"rendered":"<p>\u0130nsana \u00e7al\u0131\u015fma iste\u011fe veren, sanat a\u011f\u0131rl\u0131kl\u0131 kaynaklar bulunan 5 k\u00fct\u00fcphaneyi s\u0131ralayal\u0131m:\u00a0\u2192\u00a0SALT Ara\u015ft\u0131rma\u00a0\u2192\u00a0\u0130stanbul Modern K\u00fct\u00fcphane\u00a0\u2192\u00a0Akbank Sanat K\u00fct\u00fcphanesi\u00a0\u2192\u00a0Vitali Hakko Kreatif End\u00fcstriler K\u00fct\u00fcphanesi\u00a0\u2192Caddebostan Butik Sanat K\u00fct\u00fcphanesi<\/p>\n","protected":false},"author":129,"featured_media":0,"comment_status":"open","ping_status":"open","sticky":false,"template":"","format":"standard","meta":{"footnotes":""},"categories":[1],"tags":[811,812,813,814,1436,815,861],"class_list":["post-18006","post","type-post","status-publish","format-standard","hentry","category-genel","tag-akbank-sanat-kutuphanesi","tag-caddebostan-butik-sanat-kutuphanesi","tag-istanbul-modern-kutuphane","tag-kutuphane","tag-kutuphaneler","tag-salt-arastirma","tag-sanat-kutuphaneleri"],"_links":{"self":[{"href":"https:\/\/www.bbyhaber.com\/bby\/wp-json\/wp\/v2\/posts\/18006"}],"collection":[{"href":"https:\/\/www.bbyhaber.com\/bby\/wp-json\/wp\/v2\/posts"}],"about":[{"href":"https:\/\/www.bbyhaber.com\/bby\/wp-json\/wp\/v2\/types\/post"}],"author":[{"embeddable":true,"href":"https:\/\/www.bbyhaber.com\/bby\/wp-json\/wp\/v2\/users\/129"}],"replies":[{"embeddable":true,"href":"https:\/\/www.bbyhaber.com\/bby\/wp-json\/wp\/v2\/comments?post=18006"}],"version-history":[{"count":0,"href":"https:\/\/www.bbyhaber.com\/bby\/wp-json\/wp\/v2\/posts\/18006\/revisions"}],"wp:attachment":[{"href":"https:\/\/www.bbyhaber.com\/bby\/wp-json\/wp\/v2\/media?parent=18006"}],"wp:term":[{"taxonomy":"category","embeddable":true,"href":"https:\/\/www.bbyhaber.com\/bby\/wp-json\/wp\/v2\/categories?post=18006"},{"taxonomy":"post_tag","embeddable":true,"href":"https:\/\/www.bbyhaber.com\/bby\/wp-json\/wp\/v2\/tags?post=18006"}],"curies":[{"name":"wp","href":"https:\/\/api.w.org\/{rel}","templated":true}]}}