{"id":17979,"date":"2015-12-12T10:51:24","date_gmt":"2015-12-12T07:51:24","guid":{"rendered":"http:\/\/www.bbyhaber.com\/bby\/?p=17979"},"modified":"2018-08-13T16:10:11","modified_gmt":"2018-08-13T13:10:11","slug":"carsamba-konferanslari-dizisi-3-prof-dr-osman-ersoyu-konusuyoruz","status":"publish","type":"post","link":"https:\/\/www.bbyhaber.com\/bby\/2015\/12\/12\/carsamba-konferanslari-dizisi-3-prof-dr-osman-ersoyu-konusuyoruz","title":{"rendered":"\u00c7ar\u015famba Konferanslar\u0131 Dizisi 3: Prof. Dr. Osman Ersoy&#8217;u Konu\u015fuyoruz"},"content":{"rendered":"<p style=\"text-align: justify;\"><a href=\"http:\/\/www.bby.hacettepe.edu.tr\/bilgibelge\/image\/\/16Aralik2015_konferans3_web.png\"><img loading=\"lazy\" decoding=\"async\" class=\"alignleft\" src=\"http:\/\/www.bby.hacettepe.edu.tr\/bilgibelge\/image\/\/16Aralik2015_konferans3_web.png\" alt=\"\" width=\"165\" height=\"200\" \/><\/a>BBY \u00c7ar\u015famba Konferanslar\u0131 Dizisinin bu d\u00f6nemki \u00fc\u00e7\u00fcnc\u00fc etkinli\u011fi <strong>16 Aral\u0131k 2015 \u00c7ar\u015famba<\/strong> g\u00fcn\u00fc Ankara \u00dcniversitesi Dil ve Tarih Co\u011frafya Fak\u00fcltesi, Bilgi ve Belge Y\u00f6netimi B\u00f6l\u00fcm\u00fc emekli \u00f6\u011fretim \u00fcyelerinden Prof. Dr. \u00d6zer Soysal\u2019\u0131n &#8220;Prof. Dr. Osman Ersoy&#8217;u Konu\u015fuyoruz\u201d ba\u015fl\u0131kl\u0131 konu\u015fmas\u0131 ile ger\u00e7ekle\u015ftirilecektir. Etkinlikle ilgili ayr\u0131nt\u0131lar a\u015fa\u011f\u0131dad\u0131r.<!--more--><\/p>\n<p style=\"text-align: justify;\">Konu\u015fma Ba\u015fl\u0131\u011f\u0131: Osman Ersoy&#8217;u Konu\u015fuyoruz<br \/>\nKonu\u015fmac\u0131: Prof. Dr. \u00d6zer Soysal<br \/>\nTarih: 16 Aral\u0131k 2015<br \/>\nSaat: 15.00<br \/>\nYer: Prof. Dr. Tu\u011frul \u0130nal Konferans Salonu<\/p>\n<p style=\"text-align: justify;\"><a href=\"https:\/\/www.youtube.com\/channel\/UCPE6gt-6xoYQidYRvbzGd0w\" target=\"_blank\"><span style=\"color: #0000ff;\"><strong>Ge\u00e7mi\u015fte yap\u0131lan etkinliklere ait videolar\u0131 izlemek i\u00e7in t\u0131klay\u0131n\u0131z<\/strong><\/span><\/a><\/p>\n","protected":false},"excerpt":{"rendered":"<p>BBY \u00c7ar\u015famba Konferanslar\u0131 Dizisinin bu d\u00f6nemki \u00fc\u00e7\u00fcnc\u00fc etkinli\u011fi 16 Aral\u0131k 2015 \u00c7ar\u015famba g\u00fcn\u00fc Ankara \u00dcniversitesi Dil ve Tarih Co\u011frafya Fak\u00fcltesi, Bilgi ve Belge Y\u00f6netimi B\u00f6l\u00fcm\u00fc emekli \u00f6\u011fretim \u00fcyelerinden Prof. Dr. \u00d6zer Soysal\u2019\u0131n &#8220;Prof. Dr. Osman Ersoy&#8217;u Konu\u015fuyoruz\u201d ba\u015fl\u0131kl\u0131 konu\u015fmas\u0131 ile ger\u00e7ekle\u015ftirilecektir. Etkinlikle ilgili ayr\u0131nt\u0131lar a\u015fa\u011f\u0131dad\u0131r.<\/p>\n","protected":false},"author":1,"featured_media":0,"comment_status":"open","ping_status":"open","sticky":false,"template":"","format":"standard","meta":{"footnotes":""},"categories":[1488,1489,1490],"tags":[860],"class_list":["post-17979","post","type-post","status-publish","format-standard","hentry","category-hacettepe-bby","category-hacettepe-universitesi-bby-bilgi-toplulugu","category-hacettepe-universitesi-bilgi-ve-belge-yonetimi-bolumu","tag-kariyer-gunleri"],"_links":{"self":[{"href":"https:\/\/www.bbyhaber.com\/bby\/wp-json\/wp\/v2\/posts\/17979"}],"collection":[{"href":"https:\/\/www.bbyhaber.com\/bby\/wp-json\/wp\/v2\/posts"}],"about":[{"href":"https:\/\/www.bbyhaber.com\/bby\/wp-json\/wp\/v2\/types\/post"}],"author":[{"embeddable":true,"href":"https:\/\/www.bbyhaber.com\/bby\/wp-json\/wp\/v2\/users\/1"}],"replies":[{"embeddable":true,"href":"https:\/\/www.bbyhaber.com\/bby\/wp-json\/wp\/v2\/comments?post=17979"}],"version-history":[{"count":1,"href":"https:\/\/www.bbyhaber.com\/bby\/wp-json\/wp\/v2\/posts\/17979\/revisions"}],"predecessor-version":[{"id":22819,"href":"https:\/\/www.bbyhaber.com\/bby\/wp-json\/wp\/v2\/posts\/17979\/revisions\/22819"}],"wp:attachment":[{"href":"https:\/\/www.bbyhaber.com\/bby\/wp-json\/wp\/v2\/media?parent=17979"}],"wp:term":[{"taxonomy":"category","embeddable":true,"href":"https:\/\/www.bbyhaber.com\/bby\/wp-json\/wp\/v2\/categories?post=17979"},{"taxonomy":"post_tag","embeddable":true,"href":"https:\/\/www.bbyhaber.com\/bby\/wp-json\/wp\/v2\/tags?post=17979"}],"curies":[{"name":"wp","href":"https:\/\/api.w.org\/{rel}","templated":true}]}}