{"id":17970,"date":"2015-12-12T10:33:50","date_gmt":"2015-12-12T08:33:50","guid":{"rendered":"http:\/\/www.bbyhaber.com\/bby\/?p=17970"},"modified":"2019-02-19T13:16:27","modified_gmt":"2019-02-19T10:16:27","slug":"cin%e2%80%99e-ankara-universitesi-e-beyas-tanitildi","status":"publish","type":"post","link":"https:\/\/www.bbyhaber.com\/bby\/2015\/12\/12\/cin%e2%80%99e-ankara-universitesi-e-beyas-tanitildi","title":{"rendered":"\u00c7in\u2019e &#8220;Ankara \u00dcniversitesi e-BEYAS&#8221; tan\u0131t\u0131ld\u0131"},"content":{"rendered":"<p style=\"text-align: justify;\"><img loading=\"lazy\" decoding=\"async\" class=\"alignleft\" src=\"http:\/\/www.businessankara.com\/wp-content\/uploads\/2015\/12\/ankara-universitesi-cin.jpg\" alt=\"\" width=\"287\" height=\"145\" \/>Ankara \u00dcniversitesi e-BEYAS (Elektronik Belge Y\u00f6netimi ve Ar\u015fivleme Sistemi) ve BEYAS (Belge Y\u00f6netimi ve Ar\u015fiv Sistemi) \u00e7al\u0131\u015fmalar\u0131 \u00c7in\u2019de d\u00fczenlenen 6. Uluslararas\u0131 De\u011fi\u015fen D\u00fcnyada Bilgi Y\u00f6netimi Sempozyumu\u2019nda tan\u0131t\u0131ld\u0131. BEYAS Koordinat\u00f6rl\u00fc\u011f\u00fc\u2019nde g\u00f6revli <span style=\"color: #0000ff;\"><a href=\"http:\/\/fahrettinozdemirci.com.tr\/\" target=\"_blank\" rel=\"noopener\"><span style=\"color: #0000ff;\">Prof. Dr. Fahrettin \u00d6zdemirci<\/span><\/a><\/span>, <span style=\"color: #0000ff;\"><a href=\"http:\/\/www.bby.hacettepe.edu.tr\/akademik\/ozgurkulcu\/\" target=\"_blank\" rel=\"noopener\"><span style=\"color: #0000ff;\">Prof. Dr. \u00d6zg\u00fcr K\u00fclc\u00fc<\/span><\/a><\/span> ve Uzman Zeynep Akdo\u011fan\u2019\u0131n birlikte haz\u0131rlad\u0131\u011f\u0131 \u201cElektronik Belge Y\u00f6netimi ve Ar\u015fivleme Sistemlerinin \u00dcniversitelerde Kurumsalla\u015ft\u0131rma S\u00fcreci: Ankara \u00dcniversitesi e-BEYAS Uygulamas\u0131\u201d ba\u015fl\u0131kl\u0131 bildiri, \u00c7in\u2019in Guangzhou Sun Yat-Sen \u00dcniversitesi\u2019nde d\u00fczenlenen sempozyumda sunuldu.<!--more--><\/p>\n<p style=\"text-align: justify;\"><strong>\u00d6ZEL YAPI ANLATILDI<\/strong><\/p>\n<p style=\"text-align: justify;\">Bildiride, Ankara \u00dcniversitesi e-BEYAS uygulamas\u0131n\u0131n yap\u0131s\u0131, elektronik imzan\u0131n \u00f6nemi ve kullan\u0131m\u0131 ve e-devlet uygulamalar\u0131n\u0131n elektronik belge y\u00f6netim sistemleri ile entegrasyonu anlat\u0131ld\u0131. BEYAS Koordinat\u00f6rl\u00fc\u011f\u00fc ar\u015fiv binas\u0131n\u0131n \u00f6zellikleri, e-BEYAS uygulamas\u0131n\u0131n teknik alt yap\u0131s\u0131, Ankara \u00dcniversitesi\u2019nin tasnif \u00e7al\u0131\u015fmalar\u0131, dijitalle\u015ftirme ve elektronik ar\u015fiv uygulamalar\u0131 da sempozyumda tan\u0131t\u0131lan dikkat \u00e7ekici ba\u015fl\u0131klar olarak \u00f6ne \u00e7\u0131kt\u0131.<\/p>\n<p style=\"text-align: justify;\"><strong>ANKARA \u00dcN\u0130VERS\u0130TES\u0130 GER\u00c7EKLE\u015eT\u0130RD\u0130<\/strong><\/p>\n<p style=\"text-align: justify;\">2007-2009 y\u0131llar\u0131 aras\u0131nda y\u00fcr\u00fct\u00fclen \u00e7al\u0131\u015fmalarla \u201cBEYAS\u201d, 2011\u2019de ba\u015flat\u0131lan ve halen devam eden \u00e7al\u0131\u015fmalarla ise \u201ce-BEYAS\u201d modelleri, Prof. Dr. Fahrettin \u00d6zdemirci taraf\u0131ndan geli\u015ftirildi. Ankara \u00dcniversitesi\u2019nde alan \u00e7al\u0131\u015fmas\u0131 yap\u0131larak geli\u015ftirilen ve BEYAS ad\u0131 alt\u0131nda olu\u015fturulan model, Ankara \u00dcniversitesi\u2019nde ba\u015far\u0131 ile uygulanarak kabul g\u00f6rd\u00fc. Y\u00fcksek \u00d6\u011fretim Kurulu (Y\u00d6K) de t\u00fcm \u00fcniversitelere BEYAS Modelini i\u00e7eren kitap g\u00f6nderdi.<\/p>\n<p style=\"text-align: justify;\"><strong>ULUSLARARASI B\u0130LD\u0130R\u0130 OLDU<\/strong><\/p>\n<p style=\"text-align: justify;\">BEYAS ve e-BEYAS Modelleri bir\u00e7ok ulusal ve uluslararas\u0131 bilimsel toplant\u0131larda bildiri olarak sunuldu. Bu \u00e7er\u00e7evede BEYAS ve e-BEYAS Modelleri 3 yurti\u00e7i, 4 yurtd\u0131\u015f\u0131 bildiri; iki kitap ve iki yurtd\u0131\u015f\u0131 makale ile bilimsel platformlarda yer al\u0131p kabul g\u00f6rd\u00fc.<\/p>\n<p style=\"text-align: justify;\">Kaynak: http:\/\/www.businessankara.com\/<\/p>\n","protected":false},"excerpt":{"rendered":"<p>Ankara \u00dcniversitesi e-BEYAS (Elektronik Belge Y\u00f6netimi ve Ar\u015fivleme Sistemi) ve BEYAS (Belge Y\u00f6netimi ve Ar\u015fiv Sistemi) \u00e7al\u0131\u015fmalar\u0131 \u00c7in\u2019de d\u00fczenlenen 6. Uluslararas\u0131 De\u011fi\u015fen D\u00fcnyada Bilgi Y\u00f6netimi Sempozyumu\u2019nda tan\u0131t\u0131ld\u0131. BEYAS Koordinat\u00f6rl\u00fc\u011f\u00fc\u2019nde g\u00f6revli Prof. Dr. Fahrettin \u00d6zdemirci, Prof. Dr. \u00d6zg\u00fcr K\u00fclc\u00fc ve Uzman Zeynep Akdo\u011fan\u2019\u0131n birlikte haz\u0131rlad\u0131\u011f\u0131 \u201cElektronik Belge Y\u00f6netimi ve Ar\u015fivleme Sistemlerinin \u00dcniversitelerde Kurumsalla\u015ft\u0131rma S\u00fcreci: Ankara \u00dcniversitesi [&hellip;]<\/p>\n","protected":false},"author":1,"featured_media":0,"comment_status":"open","ping_status":"open","sticky":false,"template":"","format":"standard","meta":{"footnotes":""},"categories":[1483,1],"tags":[1096,1412,466],"class_list":["post-17970","post","type-post","status-publish","format-standard","hentry","category-elektronik-belge-yonetim-sistemi","category-genel","tag-arsivcilik","tag-belge-yonetimi","tag-beyas"],"_links":{"self":[{"href":"https:\/\/www.bbyhaber.com\/bby\/wp-json\/wp\/v2\/posts\/17970"}],"collection":[{"href":"https:\/\/www.bbyhaber.com\/bby\/wp-json\/wp\/v2\/posts"}],"about":[{"href":"https:\/\/www.bbyhaber.com\/bby\/wp-json\/wp\/v2\/types\/post"}],"author":[{"embeddable":true,"href":"https:\/\/www.bbyhaber.com\/bby\/wp-json\/wp\/v2\/users\/1"}],"replies":[{"embeddable":true,"href":"https:\/\/www.bbyhaber.com\/bby\/wp-json\/wp\/v2\/comments?post=17970"}],"version-history":[{"count":1,"href":"https:\/\/www.bbyhaber.com\/bby\/wp-json\/wp\/v2\/posts\/17970\/revisions"}],"predecessor-version":[{"id":26110,"href":"https:\/\/www.bbyhaber.com\/bby\/wp-json\/wp\/v2\/posts\/17970\/revisions\/26110"}],"wp:attachment":[{"href":"https:\/\/www.bbyhaber.com\/bby\/wp-json\/wp\/v2\/media?parent=17970"}],"wp:term":[{"taxonomy":"category","embeddable":true,"href":"https:\/\/www.bbyhaber.com\/bby\/wp-json\/wp\/v2\/categories?post=17970"},{"taxonomy":"post_tag","embeddable":true,"href":"https:\/\/www.bbyhaber.com\/bby\/wp-json\/wp\/v2\/tags?post=17970"}],"curies":[{"name":"wp","href":"https:\/\/api.w.org\/{rel}","templated":true}]}}