{"id":17966,"date":"2015-12-11T20:06:09","date_gmt":"2015-12-11T18:06:09","guid":{"rendered":"http:\/\/www.bbyhaber.com\/bby\/?p=17966"},"modified":"2015-12-11T20:46:27","modified_gmt":"2015-12-11T18:46:27","slug":"milli-arsiv-kanunu-hukumetin-eylem-planinda","status":"publish","type":"post","link":"https:\/\/www.bbyhaber.com\/bby\/2015\/12\/11\/milli-arsiv-kanunu-hukumetin-eylem-planinda","title":{"rendered":"Milli Ar\u015fiv Kanunu, H\u00fck\u00fcmetin Eylem Plan\u0131nda"},"content":{"rendered":"<p><img loading=\"lazy\" decoding=\"async\" class=\"alignleft\" src=\"http:\/\/buromemursen.org.tr\/resimler\/urunler\/4303.jpg\" alt=\"\" width=\"252\" height=\"143\" \/><\/p>\n<p style=\"text-align: justify;\">Genel yetkili sendika B\u00fcro Memur-Sen\u2019in kamu g\u00f6revlilerinin haklar\u0131 i\u00e7in verdi\u011fi m\u00fccadele kazan\u0131mlara d\u00f6n\u00fc\u015fmeye devam ediyor. Devlet Ar\u015fivleri Genel M\u00fcd\u00fcrl\u00fc\u011f\u00fc\u2019n\u00fcn te\u015fkilat yap\u0131s\u0131n\u0131n olu\u015fturulmas\u0131 i\u00e7in Milli Ar\u015fiv Kanunu\u2019nun \u00e7\u0131kar\u0131lmas\u0131 gerekti\u011fini her f\u0131rsatta g\u00fcndeme getiren ve bu talebini toplu s\u00f6zle\u015fmeye de ta\u015f\u0131yan B\u00fcro Memur-Sen\u2019in m\u00fccadelesi sonuca ula\u015ft\u0131. Milli Ar\u015fiv Kanunu\u2019nun \u00e7\u0131kar\u0131lmas\u0131, Ba\u015fbakan Ahmet Davuto\u011flu taraf\u0131ndan a\u00e7\u0131klanan 64. H\u00fck\u00fcmet Eylem Plan\u0131&#8217;nda yer ald\u0131. Eylem plan\u0131na g\u00f6re 1 y\u0131l i\u00e7erisinde Milli Ar\u015fiv Kanunu \u00e7\u0131kar\u0131lacak.<!--more--> Eylem plan\u0131nda \u201c1 y\u0131l i\u00e7erisinde \u00e7\u0131kar\u0131lacak Milli Ar\u015fiv Kanunu ile T\u00fcrkiye\u2019de ar\u015fivlerin daha a\u00e7\u0131k ve h\u0131zl\u0131 bir \u015fekilde hizmete sunulmas\u0131 sa\u011flanacak, resmi ve \u00f6zel ar\u015fiv potansiyeli d\u00fczenli ve etkili bir bi\u00e7imde y\u00f6netilecektir\u201d denildi.<\/p>\n<p>S\u00f6z konusu eylem plan\u0131na a\u015fa\u011f\u0131daki ba\u011flant\u0131dan eri\u015febilirsiniz. <a href=\"http:\/\/www.basbakanlik.gov.tr\/docs\/KurumsalHaberler\/64.hukumet-eylem-plani-kitap.pdf\" target=\"_blank\">http:\/\/www.basbakanlik.gov.tr\/docs\/KurumsalHaberler\/64.hukumet-eylem-plani-kitap.pdf<\/a><\/p>\n<p>Kaynak:\u00a0http:\/\/buromemursen.org.tr\/haber\/milli-arsiv-kanunu-hukumetin-eylem-planinda-3737<\/p>\n","protected":false},"excerpt":{"rendered":"<p>Genel yetkili sendika B\u00fcro Memur-Sen\u2019in kamu g\u00f6revlilerinin haklar\u0131 i\u00e7in verdi\u011fi m\u00fccadele kazan\u0131mlara d\u00f6n\u00fc\u015fmeye devam ediyor. Devlet Ar\u015fivleri Genel M\u00fcd\u00fcrl\u00fc\u011f\u00fc\u2019n\u00fcn te\u015fkilat yap\u0131s\u0131n\u0131n olu\u015fturulmas\u0131 i\u00e7in Milli Ar\u015fiv Kanunu\u2019nun \u00e7\u0131kar\u0131lmas\u0131 gerekti\u011fini her f\u0131rsatta g\u00fcndeme getiren ve bu talebini toplu s\u00f6zle\u015fmeye de ta\u015f\u0131yan B\u00fcro Memur-Sen\u2019in m\u00fccadelesi sonuca ula\u015ft\u0131. Milli Ar\u015fiv Kanunu\u2019nun \u00e7\u0131kar\u0131lmas\u0131, Ba\u015fbakan Ahmet Davuto\u011flu taraf\u0131ndan a\u00e7\u0131klanan 64. H\u00fck\u00fcmet [&hellip;]<\/p>\n","protected":false},"author":129,"featured_media":0,"comment_status":"open","ping_status":"open","sticky":false,"template":"","format":"standard","meta":{"footnotes":""},"categories":[1],"tags":[808,1096,807],"class_list":["post-17966","post","type-post","status-publish","format-standard","hentry","category-genel","tag-arsiv-kanunu","tag-arsivcilik","tag-milli-arsiv-kanunu"],"_links":{"self":[{"href":"https:\/\/www.bbyhaber.com\/bby\/wp-json\/wp\/v2\/posts\/17966"}],"collection":[{"href":"https:\/\/www.bbyhaber.com\/bby\/wp-json\/wp\/v2\/posts"}],"about":[{"href":"https:\/\/www.bbyhaber.com\/bby\/wp-json\/wp\/v2\/types\/post"}],"author":[{"embeddable":true,"href":"https:\/\/www.bbyhaber.com\/bby\/wp-json\/wp\/v2\/users\/129"}],"replies":[{"embeddable":true,"href":"https:\/\/www.bbyhaber.com\/bby\/wp-json\/wp\/v2\/comments?post=17966"}],"version-history":[{"count":0,"href":"https:\/\/www.bbyhaber.com\/bby\/wp-json\/wp\/v2\/posts\/17966\/revisions"}],"wp:attachment":[{"href":"https:\/\/www.bbyhaber.com\/bby\/wp-json\/wp\/v2\/media?parent=17966"}],"wp:term":[{"taxonomy":"category","embeddable":true,"href":"https:\/\/www.bbyhaber.com\/bby\/wp-json\/wp\/v2\/categories?post=17966"},{"taxonomy":"post_tag","embeddable":true,"href":"https:\/\/www.bbyhaber.com\/bby\/wp-json\/wp\/v2\/tags?post=17966"}],"curies":[{"name":"wp","href":"https:\/\/api.w.org\/{rel}","templated":true}]}}